{"id":48935,"date":"2022-09-24T23:35:08","date_gmt":"2022-09-24T23:35:08","guid":{"rendered":"https:\/\/www.ole.com.ar\/river-plate\/javier-pinola-river-derrota-talleres_0_OYSn8JqaB2.html"},"modified":"2022-09-24T23:35:08","modified_gmt":"2022-09-24T23:35:08","slug":"pinola-hay-que-levantar-la-cabeza-y-dar-la-cara","status":"publish","type":"post","link":"http:\/\/hoycordobaweb.com\/index.php\/2022\/09\/24\/pinola-hay-que-levantar-la-cabeza-y-dar-la-cara\/","title":{"rendered":"Pinola: \u00abHay que levantar la cabeza y dar la cara\u00bb"},"content":{"rendered":"<p><img src=\"http:\/\/hoycordobaweb.com\/wp-content\/uploads\/2022\/09\/pinola-hay-que-levantar-la-cabeza-y-dar-la-cara.jpg\"><\/p>\n<p>El de <strong><a alt=\"talleres-de-cordoba\" class=\"slug\" href=\"https:\/\/www.ole.com.ar\/tema\/talleres-de-cordoba.html\" target=\"_blank\" title=\"talleres-de-cordoba\" rel=\"noopener noreferrer\">Talleres<\/a><\/strong> fue un golpe <strong><a alt=\"estadio-monumental\" class=\"slug\" href=\"https:\/\/www.ole.com.ar\/tema\/estadio-monumental.html\" target=\"_blank\" title=\"estadio-monumental\" rel=\"noopener noreferrer\">Monumental<\/a><\/strong>. Directamente al ment\u00f3n de un<strong><a alt=\"river-plate\" class=\"slug\" href=\"https:\/\/www.ole.com.ar\/tema\/river-plate.html\" target=\"_blank\" title=\"river-plate\" rel=\"noopener noreferrer\"> River <\/a><\/strong>que ven\u00eda envalentonado por el triunfo ante San Lorenzo y que nuevamente volvi\u00f3 a caer a la lona. Aunque el punto tambi\u00e9n le hubiese servido de poco, <strong>la corrida de Ortegoza y gol ag\u00f3nico sobre la hora<\/strong> dejaron al equipo de <strong><a alt=\"marcelo-gallardo\" class=\"slug\" href=\"https:\/\/www.ole.com.ar\/tema\/marcelo-gallardo.html\" target=\"_blank\" title=\"marcelo-gallardo\" rel=\"noopener noreferrer\">Gallardo<\/a><\/strong> afuera de la lucha por el t\u00edtulo. Porque a la hora de los n\u00fameros, la calculadora no transmite optimismo y<strong><a alt=\"javier-pinola\" class=\"slug\" href=\"https:\/\/www.ole.com.ar\/tema\/javier-pinola.html\" target=\"_blank\" title=\"javier-pinola\" rel=\"noopener noreferrer\"> Javier Pinola <\/a><\/strong>lo sabe.<\/p>\n<div class=\"sp__SM\">\n<div class=\"content-new \">\n<span class=\"tit-mobile\">Mir\u00e1 tambi\u00e9n<\/span><\/p>\n<div class=\"mg\">\n<div class=\"wrap-figure\">\n<picture>\n<a href=\"https:\/\/www.ole.com.ar\/talleres\/ortegoza-andes-golazo-river_0_RIX59Gye0H.html\" target=\"_self\" rel=\"noopener noreferrer\"><br \/>\n<img class=\"img-responsive\" alt=\"Ortegoza: de libre de Los Andes a su primer gol(azo) en Primera\" src=\"http:\/\/hoycordobaweb.com\/wp-content\/uploads\/2022\/09\/pinola-hay-que-levantar-la-cabeza-y-dar-la-cara-2.jpg\" loading=\"lazy\"><br \/>\n<\/a>\n<\/picture>\n<\/div>\n<\/div><\/div>\n<\/div>\n<p><strong>\u00abPor como se dieron algunos resultados, l\u00f3gicamente que qued\u00e1s medio alejado, pero River te obliga a pelear hasta el final aunque no te den las cuentas\u00bb,<\/strong> asegur\u00f3 el capit\u00e1n, consciente de que el equipo qued\u00f3 a siete de Boca, pero podr\u00eda terminar la fecha a nueve de la cima si Atl\u00e9tico Tucum\u00e1n le gana a Estudiantes.<strong> \u00abHay que levantar la cabeza y seguir trabajando. Tenemos que seguir como veninos en lo que respecta al trabajo y a partir de eso sumar confianza\u00bb<\/strong>, agreg\u00f3.<\/p>\n<div class=\"sp__SM\">\n<div class=\"content-new \">\n<span class=\"tit-mobile\">Mir\u00e1 tambi\u00e9n<\/span><\/p>\n<div class=\"mg\">\n<div class=\"wrap-figure\">\n<picture>\n<a href=\"https:\/\/www.ole.com.ar\/futbol-primera\/video-patada-borja-roja_0_t9HMtFQ1DU.html\" target=\"_self\" rel=\"noopener noreferrer\"><br \/>\n<img class=\"img-responsive\" alt=\"Video: \u00bfla patada de Borja era para roja?\" src=\"http:\/\/hoycordobaweb.com\/wp-content\/uploads\/2022\/09\/pinola-hay-que-levantar-la-cabeza-y-dar-la-cara-3.jpg\" loading=\"lazy\"><br \/>\n<\/a>\n<\/picture>\n<\/div>\n<\/div><\/div>\n<\/div>\n<div class=\"sp__Normal\">\n<div class=\"image-embeb image-trigger\" readability=\"6\">\n<picture><source media=\"(min-width: 720px)\" srcset=\"http:\/\/hoycordobaweb.com\/wp-content\/uploads\/2022\/09\/pinola-hay-que-levantar-la-cabeza-y-dar-la-cara-4.jpg\"><img itemprop=\"image\" src=\"http:\/\/hoycordobaweb.com\/wp-content\/uploads\/2022\/09\/pinola-hay-que-levantar-la-cabeza-y-dar-la-cara-4.jpg\" loading=\"lazy\" alt=\"Dura derrota de River. Fotobaires.\">\n<\/picture><figcaption readability=\"2\">\n<p>Dura derrota de River. Fotobaires.\n<\/p>\n<\/figcaption><\/div>\n<\/div>\n<p>Teniendo en cuenta los antecedentes de este River, que sin ir muy lejos cerr\u00f3 el 2021 con dos t\u00edtulos, el central remarc\u00f3 que <strong>\u00abno es momento, la situaci\u00f3n y la posici\u00f3n que esper\u00e1bamos\u00bb. <\/strong>Sin embargo, con el objetivo de clasificar a la <strong><a alt=\"copa-libertadores\" class=\"slug\" href=\"https:\/\/www.ole.com.ar\/tema\/copa-libertadores.html\" target=\"_blank\" title=\"copa-libertadores\" rel=\"noopener noreferrer\">Copa Libertadores<\/a><\/strong> por la tabla anual y con el choque ante Patronato por los cuartos de la<strong><a alt=\"copa-argentina\" class=\"slug\" href=\"https:\/\/www.ole.com.ar\/tema\/copa-argentina.html\" target=\"_blank\" title=\"copa-argentina\" rel=\"noopener noreferrer\"> Copa Argentina <\/a><\/strong>a vuelta de la esquina (mi\u00e9rcoles a las 19, en La Rioja), el defensor dijo que <strong>\u00abes lo que estamos enfrentando y hay que dar la cara\u00bb.<\/strong><\/p>\n<div class=\"sp__SM\">\n<div class=\"content-new \">\n<span class=\"tit-mobile\">Mir\u00e1 tambi\u00e9n<\/span><\/p>\n<div class=\"mg\">\n<div class=\"wrap-figure\">\n<picture>\n<a href=\"https:\/\/www.ole.com.ar\/river-plate\/river-amarilla-talleres-martinez-centuri_0_zVlNRG0OW0.html\" target=\"_self\" rel=\"noopener noreferrer\"><br \/>\n<img class=\"img-responsive\" alt=\"Los tres minutos calientes en N\u00fa\u00f1ez: reclamo, amarilla y casi gol de Talleres\" src=\"http:\/\/hoycordobaweb.com\/wp-content\/uploads\/2022\/09\/pinola-hay-que-levantar-la-cabeza-y-dar-la-cara-5.jpg\" loading=\"lazy\"><br \/>\n<\/a>\n<\/picture>\n<\/div>\n<\/div><\/div>\n<\/div>\n<div class=\"sp__Normal\">\n<div class=\"image-embeb image-trigger\" readability=\"6\">\n<picture><source media=\"(min-width: 720px)\" srcset=\"http:\/\/hoycordobaweb.com\/wp-content\/uploads\/2022\/09\/pinola-hay-que-levantar-la-cabeza-y-dar-la-cara-6.jpg\"><img itemprop=\"image\" src=\"http:\/\/hoycordobaweb.com\/wp-content\/uploads\/2022\/09\/pinola-hay-que-levantar-la-cabeza-y-dar-la-cara-6.jpg\" loading=\"lazy\" alt=\"la bronca de Gallardo. Foto: Fernando de la Orden.\">\n<\/picture><figcaption readability=\"2\">\n<p>la bronca de Gallardo. Foto: Fernando de la Orden.\n<\/p>\n<\/figcaption><\/div>\n<\/div>\n<p>Con seis partidos por delante (18 puntos en juego) para el cierre del torneo, River dej\u00f3 pasar otra gran chance de meterle presi\u00f3n al Decano, a Gimnasia y a Racing. <strong>\u00abFue un partido parejo, de lucha, de correr, de intentar jugar&#8230; Nos hicieron el gol de contra despu\u00e9s de un tiro libre nuestro y hay cosas a corregir\u00bb<\/strong>, destac\u00f3 Pinola, que fue titular en la zaga junto a Mammana por la ausencia de Paulo D\u00edaz, una de las bajas junto a Armani, De la Cruz, Herrera y Enzo P\u00e9rez.<\/p>\n<div class=\"sp__SM\">\n<div class=\"content-new \">\n<span class=\"tit-mobile\">Mir\u00e1 tambi\u00e9n<\/span> <\/p>\n<div class=\"mg\">\n<div class=\"wrap-figure\">\n<picture>\n<a href=\"https:\/\/www.ole.com.ar\/futbol-primera\/video-ortegoza-river-talleres-liga_0_nAf72nIdRr.html\" target=\"_self\" rel=\"noopener noreferrer\"><br \/>\n<img class=\"img-responsive\" alt=\"Video: Ortegoza y un golazo de arco a arco\" src=\"http:\/\/hoycordobaweb.com\/wp-content\/uploads\/2022\/09\/pinola-hay-que-levantar-la-cabeza-y-dar-la-cara-7.jpg\" loading=\"lazy\"><br \/>\n<\/a>\n<\/picture>\n<\/div>\n<\/div><\/div>\n<\/div>\n<p>Precisamente esas ausencias no le permitieron alcanzar el mejor nivel frente al conjunto de Gandolfi y el sue\u00f1o del bicampeonato en la LPF se empez\u00f3 a convertir en pesadilla. Sin embargo, Pinola, con la mentalidad y el liderazgo de un capit\u00e1n, no va a bajar a los brazos. <strong>\u00abEn este club estamos acostumbrados a pelear hasta el final, est\u00e1s obligados a ganar y hay que entender eso. Eso es lo que tenemos que hacer, jugar partido a partido como si fueran todas finales\u00bb.<\/strong><\/p>\n<div class=\"sp__SM\">\n<div class=\"content-new \">\n<span class=\"tit-mobile\">Mir\u00e1 tambi\u00e9n<\/span><\/p>\n<div class=\"mg\">\n<div class=\"wrap-figure\">\n<picture>\n<a href=\"https:\/\/www.ole.com.ar\/talleres\/cruce-defensores-talleres_0_M8a3jSVGyZ.html\" target=\"_self\" rel=\"noopener noreferrer\"><br \/>\n<img class=\"img-responsive\" alt=\"Picante cruce entre dos defensores de Talleres\" src=\"http:\/\/hoycordobaweb.com\/wp-content\/uploads\/2022\/09\/pinola-hay-que-levantar-la-cabeza-y-dar-la-cara-8.jpg\" loading=\"lazy\"><br \/>\n<\/a>\n<\/picture>\n<\/div>\n<\/div><\/div>\n<\/div>\n<h2><strong>El gol ag\u00f3nico de Talleres<\/strong><br \/><\/h2>\n<div class=\"entry-tags\">\n<h2>TEMAS QUE APARECEN EN ESTA NOTA<\/h2>\n<\/p><\/div>\n","protected":false},"excerpt":{"rendered":"<p>El de Talleres fue un golpe Monumental. Directamente al ment\u00f3n de un River que ven\u00eda envalentonado por el triunfo ante San Lorenzo y que nuevamente volvi\u00f3 a caer a la lona. Aunque el punto tambi\u00e9n le hubiese servido de poco, la corrida de Ortegoza y gol ag\u00f3nico sobre la hora dejaron al equipo de Gallardo [&hellip;]<\/p>\n","protected":false},"author":1,"featured_media":48936,"comment_status":"open","ping_status":"closed","sticky":false,"template":"","format":"standard","meta":[],"categories":[16],"tags":[],"_links":{"self":[{"href":"http:\/\/hoycordobaweb.com\/index.php\/wp-json\/wp\/v2\/posts\/48935"}],"collection":[{"href":"http:\/\/hoycordobaweb.com\/index.php\/wp-json\/wp\/v2\/posts"}],"about":[{"href":"http:\/\/hoycordobaweb.com\/index.php\/wp-json\/wp\/v2\/types\/post"}],"author":[{"embeddable":true,"href":"http:\/\/hoycordobaweb.com\/index.php\/wp-json\/wp\/v2\/users\/1"}],"replies":[{"embeddable":true,"href":"http:\/\/hoycordobaweb.com\/index.php\/wp-json\/wp\/v2\/comments?post=48935"}],"version-history":[{"count":0,"href":"http:\/\/hoycordobaweb.com\/index.php\/wp-json\/wp\/v2\/posts\/48935\/revisions"}],"wp:featuredmedia":[{"embeddable":true,"href":"http:\/\/hoycordobaweb.com\/index.php\/wp-json\/wp\/v2\/media\/48936"}],"wp:attachment":[{"href":"http:\/\/hoycordobaweb.com\/index.php\/wp-json\/wp\/v2\/media?parent=48935"}],"wp:term":[{"taxonomy":"category","embeddable":true,"href":"http:\/\/hoycordobaweb.com\/index.php\/wp-json\/wp\/v2\/categories?post=48935"},{"taxonomy":"post_tag","embeddable":true,"href":"http:\/\/hoycordobaweb.com\/index.php\/wp-json\/wp\/v2\/tags?post=48935"}],"curies":[{"name":"wp","href":"https:\/\/api.w.org\/{rel}","templated":true}]}}