{"id":48929,"date":"2022-09-25T00:20:12","date_gmt":"2022-09-25T00:20:12","guid":{"rendered":"https:\/\/www.ole.com.ar\/futbol-primera\/independiente-newell-s-bandera-perez_0_2ZBmx8LRMQ.html"},"modified":"2022-09-25T00:20:12","modified_gmt":"2022-09-25T00:20:12","slug":"la-bandera-de-apoyo-de-newells-para-pablo-perez","status":"publish","type":"post","link":"http:\/\/hoycordobaweb.com\/index.php\/2022\/09\/25\/la-bandera-de-apoyo-de-newells-para-pablo-perez\/","title":{"rendered":"La bandera de apoyo de Newell&#8217;s para Pablo P\u00e9rez"},"content":{"rendered":"<p><img src=\"http:\/\/hoycordobaweb.com\/wp-content\/uploads\/2022\/09\/la-bandera-de-apoyo-de-newells-para-pablo-perez.jpg\"><\/p>\n<p>Pablo P\u00e9rez, capit\u00e1n y bandera de este Newell&#8217;s que cuenta con muchos j\u00f3venes y un DT interino como Adri\u00e1n Coria (tras la salida de Javier Sanguinetti), no pudo ser de la partida <a data-cke-saved-href=\"https:\/\/www.ole.com.ar\/futbol-primera\/rojo-lepra-fecha-liga-partido-avellaneda_0_sLFqHsM96M.html\" target=\"_blank\" href=\"https:\/\/www.ole.com.ar\/futbol-primera\/rojo-lepra-fecha-liga-partido-avellaneda_0_sLFqHsM96M.html\" rel=\"noopener noreferrer\">en Avellaneda ante Independiente<\/a>,<mark> producto de la p\u00e9rdida familiar sufrida hace unos d\u00edas: el fallecimiento de su pap\u00e1 Carlos.<\/mark> <\/p>\n<div class=\"sp__Normal\">\n<div class=\"image-embeb image-trigger\" readability=\"6\">\n<picture><source media=\"(min-width: 720px)\" srcset=\"http:\/\/hoycordobaweb.com\/wp-content\/uploads\/2022\/09\/la-bandera-de-apoyo-de-newells-para-pablo-perez-2.jpg\"><img itemprop=\"image\" src=\"http:\/\/hoycordobaweb.com\/wp-content\/uploads\/2022\/09\/la-bandera-de-apoyo-de-newells-para-pablo-perez-2.jpg\" loading=\"lazy\" alt=\"Bandera de apoyo para Pablo P\u00e9rez.\">\n<\/picture><figcaption readability=\"2\">\n<p>Bandera de apoyo para Pablo P\u00e9rez.\n<\/p>\n<\/figcaption><\/div>\n<\/div>\n<div class=\"sp__SM\">\n<div class=\"content-new \">\n<span class=\"tit-mobile\">Mir\u00e1 tambi\u00e9n<\/span><\/p>\n<div class=\"mg\">\n<div class=\"wrap-figure\">\n<picture>\n<a href=\"https:\/\/www.ole.com.ar\/futbol-primera\/rojo-lepra-fecha-liga-partido-avellaneda_0_sLFqHsM96M.html\" target=\"_self\" rel=\"noopener noreferrer\"><br \/>\n<img class=\"img-responsive\" alt=\"Mejora el Rojo en Avellaneda\" src=\"http:\/\/hoycordobaweb.com\/wp-content\/uploads\/2022\/09\/la-bandera-de-apoyo-de-newells-para-pablo-perez-3.jpg\" loading=\"lazy\"><br \/>\n<\/a>\n<\/picture>\n<\/div>\n<\/div><\/div>\n<\/div>\n<p>Por tal motivo, el equipo leproso pos\u00f3 ante las c\u00e1maras con una bandera dedicada a P\u00e9rez. El volante no viaj\u00f3 con el plantel, qued\u00e1ndose con sus seres queridos en Rosario.<strong> \u00abFuerza Pablo\u00bb, se ley\u00f3 en el respectivo cartel<\/strong>. Un mimo, una caricia al alma para el experimentado mediocampista.<\/p>\n<p><strong>Newell&#8217;s volver\u00e1 a jugar el pr\u00f3ximo viernes: visitar\u00e1 a Uni\u00f3n desde las 21.30.<\/strong> \u00bfSer\u00e1 ya con la vuelta de P\u00e9rez, si es que est\u00e1 un poco mejor an\u00edmicamente? Desde <strong>Ol\u00e9<\/strong> enviamos tambi\u00e9n las respectivas condolencias tras su p\u00e9rdida.&nbsp;<\/p>\n<p> <opta-widget sport=\"football\" widget=\"timeline\" competition=\"724\" season=\"2022\" match=\"2287422\" template=\"normal\" live=\"true\" orientation=\"horizontal\" vertical_timebar_height=\"260\" show_match_header=\"true\" show_score=\"true\" show_crests=\"true\" show_assists=\"all\" show_team_formation=\"true\" show_clock=\"true\" show_period_dividers=\"true\" show_halftime_score=\"false\" show_date=\"true\" date_format=\"dddd D MMMM YYYY\" show_attendance=\"true\" show_images=\"true\" show_referee=\"true\" show_venue=\"true\" show_cards=\"all\" show_goals=\"true\" show_penalties_missed=\"true\" show_subs=\"false\" show_goals_combined=\"false\" show_shootouts=\"false\" show_competition_name=\"true\" competition_naming=\"full\" team_naming=\"full\" player_naming=\"full\" show_live=\"true\" show_logo=\"false\" show_title=\"true\" breakpoints=\"400, 700\"><\/opta-widget><opta-widget sport=\"football\" widget=\"matchstats\" competition=\"724\" season=\"2022\" match=\"2287422\" template=\"lineups\" live=\"true\" side=\"both\" column_count=\"1\" side_by_side=\"true\" show_match_header=\"true\" show_score=\"true\" show_halftime_score=\"false\" show_crests=\"false\" show_team_formation=\"true\" show_competition_name=\"true\" show_date=\"false\" date_format=\"dddd D MMMM YYYY\" order_by=\"position\" group_by_position=\"false\" show_position=\"true\" show_images=\"false\" show_key=\"false\" show_starters=\"true\" show_goalkeepers=\"true\" show_defenders=\"true\" show_midfielders=\"true\" show_forwards=\"true\" show_subs=\"true\" show_unused_subs=\"false\" show_managers=\"true\" show_captain=\"false\" show_match_events=\"true\" competition_naming=\"full\" team_naming=\"full\" player_naming=\"full\" show_live=\"false\" show_logo=\"false\" show_title=\"true\" breakpoints=\"400, 700\"><\/opta-widget><opta-widget widget=\"commentary\" competition=\"724\" season=\"2022\" match=\"2287422\" template=\"normal\" live=\"true\" data_type=\"auto\" order_by=\"time_descending\" show_event_icons=\"true\" show_minor_events=\"true\" fixed_height_comments=\"300\" show_live=\"true\" show_logo=\"false\" show_title=\"true\" breakpoints=\"400\" sport=\"football\"><\/opta-widget><opta-widget sport=\"football\" widget=\"heatmap\" competition=\"724\" season=\"2022\" match=\"2287422\" preselected_player template=\"normal\" live=\"true\" show_maps=\"all\" orientation=\"horizontal\" side=\"both\" dimension=\"2D\" one_direction=\"false\" show_match_header=\"true\" show_score=\"true\" show_halftime_score=\"false\" show_crests=\"false\" show_team_formation=\"true\" show_competition_name=\"true\" show_date=\"true\" date_format=\"dddd D MMMM YYYY\" show_team_sheets=\"true\" show_subs=\"true\" show_position=\"true\" show_timecontrols=\"true\" show_timecontrols_buttons=\"true\" show_timecontrols_bar=\"true\" show_tooltips=\"false\" competition_naming=\"full\" team_naming=\"full\" player_naming=\"full\" show_logo=\"false\" show_title=\"true\" breakpoints=\"400, 700\"><\/opta-widget><opta-widget widget=\"standings\" competition=\"724\" season=\"2022\" template=\"normal\" live=\"true\" default_nav=\"1\" side=\"combined\" data_detail=\"default\" show_key=\"true\" show_crests=\"true\" points_in_first_column=\"true\" lose_before_draw=\"false\" competition_naming=\"full\" team_naming=\"full\" date_format=\"dddd D MMMM YYYY\" sorting=\"false\" show_live=\"false\" show_relegation_average=\"true\" show_logo=\"true\" show_title=\"true\" breakpoints=\"382\" sport=\"football\"><\/opta-widget> <\/p>\n<div class=\"entry-tags\">\n<h2>TEMAS QUE APARECEN EN ESTA NOTA<\/h2>\n<\/p><\/div>\n","protected":false},"excerpt":{"rendered":"<p>Pablo P\u00e9rez, capit\u00e1n y bandera de este Newell&#8217;s que cuenta con muchos j\u00f3venes y un DT interino como Adri\u00e1n Coria (tras la salida de Javier Sanguinetti), no pudo ser de la partida en Avellaneda ante Independiente, producto de la p\u00e9rdida familiar sufrida hace unos d\u00edas: el fallecimiento de su pap\u00e1 Carlos. Bandera de apoyo para [&hellip;]<\/p>\n","protected":false},"author":1,"featured_media":48930,"comment_status":"open","ping_status":"closed","sticky":false,"template":"","format":"standard","meta":[],"categories":[16],"tags":[],"_links":{"self":[{"href":"http:\/\/hoycordobaweb.com\/index.php\/wp-json\/wp\/v2\/posts\/48929"}],"collection":[{"href":"http:\/\/hoycordobaweb.com\/index.php\/wp-json\/wp\/v2\/posts"}],"about":[{"href":"http:\/\/hoycordobaweb.com\/index.php\/wp-json\/wp\/v2\/types\/post"}],"author":[{"embeddable":true,"href":"http:\/\/hoycordobaweb.com\/index.php\/wp-json\/wp\/v2\/users\/1"}],"replies":[{"embeddable":true,"href":"http:\/\/hoycordobaweb.com\/index.php\/wp-json\/wp\/v2\/comments?post=48929"}],"version-history":[{"count":0,"href":"http:\/\/hoycordobaweb.com\/index.php\/wp-json\/wp\/v2\/posts\/48929\/revisions"}],"wp:featuredmedia":[{"embeddable":true,"href":"http:\/\/hoycordobaweb.com\/index.php\/wp-json\/wp\/v2\/media\/48930"}],"wp:attachment":[{"href":"http:\/\/hoycordobaweb.com\/index.php\/wp-json\/wp\/v2\/media?parent=48929"}],"wp:term":[{"taxonomy":"category","embeddable":true,"href":"http:\/\/hoycordobaweb.com\/index.php\/wp-json\/wp\/v2\/categories?post=48929"},{"taxonomy":"post_tag","embeddable":true,"href":"http:\/\/hoycordobaweb.com\/index.php\/wp-json\/wp\/v2\/tags?post=48929"}],"curies":[{"name":"wp","href":"https:\/\/api.w.org\/{rel}","templated":true}]}}