{"id":48927,"date":"2022-09-24T23:39:13","date_gmt":"2022-09-24T23:39:13","guid":{"rendered":"https:\/\/ladecimaweb.com\/?p=14503"},"modified":"2022-09-24T23:39:13","modified_gmt":"2022-09-24T23:39:13","slug":"carlitos-bala-fue-despedido-por-una-multitud-en-el-cementerio-de-la-chacarita","status":"publish","type":"post","link":"http:\/\/hoycordobaweb.com\/index.php\/2022\/09\/24\/carlitos-bala-fue-despedido-por-una-multitud-en-el-cementerio-de-la-chacarita\/","title":{"rendered":"Carlitos Bal\u00e1 fue despedido por una multitud en el cementerio de la Chacarita"},"content":{"rendered":"<div class=\"boldgrid-section\">\n<div class=\"container\">\n<div class=\"row\">\n<div class=\"col-md-12 col-xs-12 col-sm-12\">\n<p><strong>El humorista y actor<span>&nbsp;<\/span><a href=\"https:\/\/noticiasargentinas.com\/Carlitos%20Bal%C3%A1,%20el%20%C3%ADcono%20del%20humor%20argentino%20que%20con%20su%20ingenio%20marc%C3%B3%20a%20todas%20las%20generaciones\" target=\"_blank\" rel=\"noopener noreferrer\">Carlitos Bal\u00e1<span>&nbsp;<\/span><\/a>fue despedido este mediod\u00eda en la capilla del cementerio de la Chacarita<\/strong>, donde sus restos fueron cremados por decisi\u00f3n de la familia.<\/p>\n<p>Pasadas las 11,<span>&nbsp;<\/span><strong>el cortejo f\u00fanebre parti\u00f3 de una casa velatoria de la avenida C\u00f3rdoba, con un recorrido que termin\u00f3 minutos m\u00e1s tarde en el cementerio<\/strong><span>&nbsp;<\/span>de la Chacarita, donde<span>&nbsp;<\/span><strong>recibi\u00f3 el aplauso de una multitud de fan\u00e1ticos y fan\u00e1ticas<\/strong><span>&nbsp;<\/span>que concurrieron al lugar para despedirlo.<\/p>\n<p>All\u00ed,<span>&nbsp;<\/span><strong>su esposa,&nbsp;Martha Venturiello, estuvo acompa\u00f1ada por Laura<em>&nbsp;Panam<\/em>&nbsp;Franco y por la cantante Adriana.<\/strong><\/p>\n<p>Entre los fans de Bal\u00e1,&nbsp;llegaron tambi\u00e9n a la Chacarita dos colectivos de la L\u00ednea 39, y&nbsp; uno ten\u00eda pintada la frase &#8220;Un kilo y dos pancitos&#8221; en la parte de atr\u00e1s.<\/p>\n<p><strong>Ayer, los restos del artista fueron velados en el Sal\u00f3n Juan Domingo Per\u00f3n ubicado en la planta baja de la Legislatura porte\u00f1a<\/strong><span>&nbsp;<\/span>y luego fue trasladado a la casa velatoria de la avenida C\u00f3rdoba, donde su familia y su circulo m\u00e1s cercano pudo despedirlo.<\/p>\n<p class=\"\">La Asociaci\u00f3n Argentina de Actores hab\u00eda informado en sus redes sobre la \u00faltima despedida del artista:<span>&nbsp;<\/span><strong>&#8220;\u00daltimo adi\u00f3s al actor Carlitos Bal\u00e1: S\u00e1bado a las 11.15 hs, despedida en la capilla del Cementerio de la Chacarita. Luego, sus restos ser\u00e1n trasladados al crematorio&#8221;.<\/strong><\/p>\n<p>Carlitos Bal\u00e1 falleci\u00f3 durante la noche del jueves, a los 97 a\u00f1os, y sus restos fueron velados este viernes en la Legislatura porte\u00f1a.<\/p>\n<p class=\"\">La muerte del legendario artista conmocion\u00f3 a todo el pa\u00eds y tanto famosos como gran parte del arco pol\u00edtico utilizaron sus redes sociales para dedicarle unas palabras por su enorme trayectoria y despedirlo.<\/p>\n<p class=\"\">La muerte de Bal\u00e1 fue confirmada por su nieta,<strong>&nbsp;<\/strong>Laura Gelfi, qui\u00e9n indic\u00f3 a<strong>&nbsp;<\/strong>Teleshow: \u201cEstamos devastados pero unidos. Y as\u00ed se fue \u00e9l: con la familia unida y mucho amor\u201d. En sus redes sociales, la joven resalt\u00f3 que su abuelo \u201cha dado alegr\u00eda y felicidad a millones de argentinos. Siempre estar\u00e1 con nosotros\u201d.<\/p>\n<p class=\"\">\nCarlos Salim Bal\u00e1 naci\u00f3 el 13 de agosto de 1925 en la Ciudad de Buenos Aires y entretuvo a miles de ni\u00f1os, ni\u00f1as, adolescentes y adultos con sus diversas presentaciones en radio, televisi\u00f3n, cine, teatro y circo.<\/p>\n<p>&nbsp;<\/p>\n<p class=\"\">\n<div class=\"ubm_banner\"><a href=\"https:\/\/www.cba.gov.ar\" target=\"_blank\" rel=\"dofollow noopener noreferrer\"><img src=\"http:\/\/hoycordobaweb.com\/wp-content\/uploads\/2022\/09\/carlitos-bala-fue-despedido-por-una-multitud-en-el-cementerio-de-la-chacarita.gif\" alt=\"\"><\/a><\/div>\n<\/div>\n<\/div>\n<\/div>\n<\/div>\n<p>La entrada <a rel=\"nofollow\" href=\"https:\/\/ladecimaweb.com\/carlitos-bala-fue-despedido-por-una-multitud-en-el-cementerio-de-la-chacarita\/\">Carlitos Bal\u00e1 fue despedido por una multitud en el cementerio de la Chacarita<\/a> se public\u00f3 primero en <a rel=\"nofollow\" href=\"https:\/\/ladecimaweb.com\">LaDecima<\/a>.<\/p>\n","protected":false},"excerpt":{"rendered":"<p>El humorista y actor&nbsp;Carlitos Bal\u00e1&nbsp;fue despedido este mediod\u00eda en la capilla del cementerio de la Chacarita, donde sus restos fueron cremados por decisi\u00f3n de la familia. Pasadas las 11,&nbsp;el cortejo f\u00fanebre parti\u00f3 de una casa velatoria de la avenida C\u00f3rdoba, con un recorrido que termin\u00f3 minutos m\u00e1s tarde en el cementerio&nbsp;de la Chacarita, donde&nbsp;recibi\u00f3 el [&hellip;]<\/p>\n","protected":false},"author":1,"featured_media":48928,"comment_status":"closed","ping_status":"closed","sticky":false,"template":"","format":"standard","meta":[],"categories":[19],"tags":[],"_links":{"self":[{"href":"http:\/\/hoycordobaweb.com\/index.php\/wp-json\/wp\/v2\/posts\/48927"}],"collection":[{"href":"http:\/\/hoycordobaweb.com\/index.php\/wp-json\/wp\/v2\/posts"}],"about":[{"href":"http:\/\/hoycordobaweb.com\/index.php\/wp-json\/wp\/v2\/types\/post"}],"author":[{"embeddable":true,"href":"http:\/\/hoycordobaweb.com\/index.php\/wp-json\/wp\/v2\/users\/1"}],"replies":[{"embeddable":true,"href":"http:\/\/hoycordobaweb.com\/index.php\/wp-json\/wp\/v2\/comments?post=48927"}],"version-history":[{"count":0,"href":"http:\/\/hoycordobaweb.com\/index.php\/wp-json\/wp\/v2\/posts\/48927\/revisions"}],"wp:featuredmedia":[{"embeddable":true,"href":"http:\/\/hoycordobaweb.com\/index.php\/wp-json\/wp\/v2\/media\/48928"}],"wp:attachment":[{"href":"http:\/\/hoycordobaweb.com\/index.php\/wp-json\/wp\/v2\/media?parent=48927"}],"wp:term":[{"taxonomy":"category","embeddable":true,"href":"http:\/\/hoycordobaweb.com\/index.php\/wp-json\/wp\/v2\/categories?post=48927"},{"taxonomy":"post_tag","embeddable":true,"href":"http:\/\/hoycordobaweb.com\/index.php\/wp-json\/wp\/v2\/tags?post=48927"}],"curies":[{"name":"wp","href":"https:\/\/api.w.org\/{rel}","templated":true}]}}