{"id":48925,"date":"2022-09-24T23:49:00","date_gmt":"2022-09-24T23:49:00","guid":{"rendered":"https:\/\/ladecimaweb.com\/?p=14506"},"modified":"2022-09-24T23:49:00","modified_gmt":"2022-09-24T23:49:00","slug":"lula-pide-a-los-pobres-evitar-la-abstencion-y-bolsonaro-promete-mas-armas-si-gana","status":"publish","type":"post","link":"http:\/\/hoycordobaweb.com\/index.php\/2022\/09\/24\/lula-pide-a-los-pobres-evitar-la-abstencion-y-bolsonaro-promete-mas-armas-si-gana\/","title":{"rendered":"Lula pide a los pobres evitar la abstenci\u00f3n y Bolsonaro promete m\u00e1s armas si gana"},"content":{"rendered":"<div class=\"boldgrid-section\">\n<div class=\"container\">\n<div class=\"row\">\n<div class=\"col-md-12 col-xs-12 col-sm-12\">\n<p class=\"\">(T\u00e9lam) <span>La campa\u00f1a electoral brasile\u00f1a levant\u00f3 presi\u00f3n este s\u00e1bado, en la recta final para las elecciones del 2 de octubre con el presidente Jair Bolsonaro prometiendo a sus seguidores liberar m\u00e1s armas a los civiles en caso de ser reelecto para defender la &#8220;libertad&#8221; y llamando nueve veces &#8220;ladr\u00f3n&#8221; a su rival, el favorito Luiz In\u00e1cio Lula da Silva, quien convoc\u00f3 a trabajar contra el abstencionismo.<\/span><\/p>\n<p><span>Lula, primero en las encuestas y con chances de ser electo ya en la primera vuelta con m\u00e1s del 50% de los votos, alert\u00f3 que esta semana habr\u00e1 muchos insultos a su figura por parte del bolsonarismo, durante un acto en Graja\u00fa, una regi\u00f3n perif\u00e9rica de clase baja de la ciudad de San Pablo.<\/span><\/p>\n<p><span>Bolsonaro, en cambio, estuvo rodeado de su p\u00fablico de clase media en Campinas, interior de San Pablo, el estado que es el m\u00e1s poblado y desarrollado del pa\u00eds y donde es clave la votaci\u00f3n masiva.<\/span><\/p>\n<h2 class=\"\">&#8220;Bolsonaro est\u00e1 muy nervioso con las encuestas&#8221;<\/h2>\n<p><span>El expresidente Lula (2003-2010), candidato del Partido de los Trabajadores, pidi\u00f3 a las clases m\u00e1s bajas de las favelas y comunidades m\u00e1s pobres trabajar para convencer a acudir a votar a las personas que decidieron no hacerlo o votar nulo.<\/span><\/p>\n<p><span>&#8220;Bolsonaro est\u00e1 muy nervioso con las encuestas,&nbsp;<\/span><strong>cada d\u00eda que sale una nueva encuesta y me ve arriba se pone como loco, entonces prep\u00e1rense por las mentiras e insultos que van a recibir en esta semana<\/strong><span>&#8220;, afirm\u00f3 Lula en Graja\u00fa, al lado de su candidato a vice, Geraldo Alckmin, y el candidato a gobernador por la coalici\u00f3n opositora, Fernando Haddad.<\/span><\/p>\n<figure class=\"mb-3\">\n<p class=\"mod-reset\"><img loading=\"lazy\" src=\"http:\/\/hoycordobaweb.com\/wp-content\/uploads\/2022\/09\/lula-pide-a-los-pobres-evitar-la-abstencion-y-bolsonaro-promete-mas-armas-si-gana.jpg\" alt=\"Foto AFP\" width=\"100%\" height=\"100%\"><\/p>\n<div class=\"media-icons\"><i class=\"fab fa-pinterest-p\"><\/i><i class=\"fas fa-expand-arrows-alt\"><\/i><\/div><figcaption>Foto: AFP.<\/figcaption><\/figure>\n<p><span>La gran&nbsp;<\/span><strong>preocupaci\u00f3n de Lula es la abstenci\u00f3n de las camadas m\u00e1s pobres<\/strong><span>, ya que hay personas que sufrieron amenazas por parte de bolsonaristas. Se repiten en las redes sociales mensajes de hacendados y due\u00f1os de f\u00e1bricas recomendando despedir a empleados que voten a Lula.<\/span><\/p>\n<p><span>&#8220;Hay que ir a votar porque lo \u00fanico que Bolsonaro quiere es que la gente no vaya a votar. Si no vas a votar despu\u00e9s perd\u00e9s autoridad para reclamar. No podemos tener 20% de abstenci\u00f3n y 10% de voto nulo. Debemos convencer a la gente en los barrios, en el trabajo, en la fila del banco, en el colectivo, en todos lados&#8221;, dijo Lula.<\/span><\/p>\n<p><span>Un coordinador de la campa\u00f1a de Lula, el senador Randolphe Rodrigues, dijo a T\u00e9lam que&nbsp;<\/span><strong>la situaci\u00f3n puede ponerse &#8220;violenta&#8221; debido a los civiles que fueron armados por la flexibilizaci\u00f3n de las normas para adquirir armamento que no reconozcan el resultado o que intimiden a las personas m\u00e1s humildes que van a votar.<\/strong><\/p>\n<p><span>Sobre todo porque el instituto Datafolha indic\u00f3 que Lula basa su posible victoria en primera vuelta en la franja m\u00e1s baja de la poblaci\u00f3n, los que ganan menos de 400 d\u00f3lares mensuales, mientras que en las otras el que vence es el ultraderechista excapit\u00e1n, del Partido Liberal.<\/span><\/p>\n<figure class=\"mb-3\">\n<p class=\"mod-reset\"><img loading=\"lazy\" src=\"http:\/\/hoycordobaweb.com\/wp-content\/uploads\/2022\/09\/lula-pide-a-los-pobres-evitar-la-abstencion-y-bolsonaro-promete-mas-armas-si-gana-1.jpg\" alt=\"Foto AFP\" width=\"100%\" height=\"100%\"><\/p>\n<div class=\"media-icons\"><i class=\"fab fa-pinterest-p\"><\/i><i class=\"fas fa-expand-arrows-alt\"><\/i><\/div><figcaption>Foto: AFP.<\/figcaption><\/figure>\n<p class=\"\"><span>&#8220;Bolsonaro liber\u00f3 el armamento y le hizo un favor al narcotr\u00e1fico y distribuy\u00f3 dinero a los pastores evangelistas en lugar de sustentar la educaci\u00f3n p\u00fablica&#8221;, dijo Lula, quien tambi\u00e9n estaba acompa\u00f1ado por la l\u00edder ambientalista y candidata a diputada por el partido Rede Marina Silva, tambi\u00e9n un referente de las iglesias evang\u00e9licas no bolsonaristas.<\/span><\/p>\n<p><span>Lula pidi\u00f3 votar a diputados y senadores de la coalici\u00f3n que lo lleva como candidato a presidente porque&nbsp;<\/span><strong>ser\u00e1 &#8220;muy dif\u00edcil&#8221; gobernar sin una fuerte presencia legislativa oficialista<\/strong><span>.<\/span><\/p>\n<p><span>&#8220;No sirve de mucho que voten a presidente y no a diputados porque estar\u00e1 el Congreso con gente que quiere privatizar hasta el Banco do Brasil&#8221;, dijo sobre el principal banco p\u00fablico del pa\u00eds.<\/span><\/p>\n<p><span>Lula se dedic\u00f3 este s\u00e1bado a la periferia de San Pablo, mayor urbe sudamericana con 12 millones de habitantes, debido a que desisti\u00f3 de acudir al debate organizado por un conglomerado de medios considerados cercanos al bolsonarismo como el canal SBT, CNN Brasil y la revista Veja.<\/span><\/p>\n<h2 class=\"\">&#8220;Un pueblo armado es un pueblo que nunca ser\u00e1 esclavizado&#8221;<\/h2>\n<p><span>En Campinas, coraz\u00f3n del interior de San Pablo, Bolsonaro junto con su candidato a gobernador, Tars\u00edcio Freitas, su exministro de Infraestructura, particip\u00f3 de una caravana en motocicleta como realiza desde 2020.<\/span><\/p>\n<p><span>Luego, en un escenario montado en las calles c\u00e9ntricas de la ciudad de Campinas,&nbsp;<\/span><strong>llam\u00f3 nueve veces a Lula &#8220;ladr\u00f3n&#8221;<\/strong><span>&nbsp;y fustig\u00f3 el intento del Supremo Tribunal Federal de limitar la venta de armas en per\u00edodo electoral para los civiles.<\/span><\/p>\n<p><strong>&#8220;Dentro de poco esa medida se va a caer y van a poder adquirir armas porque un pueblo armado es un pueblo que nunca ser\u00e1 esclavizado&#8221;<\/strong><span>, afirm\u00f3.<\/span><\/p>\n<figure class=\"mb-3\">\n<p class=\"mod-reset\"><img loading=\"lazy\" src=\"http:\/\/hoycordobaweb.com\/wp-content\/uploads\/2022\/09\/lula-pide-a-los-pobres-evitar-la-abstencion-y-bolsonaro-promete-mas-armas-si-gana-2.jpg\" alt=\"Foto Prensa\" width=\"100%\" height=\"100%\"><\/p>\n<div class=\"media-icons\"><i class=\"fab fa-pinterest-p\"><\/i><i class=\"fas fa-expand-arrows-alt\"><\/i><\/div><figcaption>Foto: Prensa.<\/figcaption><\/figure>\n<p><span>El mandatario&nbsp;<\/span><strong>defendi\u00f3 su posici\u00f3n en la pandemia de oponerse a la realizaci\u00f3n de cuarentenas<\/strong><span>&nbsp;pese a que Brasil con 685 mil muertos es el segundo pa\u00eds del mundo despu\u00e9s de Estados Unidos por decesos a causa de la Covid-19.<\/span><\/p>\n<p><span>Anunci\u00f3 que iniciar\u00e1 una semana empleando un fuerte tono discursivo para vincular a Lula a la corrupci\u00f3n, debido a la causa del Petrolao que investig\u00f3 la Operaci\u00f3n Lava Jato, que conden\u00f3 al expresidente a prisi\u00f3n, aunque luego la investigaci\u00f3n fue anulada por manipulaci\u00f3n pol\u00edtica y lawfare.<\/span><\/p>\n<p><span>Bolsonaro dijo que<\/span><strong><span>&nbsp;<\/span>&#8220;ser\u00e1 muy f\u00e1cil decidir&#8221; entre quien defiende la familia y los valores cristianos como \u00e9l, mientras que acus\u00f3 a Lula de estar a favor de la liberalizaci\u00f3n de la drogas, la legalizaci\u00f3n del aborto y el cese de las libertades p\u00fablicas<\/strong><span>.<\/span><\/p>\n<figure class=\"mb-3\">\n<p class=\"mod-reset\"><img loading=\"lazy\" src=\"http:\/\/hoycordobaweb.com\/wp-content\/uploads\/2022\/09\/lula-pide-a-los-pobres-evitar-la-abstencion-y-bolsonaro-promete-mas-armas-si-gana-3.jpg\" alt=\"Foto Prensa\" width=\"100%\" height=\"100%\"><\/p>\n<div class=\"media-icons\"><i class=\"fab fa-pinterest-p\"><\/i><i class=\"fas fa-expand-arrows-alt\"><\/i><\/div><figcaption>Foto: Prensa.<\/figcaption><\/figure>\n<p><span>Los manifestantes oficialistas gritaban &#8220;primera vuelta, primera vuelta&#8221; y &#8220;Datapovo&#8221;, que es como el bolsonarismo ataca a las encuestas de Datafolha que dan como favorito a Lula.<\/span><\/p>\n<p><span>La campa\u00f1a tuvo algunos episodios de violencia en las \u00faltimas horas. En Belo Horizonte, Minas Gerais, en un barrio un polic\u00eda dispar\u00f3 tiros al aire de su arma reglamentaria contra militantes del PT.<\/span><\/p>\n<p><span>En Recife, capital de Pernambuco, la ventana de un departamento en un edificio fue baleada porque ten\u00eda colgada una bandera del PT.<\/span><\/p>\n<div class=\"ubm_banner\"><a href=\"https:\/\/www.cba.gov.ar\" target=\"_blank\" rel=\"dofollow noopener noreferrer\"><img src=\"http:\/\/hoycordobaweb.com\/wp-content\/uploads\/2022\/09\/lula-pide-a-los-pobres-evitar-la-abstencion-y-bolsonaro-promete-mas-armas-si-gana.gif\" alt=\"\"><\/a><\/div>\n<\/div>\n<\/div>\n<\/div>\n<\/div>\n<p>La entrada <a rel=\"nofollow\" href=\"https:\/\/ladecimaweb.com\/14506-2\/\">Lula pide a los pobres evitar la abstenci\u00f3n y Bolsonaro promete m\u00e1s armas si gana<\/a> se public\u00f3 primero en <a rel=\"nofollow\" href=\"https:\/\/ladecimaweb.com\">LaDecima<\/a>.<\/p>\n","protected":false},"excerpt":{"rendered":"<p>(T\u00e9lam) La campa\u00f1a electoral brasile\u00f1a levant\u00f3 presi\u00f3n este s\u00e1bado, en la recta final para las elecciones del 2 de octubre con el presidente Jair Bolsonaro prometiendo a sus seguidores liberar m\u00e1s armas a los civiles en caso de ser reelecto para defender la &#8220;libertad&#8221; y llamando nueve veces &#8220;ladr\u00f3n&#8221; a su rival, el favorito Luiz [&hellip;]<\/p>\n","protected":false},"author":1,"featured_media":48926,"comment_status":"closed","ping_status":"closed","sticky":false,"template":"","format":"standard","meta":[],"categories":[19],"tags":[],"_links":{"self":[{"href":"http:\/\/hoycordobaweb.com\/index.php\/wp-json\/wp\/v2\/posts\/48925"}],"collection":[{"href":"http:\/\/hoycordobaweb.com\/index.php\/wp-json\/wp\/v2\/posts"}],"about":[{"href":"http:\/\/hoycordobaweb.com\/index.php\/wp-json\/wp\/v2\/types\/post"}],"author":[{"embeddable":true,"href":"http:\/\/hoycordobaweb.com\/index.php\/wp-json\/wp\/v2\/users\/1"}],"replies":[{"embeddable":true,"href":"http:\/\/hoycordobaweb.com\/index.php\/wp-json\/wp\/v2\/comments?post=48925"}],"version-history":[{"count":0,"href":"http:\/\/hoycordobaweb.com\/index.php\/wp-json\/wp\/v2\/posts\/48925\/revisions"}],"wp:featuredmedia":[{"embeddable":true,"href":"http:\/\/hoycordobaweb.com\/index.php\/wp-json\/wp\/v2\/media\/48926"}],"wp:attachment":[{"href":"http:\/\/hoycordobaweb.com\/index.php\/wp-json\/wp\/v2\/media?parent=48925"}],"wp:term":[{"taxonomy":"category","embeddable":true,"href":"http:\/\/hoycordobaweb.com\/index.php\/wp-json\/wp\/v2\/categories?post=48925"},{"taxonomy":"post_tag","embeddable":true,"href":"http:\/\/hoycordobaweb.com\/index.php\/wp-json\/wp\/v2\/tags?post=48925"}],"curies":[{"name":"wp","href":"https:\/\/api.w.org\/{rel}","templated":true}]}}