{"id":48831,"date":"2022-09-23T00:05:40","date_gmt":"2022-09-23T00:05:40","guid":{"rendered":"https:\/\/www.ole.com.ar\/boca-juniors\/dario-benedetto-boca-problema-estomacal_0_T8XOkwQL6k.html"},"modified":"2022-09-23T00:05:40","modified_gmt":"2022-09-23T00:05:40","slug":"como-esta-benedetto-cuantos-kilos-perdio-y-cuando-vuelve","status":"publish","type":"post","link":"http:\/\/hoycordobaweb.com\/index.php\/2022\/09\/23\/como-esta-benedetto-cuantos-kilos-perdio-y-cuando-vuelve\/","title":{"rendered":"C\u00f3mo est\u00e1 Benedetto, cu\u00e1ntos kilos perdi\u00f3 y cu\u00e1ndo vuelve"},"content":{"rendered":"<p><img src=\"http:\/\/hoycordobaweb.com\/wp-content\/uploads\/2022\/09\/como-esta-benedetto-cuantos-kilos-perdio-y-cuando-vuelve.jpg\"><\/p>\n<p>Fueron varias las novedades este jueves en el entrenamiento de <strong><a alt=\"boca-juniors\" class=\"slug\" href=\"https:\/\/www.ole.com.ar\/tema\/boca-juniors.html\" target=\"_blank\" title=\"boca-juniors\" rel=\"noopener noreferrer\">Boca <\/a><\/strong>en Ezeiza antes de emprender el vuelo a Mendoza. Por un lado, <a href=\"https:\/\/www.ole.com.ar\/boca-juniors\/equipo-boca-godoy-cruz-hugo-ibarra_0_pSwkTfCTfl.html\" target=\"_blank\" rel=\"noopener noreferrer\"><strong>Hugo Ibarra par\u00f3 el equipo que seguramente este viernes visite a Godoy Cruz desde las 19;<\/strong><\/a> y por otro el plantel le dio de nuevo la bienvenida a un referente: <strong><a alt=\"dario-benedetto\" class=\"slug\" href=\"https:\/\/www.ole.com.ar\/tema\/dario-benedetto.html\" target=\"_blank\" title=\"dario-benedetto\" rel=\"noopener noreferrer\">Dar\u00edo Benedetto<\/a> se reincorpor\u00f3 al trabajo luego de haber sufrido problemas estomacales y un cuadro febril.<\/strong> Ahora bien, \u00bfc\u00f3mo est\u00e1 Pipa? \u00bfCu\u00e1ndo podr\u00e1 volver?<\/p>\n<div class=\"sp__SM\">\n<div class=\"content-new \">\n<span class=\"tit-mobile\">Mir\u00e1 tambi\u00e9n<\/span><\/p>\n<div class=\"mg\">\n<div class=\"wrap-figure\">\n<picture>\n<a href=\"https:\/\/www.ole.com.ar\/futbol-internacional\/lewandowski-zambrano-romper-pierna-boca_0_v0xNYlPTBY.html\" target=\"_self\" rel=\"noopener noreferrer\"><br \/>\n<img class=\"img-responsive\" alt=\"Lewandowski no se olvida de Zambrano: &quot;Todo lo que quer\u00eda era romperme una pierna&quot;\" src=\"http:\/\/hoycordobaweb.com\/wp-content\/uploads\/2022\/09\/como-esta-benedetto-cuantos-kilos-perdio-y-cuando-vuelve-2.jpg\" loading=\"lazy\"><br \/>\n<\/a>\n<\/picture>\n<\/div>\n<\/div><\/div>\n<\/div>\n<div class=\"sp__SM\">\n<div class=\"content-new \">\n<span class=\"tit-mobile\">Mir\u00e1 tambi\u00e9n<\/span><\/p>\n<div class=\"mg\">\n<div class=\"wrap-figure\">\n<picture>\n<a href=\"https:\/\/www.ole.com.ar\/boca-juniors\/marcos-rojo-boca-campeon-promesa_0_XGOxxkf7bg.html\" target=\"_self\" rel=\"noopener noreferrer\"><br \/>\n<img class=\"img-responsive\" alt=\"La promesa que hizo Marcos Rojo si Boca sale campe\u00f3n\" src=\"http:\/\/hoycordobaweb.com\/wp-content\/uploads\/2022\/09\/como-esta-benedetto-cuantos-kilos-perdio-y-cuando-vuelve-3.jpg\" loading=\"lazy\"><br \/>\n<\/a>\n<\/picture>\n<\/div>\n<\/div><\/div>\n<\/div>\n<p><strong>El 9 de Boca no pudo terminar el partido con Hurac\u00e1n porque ten\u00eda una l\u00edneas de fiebre y le dol\u00eda mucho la panza.<\/strong> De hecho, el t\u00e9cnico lo sac\u00f3 en el entretiempo. Pero eso no fue todo, sino que adem\u00e1s, Pipa no pudo ir a entrenarse este martes y mi\u00e9rcoles&#8230; <strong>Y es m\u00e1s: \u00a1perdi\u00f3 tres kilos!<\/strong><\/p>\n<div class=\"sp__SM\">\n<div class=\"content-new \">\n<span class=\"tit-mobile\">Mir\u00e1 tambi\u00e9n<\/span><\/p>\n<div class=\"mg\">\n<div class=\"wrap-figure\">\n<picture>\n<a href=\"https:\/\/www.ole.com.ar\/boca-juniors\/equipo-boca-godoy-cruz-hugo-ibarra_0_pSwkTfCTfl.html\" target=\"_self\" rel=\"noopener noreferrer\"><br \/>\n<img class=\"img-responsive\" alt=\"El 11 de Boca ante Godoy Cruz\" src=\"http:\/\/hoycordobaweb.com\/wp-content\/uploads\/2022\/09\/como-esta-benedetto-cuantos-kilos-perdio-y-cuando-vuelve-4.jpg\" loading=\"lazy\"><br \/>\n<\/a>\n<\/picture>\n<\/div>\n<\/div><\/div>\n<\/div>\n<div class=\"sp__SM\">\n<div class=\"content-new \">\n<span class=\"tit-mobile\">Mir\u00e1 tambi\u00e9n<\/span><\/p>\n<div class=\"mg\">\n<div class=\"wrap-figure\">\n<picture>\n<a href=\"https:\/\/www.ole.com.ar\/boca-juniors\/marcos-rojo-blan_0_5o1X31ep6c.html\" target=\"_self\" rel=\"noopener noreferrer\"><br \/>\n<img class=\"img-responsive\" alt=\"\u00a1Por fin lo dijo! Marcos cont\u00f3 de qu\u00e9 club es hincha\" src=\"http:\/\/hoycordobaweb.com\/wp-content\/uploads\/2022\/09\/como-esta-benedetto-cuantos-kilos-perdio-y-cuando-vuelve-5.jpg\" loading=\"lazy\"><br \/>\n<\/a>\n<\/picture>\n<\/div>\n<\/div><\/div>\n<\/div>\n<p>Sin embargo, <strong>Benedetto volvi\u00f3 este jueves.<\/strong> El delantero se sum\u00f3 a los trabajo con el resto de sus compa\u00f1eros, aunque no se subi\u00f3 al micro que llev\u00f3 al plantel a Ezeiza para viajar a Cuyo. Incluso, el centrodelantero de 32 a\u00f1os, obviamente, <strong>ni siquiera estuvo en la lista de convocados de Ibarra para visitar a Godoy Cruz (su lugar en el 11 lo ocupar\u00e1 Luis V\u00e1zquez)<\/strong><\/p>\n<div class=\"sp__SM\">\n<div class=\"content-new \">\n<span class=\"tit-mobile\">Mir\u00e1 tambi\u00e9n<\/span><\/p>\n<div class=\"mg\">\n<div class=\"wrap-figure\">\n<picture>\n<a href=\"https:\/\/www.ole.com.ar\/boca-juniors\/boca-delanteros-juveniles-vs-godoy-cruz_0_EXqx2aqdE6.html\" target=\"_self\" rel=\"noopener noreferrer\"><br \/>\n<img class=\"img-responsive\" alt=\"El in\u00e9dito cuarteto de delanteros juveniles que Boca lleva a Mendoza\" src=\"http:\/\/hoycordobaweb.com\/wp-content\/uploads\/2022\/09\/como-esta-benedetto-cuantos-kilos-perdio-y-cuando-vuelve-6.jpg\" loading=\"lazy\"><br \/>\n<\/a>\n<\/picture>\n<\/div>\n<\/div><\/div>\n<\/div>\n<div class=\"sp__SM\">\n<div class=\"content-new \">\n<span class=\"tit-mobile\">Mir\u00e1 tambi\u00e9n<\/span><\/p>\n<div class=\"mg\">\n<div class=\"wrap-figure\">\n<picture>\n<a href=\"https:\/\/www.ole.com.ar\/boca-juniors\/boca-llegada-mendoza-godoy-cruz_0_UoEntIySnG.html\" target=\"_self\" rel=\"noopener noreferrer\"><br \/>\n<img class=\"img-responsive\" alt=\"Video: \u00a1gran recibimiento a Boca en Mendoza!\" src=\"http:\/\/hoycordobaweb.com\/wp-content\/uploads\/2022\/09\/como-esta-benedetto-cuantos-kilos-perdio-y-cuando-vuelve-7.jpg\" loading=\"lazy\"><br \/>\n<\/a>\n<\/picture>\n<\/div>\n<\/div><\/div>\n<\/div>\n<p>Pues bien,<strong> \u00bfcu\u00e1nto podr\u00e1 pegar la vuelta? Nada menos que en los cuartos&nbsp;de final de la Copa Argentina, el mi\u00e9rcoles 28 de septiembre<\/strong> (al final ser\u00e1 a las 22 y no a&nbsp;21.30, como estaba previsto) en Mendoza&nbsp;contra Quilmes. Y no es poco&#8230;<\/p>\n<div class=\"sp__SM\">\n<div class=\"content-new \">\n<span class=\"tit-mobile\">Mir\u00e1 tambi\u00e9n<\/span><\/p>\n<div class=\"mg\">\n<div class=\"wrap-figure\">\n<picture>\n<a href=\"https:\/\/www.ole.com.ar\/futbol-primera\/palermo-seleccion-miami-newells_0_NGMSfJhhsJ.html\" target=\"_self\" rel=\"noopener noreferrer\"><br \/>\n<img class=\"img-responsive\" alt=\"Palermo, entre Newell's y la Selecci\u00f3n\" src=\"http:\/\/hoycordobaweb.com\/wp-content\/uploads\/2022\/09\/como-esta-benedetto-cuantos-kilos-perdio-y-cuando-vuelve-8.jpg\" loading=\"lazy\"><br \/>\n<\/a>\n<\/picture>\n<\/div>\n<\/div><\/div>\n<\/div>\n<h2><strong>El momento de Pipa y la importancia de su regreso<\/strong><\/h2>\n<p><strong>La mala noticia para Boca y para Benedetto es que este parate al delantero le lleg\u00f3 en un momento b\u00e1rbaro. <\/strong>Porque m\u00e1s all\u00e1 de que contra el Globo casi no la toc\u00f3 y sali\u00f3 a los 45&#8242; porque ya arrastraba la molestia muscular, antes de eso el 9 hab\u00eda vuelto a ser el Pipa&#8230;<\/p>\n<div class=\"sp__SM\">\n<div class=\"content-new \">\n<span class=\"tit-mobile\">Mir\u00e1 tambi\u00e9n<\/span><\/p>\n<div class=\"mg\">\n<div class=\"wrap-figure\">\n<picture>\n<a href=\"https:\/\/www.ole.com.ar\/boca-juniors\/wanchope-abila-consejo-futbol-miserable-poder_0_WovgaJmo7O.html\" target=\"_self\" rel=\"noopener noreferrer\"><br \/>\n<img class=\"img-responsive\" alt=\"Wanchope \u00c1bila, picante con el Consejo de Boca: &quot;El miserable se ve con el poder...&quot;\" src=\"http:\/\/hoycordobaweb.com\/wp-content\/uploads\/2022\/09\/como-esta-benedetto-cuantos-kilos-perdio-y-cuando-vuelve-9.jpg\" loading=\"lazy\"><br \/>\n<\/a>\n<\/picture>\n<\/div>\n<\/div><\/div>\n<\/div>\n<p>Porque Benedetto recuper\u00f3 su nivel y su capacidad goleadora, porque<strong> rompi\u00f3 una racha de \u00a110 partidos! sin meterla<\/strong> (la m\u00e1s larga en sus dos etapas en el club), porque <strong>le dio el triunfo a Boca en el supercl\u00e1sico contra RIver en la Bombonera y porque unos d\u00edas despu\u00e9s de eso volvi\u00f3 a ser el art\u00edfice del 1-0 del Xeneize contra Lan\u00fas<\/strong> en La Fortaleza. Dos goles, seis puntos claves para la pelea del campeonato.<\/p>\n<div class=\"sp__Normal\">\n<div class=\"image-embeb image-trigger\" readability=\"8.5\">\n<picture><source media=\"(min-width: 720px)\" srcset=\"http:\/\/hoycordobaweb.com\/wp-content\/uploads\/2022\/09\/como-esta-benedetto-cuantos-kilos-perdio-y-cuando-vuelve-10.jpg\"><img itemprop=\"image\" src=\"http:\/\/hoycordobaweb.com\/wp-content\/uploads\/2022\/09\/como-esta-benedetto-cuantos-kilos-perdio-y-cuando-vuelve-10.jpg\" loading=\"lazy\" alt=\"Boca Juniors' Argentine forward Dario Benedetto gestures before the Argentine Professional Football League Tournament 2022 match between Lanus and Boca Juniors at the Ciudad de Lanus stadium in Lanus, Buenos Aires province, on September 14, 2022. (Photo by ALEJANDRO PAGNI \/ AFP)\">\n<\/picture><figcaption readability=\"7\">\n<p>Boca Juniors&#8217; Argentine forward Dario Benedetto gestures before the Argentine Professional Football League Tournament 2022 match between Lanus and Boca Juniors at the Ciudad de Lanus stadium in Lanus, Buenos Aires province, on September 14, 2022. (Photo by ALEJANDRO PAGNI \/ AFP)\n<\/p>\n<\/figcaption><\/div>\n<\/div>\n<p>Por eso la sonrisa de Pipa este jueves en su regreso al Centro de Entrenamiento de Ezeiza. Y por eso tambi\u00e9n <strong>la sonrisa del Negro Ibarra, que recupera no s\u00f3lo a un referente dentro y fuera de la cancha<\/strong>, sino tambi\u00e9n al goleador del equipo. Y sobre todo en un momento clave, de doble competencia y en donde Boca le apunta a los dos frentes. <strong>Vaya si es buena noticia el regreso del 9&#8230;<\/strong><\/p>\n<h2><strong>La llegada de Boca a Mendoza<\/strong><\/h2>\n<div class=\"entry-tags\">\n<h2>TEMAS QUE APARECEN EN ESTA NOTA<\/h2>\n<\/p><\/div>\n","protected":false},"excerpt":{"rendered":"<p>Fueron varias las novedades este jueves en el entrenamiento de Boca en Ezeiza antes de emprender el vuelo a Mendoza. Por un lado, Hugo Ibarra par\u00f3 el equipo que seguramente este viernes visite a Godoy Cruz desde las 19; y por otro el plantel le dio de nuevo la bienvenida a un referente: Dar\u00edo Benedetto [&hellip;]<\/p>\n","protected":false},"author":1,"featured_media":48832,"comment_status":"open","ping_status":"closed","sticky":false,"template":"","format":"standard","meta":[],"categories":[16],"tags":[],"_links":{"self":[{"href":"http:\/\/hoycordobaweb.com\/index.php\/wp-json\/wp\/v2\/posts\/48831"}],"collection":[{"href":"http:\/\/hoycordobaweb.com\/index.php\/wp-json\/wp\/v2\/posts"}],"about":[{"href":"http:\/\/hoycordobaweb.com\/index.php\/wp-json\/wp\/v2\/types\/post"}],"author":[{"embeddable":true,"href":"http:\/\/hoycordobaweb.com\/index.php\/wp-json\/wp\/v2\/users\/1"}],"replies":[{"embeddable":true,"href":"http:\/\/hoycordobaweb.com\/index.php\/wp-json\/wp\/v2\/comments?post=48831"}],"version-history":[{"count":0,"href":"http:\/\/hoycordobaweb.com\/index.php\/wp-json\/wp\/v2\/posts\/48831\/revisions"}],"wp:featuredmedia":[{"embeddable":true,"href":"http:\/\/hoycordobaweb.com\/index.php\/wp-json\/wp\/v2\/media\/48832"}],"wp:attachment":[{"href":"http:\/\/hoycordobaweb.com\/index.php\/wp-json\/wp\/v2\/media?parent=48831"}],"wp:term":[{"taxonomy":"category","embeddable":true,"href":"http:\/\/hoycordobaweb.com\/index.php\/wp-json\/wp\/v2\/categories?post=48831"},{"taxonomy":"post_tag","embeddable":true,"href":"http:\/\/hoycordobaweb.com\/index.php\/wp-json\/wp\/v2\/tags?post=48831"}],"curies":[{"name":"wp","href":"https:\/\/api.w.org\/{rel}","templated":true}]}}