{"id":48829,"date":"2022-09-23T00:07:34","date_gmt":"2022-09-23T00:07:34","guid":{"rendered":"https:\/\/www.ole.com.ar\/futbol-ascenso\/ascenso-seleccion-argentina-sub-20_0_eZJkP1iiKF.html"},"modified":"2022-09-23T00:07:34","modified_gmt":"2022-09-23T00:07:34","slug":"la-sorpresa-de-mascherano-en-la-sub-20","status":"publish","type":"post","link":"http:\/\/hoycordobaweb.com\/index.php\/2022\/09\/23\/la-sorpresa-de-mascherano-en-la-sub-20\/","title":{"rendered":"La sorpresa de Mascherano en la Sub 20"},"content":{"rendered":"<p><img src=\"http:\/\/hoycordobaweb.com\/wp-content\/uploads\/2022\/09\/la-sorpresa-de-mascherano-en-la-sub-20.jpg\"><\/p>\n<p> <a target=\"_blank\" href=\"https:\/\/www.ole.com.ar\/tema\/javier-mascherano.html\" rel=\"noopener noreferrer\"><strong>Javier Mascherano<\/strong><\/a>, el director t\u00e9cnico de la<strong> <a target=\"_blank\" href=\"https:\/\/www.ole.com.ar\/seleccion\/mascherano-odesur-lista-sub-20_0_qBOquT6l9f.html\" rel=\"noopener noreferrer\">Selecci\u00f3n Argentina Sub 20,&nbsp;<\/a>present\u00f3 la lista de convocados para jugar&nbsp;la 12\u00aa edici\u00f3n de los Juegos Suramericanos Odesur.<\/strong> Entre ellos se encuentra <mark><strong>Alex&nbsp;Luna, el juvenil que milita en la <a target=\"_blank\" href=\"https:\/\/www.ole.com.ar\/futbol-ascenso\/b-nacional\/\" rel=\"noopener noreferrer\">Primera Nacional<\/a> con la camiseta de Atl\u00e9tico de Rafaela, la sorpresa de la lista.<\/strong><\/mark><\/p>\n<h2><strong>LA CARRERA DE LA JOYA<\/strong><\/h2>\n<div class=\"sp__Normal\">\n<div class=\"image-embeb image-trigger\" readability=\"6\">\n<picture><source media=\"(min-width: 720px)\" srcset=\"http:\/\/hoycordobaweb.com\/wp-content\/uploads\/2022\/09\/la-sorpresa-de-mascherano-en-la-sub-20-2.jpg\"><img itemprop=\"image\" src=\"http:\/\/hoycordobaweb.com\/wp-content\/uploads\/2022\/09\/la-sorpresa-de-mascherano-en-la-sub-20-2.jpg\" loading=\"lazy\" alt=\"El gol de Luna a Brown (A) (Foto TELAM)\">\n<\/picture><figcaption readability=\"2\">\n<p>El gol de Luna a Brown (A) (Foto TELAM)\n<\/p>\n<\/figcaption><\/div>\n<\/div>\n<div class=\"sp__SM\">\n<div class=\"content-new \">\n<span class=\"tit-mobile\">Mir\u00e1 tambi\u00e9n<\/span><\/p>\n<div class=\"mg\">\n<div class=\"wrap-figure\">\n<picture>\n<a href=\"https:\/\/www.ole.com.ar\/futbol-ascenso\/primera-b-andes_0_tQUa9FbQ5Q.html\" target=\"_self\" rel=\"noopener noreferrer\"><br \/>\n<img class=\"img-responsive\" alt=\"Lomas volver\u00e1 a jugar sin p\u00fablico\" src=\"http:\/\/hoycordobaweb.com\/wp-content\/uploads\/2022\/09\/la-sorpresa-de-mascherano-en-la-sub-20-3.jpg\" loading=\"lazy\"><br \/>\n<\/a>\n<\/picture>\n<\/div>\n<\/div><\/div>\n<\/div>\n<p><strong>E<mark>l crack de Rafaela es categor\u00eda 2004, se encuentra hace a\u00f1os en primera y tuvo la oportunidad de debutar el 7 de diciembre del 2020 a sus 16 a\u00f1os en el partido frente a Tigre<\/mark><\/strong>. Cuenta con dos goles en su carrera como profesional y es el \u00ab10\u00bb para Ezequiel Medr\u00e1n.&nbsp;&nbsp;<\/p>\n<div class=\"sp__SM\">\n<div class=\"content-new \">\n<span class=\"tit-mobile\">Mir\u00e1 tambi\u00e9n<\/span><\/p>\n<div class=\"mg\">\n<div class=\"wrap-figure\">\n<picture>\n<a href=\"https:\/\/www.ole.com.ar\/futbol-ascenso\/p-nacional-anuncio_0_E9Woc1WxmZ.html\" target=\"_self\" rel=\"noopener noreferrer\"><br \/>\n<img class=\"img-responsive\" alt=\"Con el deseo de ingresar al reducido\" src=\"http:\/\/hoycordobaweb.com\/wp-content\/uploads\/2022\/09\/la-sorpresa-de-mascherano-en-la-sub-20-4.jpg\" loading=\"lazy\"><br \/>\n<\/a>\n<\/picture>\n<\/div>\n<\/div><\/div>\n<\/div>\n<h2><strong>SU PASADO CON LA ALBICELESTE<\/strong><\/h2>\n<div class=\"sp__Normal\">\n<div class=\"image-embeb image-trigger\" readability=\"6.5\">\n<picture><source media=\"(min-width: 720px)\" srcset=\"http:\/\/hoycordobaweb.com\/wp-content\/uploads\/2022\/09\/la-sorpresa-de-mascherano-en-la-sub-20-5.jpg\"><img itemprop=\"image\" src=\"http:\/\/hoycordobaweb.com\/wp-content\/uploads\/2022\/09\/la-sorpresa-de-mascherano-en-la-sub-20-5.jpg\" loading=\"lazy\" alt=\"El pibe Luna, seguido desde Europa.\">\n<\/picture><figcaption readability=\"3\">\n<p>El pibe Luna, seguido desde Europa.\n<\/p>\n<\/figcaption><\/div>\n<\/div>\n<p>Luna, en el a\u00f1o 2019, fue convocado para representar los colores del <strong>Seleccionado Nacional<\/strong>. A<strong>quella vez integr\u00f3 la Selecci\u00f3n Sub 15 y <mark>fue campe\u00f3n en el Torneo Internacional Vlatko Markovic, que se disput\u00f3 en Croacia.<\/mark><\/strong><\/p>\n<div class=\"sp__SM\">\n<div class=\"content-new \">\n<span class=\"tit-mobile\">Mir\u00e1 tambi\u00e9n<\/span><\/p>\n<div class=\"mg\">\n<div class=\"wrap-figure\">\n<picture>\n<a href=\"https:\/\/www.ole.com.ar\/futbol-ascenso\/ascenso-primera-c-deportivo-espanol-_0_DviNLp0L6c.html\" target=\"_self\" rel=\"noopener noreferrer\"><br \/>\n<img class=\"img-responsive\" alt=\"El l\u00edder abre la fecha en busca de m\u00e1s ventaja\" src=\"http:\/\/hoycordobaweb.com\/wp-content\/uploads\/2022\/09\/la-sorpresa-de-mascherano-en-la-sub-20-6.jpg\" loading=\"lazy\"><br \/>\n<\/a>\n<\/picture>\n<\/div>\n<\/div><\/div>\n<\/div>\n<h2><strong>AS\u00cd LO ANUNCI\u00d3 EL CLUB<\/strong><\/h2>\n<div class=\"sp__Normal htmlLibre\">\n<div class=\"embed-responsive-c\" readability=\"6.6105121293801\">\n<blockquote class=\"twitter-tweet\" readability=\"7.0512129380054\">\n<p lang=\"es\" dir=\"ltr\">\u00a1Alex de Selecci\u00f3n!<br \/>La Asociaci\u00f3n del F\u00fatbol Argentino inform\u00f3 en el d\u00eda de hoy que nuestro jugador Alex Luna fue citado para integrar la Selecci\u00f3n Nacional Sub 20 que defender\u00e1 los colores del pa\u00eds en la 12\u00aa edici\u00f3n de los Juegos Suramericanos Odesur. \u00a1Felicitaciones Alex! <a href=\"https:\/\/t.co\/D5QZIuWhfo\">pic.twitter.com\/D5QZIuWhfo<\/a><\/p>\n<p>\u2014 Atl\u00e9tico de Rafaela (@OficialAMSyD) <a href=\"https:\/\/twitter.com\/OficialAMSyD\/status\/1573020885556109313?ref_src=twsrc%5Etfw\">September 22, 2022<\/a><\/p><\/blockquote><\/div>\n<\/div>\n<h2><strong>LA SELECCI\u00d3N DEL JEFECITO<\/strong><\/h2>\n<div class=\"sp__Normal\">\n<div class=\"image-embeb image-trigger\" readability=\"6\">\n<picture><source media=\"(min-width: 720px)\" srcset=\"http:\/\/hoycordobaweb.com\/wp-content\/uploads\/2022\/09\/la-sorpresa-de-mascherano-en-la-sub-20-7.jpg\"><img itemprop=\"image\" src=\"http:\/\/hoycordobaweb.com\/wp-content\/uploads\/2022\/09\/la-sorpresa-de-mascherano-en-la-sub-20-7.jpg\" loading=\"lazy\" alt=\"La Selecci\u00f3n Sub 20 festej\u00f3 en Uruguay.\">\n<\/picture><figcaption readability=\"2\">\n<p>La Selecci\u00f3n Sub 20 festej\u00f3 en Uruguay.\n<\/p>\n<\/figcaption><\/div>\n<\/div>\n<p>La Sub 20 viene entonada,&nbsp;<strong>gan\u00f3 el torneo en L&#8217;Alcudia, Espa\u00f1a<\/strong>, y en septiembre de <strong>este a\u00f1o el cuadrangular amistoso en Maldonado, Uruguay.<\/strong><\/p>\n<div class=\"sp__SM\">\n<div class=\"content-new \">\n<span class=\"tit-mobile\">Mir\u00e1 tambi\u00e9n<\/span><\/p>\n<div class=\"mg\">\n<div class=\"wrap-figure\">\n<picture>\n<a href=\"https:\/\/www.ole.com.ar\/futbol-ascenso\/ascenso-b-nacional-belgrano_0_avG5EWEASp.html\" target=\"_self\" rel=\"noopener noreferrer\"><br \/>\n<img class=\"img-responsive\" alt=\"\u00a1Belgrano agot\u00f3 las entradas!\" src=\"http:\/\/hoycordobaweb.com\/wp-content\/uploads\/2022\/09\/la-sorpresa-de-mascherano-en-la-sub-20-8.jpg\" loading=\"lazy\"><br \/>\n<\/a>\n<\/picture>\n<\/div>\n<\/div><\/div>\n<\/div>\n<h2><strong>LA LISTA COMPLETA<\/strong><\/h2>\n<div class=\"entry-tags\">\n<h2>TEMAS QUE APARECEN EN ESTA NOTA<\/h2>\n<\/p><\/div>\n","protected":false},"excerpt":{"rendered":"<p>Javier Mascherano, el director t\u00e9cnico de la Selecci\u00f3n Argentina Sub 20,&nbsp;present\u00f3 la lista de convocados para jugar&nbsp;la 12\u00aa edici\u00f3n de los Juegos Suramericanos Odesur. Entre ellos se encuentra Alex&nbsp;Luna, el juvenil que milita en la Primera Nacional con la camiseta de Atl\u00e9tico de Rafaela, la sorpresa de la lista. LA CARRERA DE LA JOYA El [&hellip;]<\/p>\n","protected":false},"author":1,"featured_media":48830,"comment_status":"open","ping_status":"closed","sticky":false,"template":"","format":"standard","meta":[],"categories":[16],"tags":[],"_links":{"self":[{"href":"http:\/\/hoycordobaweb.com\/index.php\/wp-json\/wp\/v2\/posts\/48829"}],"collection":[{"href":"http:\/\/hoycordobaweb.com\/index.php\/wp-json\/wp\/v2\/posts"}],"about":[{"href":"http:\/\/hoycordobaweb.com\/index.php\/wp-json\/wp\/v2\/types\/post"}],"author":[{"embeddable":true,"href":"http:\/\/hoycordobaweb.com\/index.php\/wp-json\/wp\/v2\/users\/1"}],"replies":[{"embeddable":true,"href":"http:\/\/hoycordobaweb.com\/index.php\/wp-json\/wp\/v2\/comments?post=48829"}],"version-history":[{"count":0,"href":"http:\/\/hoycordobaweb.com\/index.php\/wp-json\/wp\/v2\/posts\/48829\/revisions"}],"wp:featuredmedia":[{"embeddable":true,"href":"http:\/\/hoycordobaweb.com\/index.php\/wp-json\/wp\/v2\/media\/48830"}],"wp:attachment":[{"href":"http:\/\/hoycordobaweb.com\/index.php\/wp-json\/wp\/v2\/media?parent=48829"}],"wp:term":[{"taxonomy":"category","embeddable":true,"href":"http:\/\/hoycordobaweb.com\/index.php\/wp-json\/wp\/v2\/categories?post=48829"},{"taxonomy":"post_tag","embeddable":true,"href":"http:\/\/hoycordobaweb.com\/index.php\/wp-json\/wp\/v2\/tags?post=48829"}],"curies":[{"name":"wp","href":"https:\/\/api.w.org\/{rel}","templated":true}]}}