{"id":48825,"date":"2022-09-22T11:21:07","date_gmt":"2022-09-22T11:21:07","guid":{"rendered":"https:\/\/manoamanocba.com.ar\/?p=5754"},"modified":"2022-09-22T11:21:07","modified_gmt":"2022-09-22T11:21:07","slug":"el-uso-del-barbijo-deja-de-ser-obligatorio","status":"publish","type":"post","link":"http:\/\/hoycordobaweb.com\/index.php\/2022\/09\/22\/el-uso-del-barbijo-deja-de-ser-obligatorio\/","title":{"rendered":"El uso del barbijo deja de ser obligatorio"},"content":{"rendered":"<div><img src=\"http:\/\/hoycordobaweb.com\/wp-content\/uploads\/2022\/09\/el-uso-del-barbijo-deja-de-ser-obligatorio.jpg\" class=\"ff-og-image-inserted\"><\/div>\n<p>El fin de la obligatoriedad del uso del barbijo dispuesto este mi\u00e9rcoles por el Ministerio de Salud marca una nueva etapa de convivencia con el coronavirus.<\/p>\n<p>No obstante especialistas en infectolog\u00eda recomendaron seguir utiliz\u00e1ndolo en caso de tener alg\u00fan s\u00edntoma como tos, fiebre o dolor muscular para evitar la propagaci\u00f3n de otras enfermedades respiratorias.<\/p>\n<p>La decisi\u00f3n del Ministerio de Salud publicada en la Resoluci\u00f3n 1849\/2022 en el Bolet\u00edn Oficial, tiene lugar a&nbsp;<strong>dos a\u00f1os y medio del comienzo del aislamiento social, preventivo y obligatorio (ASPO) declarado por el Gobierno para paliar los efectos de la pandemia de Covid-19.<\/strong><\/p>\n<p>La nueva medida, que coincide con el inicio de la primavera, contin\u00faa recomendando el uso de barbijo \u00aben espacios interiores, incluyendo los \u00e1mbitos laborales, educativos, sociales y el transporte p\u00fablico\u00bb.<\/p>\n<p>Respecto a la posibilidad de desarrollar cuadros graves de Covid-19 en la actualidad, De Vedia consider\u00f3 que el riesgo es \u00abcada vez menor\u00bb.<\/p>\n<p>Seg\u00fan la resoluci\u00f3n, \u00abel SARS-CoV-2 se ha convertido en un virus circulaci\u00f3n estacional\u00bb, lo que hace que la utilizaci\u00f3n del barbijo quede solo reservada a la presentaci\u00f3n de \u00abescenarios particulares\u00bb.<\/p>\n<p>Especialistas coincidieron en recomendar el uso del barbijo ante un cuadro respiratorio, en el subte, en el transporte p\u00fablico y en reuniones en espacios cerrados.<\/p>\n<p>Adem\u00e1s, la resoluci\u00f3n de la cartera sanitaria sugiere&nbsp;<strong>asegurar la ventilaci\u00f3n de los ambientes y, ante la presencia de s\u00edntomas, evitar el contacto con otras personas<\/strong>, no acudir a actividades laborales, sociales, educativas, lugares p\u00fablicos y evitar el uso de transporte.<\/p>\n<p>La nueva medida entr\u00f3 en vigencia el mi\u00e9rcoles en todo el pa\u00eds y cada jurisdicci\u00f3n \u00abpodr\u00e1 adoptar las recomendaciones pertinentes en funci\u00f3n de su situaci\u00f3n epidemiol\u00f3gica particular y la estrategia sanitaria planificada\u00bb, se agreg\u00f3 en el texto oficial.<\/p>\n","protected":false},"excerpt":{"rendered":"<p>El fin de la obligatoriedad del uso del barbijo dispuesto este mi\u00e9rcoles por el Ministerio de Salud marca una nueva etapa de convivencia con el coronavirus. No obstante especialistas en infectolog\u00eda recomendaron seguir utiliz\u00e1ndolo en caso de tener alg\u00fan s\u00edntoma como tos, fiebre o dolor muscular para evitar la propagaci\u00f3n de otras enfermedades respiratorias. La [&hellip;]<\/p>\n","protected":false},"author":1,"featured_media":48826,"comment_status":"closed","ping_status":"closed","sticky":false,"template":"","format":"standard","meta":[],"categories":[19],"tags":[],"_links":{"self":[{"href":"http:\/\/hoycordobaweb.com\/index.php\/wp-json\/wp\/v2\/posts\/48825"}],"collection":[{"href":"http:\/\/hoycordobaweb.com\/index.php\/wp-json\/wp\/v2\/posts"}],"about":[{"href":"http:\/\/hoycordobaweb.com\/index.php\/wp-json\/wp\/v2\/types\/post"}],"author":[{"embeddable":true,"href":"http:\/\/hoycordobaweb.com\/index.php\/wp-json\/wp\/v2\/users\/1"}],"replies":[{"embeddable":true,"href":"http:\/\/hoycordobaweb.com\/index.php\/wp-json\/wp\/v2\/comments?post=48825"}],"version-history":[{"count":0,"href":"http:\/\/hoycordobaweb.com\/index.php\/wp-json\/wp\/v2\/posts\/48825\/revisions"}],"wp:featuredmedia":[{"embeddable":true,"href":"http:\/\/hoycordobaweb.com\/index.php\/wp-json\/wp\/v2\/media\/48826"}],"wp:attachment":[{"href":"http:\/\/hoycordobaweb.com\/index.php\/wp-json\/wp\/v2\/media?parent=48825"}],"wp:term":[{"taxonomy":"category","embeddable":true,"href":"http:\/\/hoycordobaweb.com\/index.php\/wp-json\/wp\/v2\/categories?post=48825"},{"taxonomy":"post_tag","embeddable":true,"href":"http:\/\/hoycordobaweb.com\/index.php\/wp-json\/wp\/v2\/tags?post=48825"}],"curies":[{"name":"wp","href":"https:\/\/api.w.org\/{rel}","templated":true}]}}