{"id":48817,"date":"2022-09-22T22:00:44","date_gmt":"2022-09-22T22:00:44","guid":{"rendered":"http:\/\/hoycordobaweb.com\/index.php\/2022\/09\/22\/broad-peak-la-pelicula-de-netflix-y-los-hechos-reales-del-alpinista-maciej-berbeka-univision\/"},"modified":"2022-09-22T22:00:44","modified_gmt":"2022-09-22T22:00:44","slug":"broad-peak-la-pelicula-de-netflix-y-los-hechos-reales-del-alpinista-maciej-berbeka-univision","status":"publish","type":"post","link":"http:\/\/hoycordobaweb.com\/index.php\/2022\/09\/22\/broad-peak-la-pelicula-de-netflix-y-los-hechos-reales-del-alpinista-maciej-berbeka-univision\/","title":{"rendered":"Broad Peak, la pel\u00edcula de <b>Netflix<\/b>, y los hechos reales del alpinista Maciej Berbeka &#8211; Univision"},"content":{"rendered":"<p>La pel\u00edcula &#39;Broad Peak&#39; est\u00e1 inspirada en la tr\u00e1gica historia real del alpinista Maciej Berbeka, aqu\u00ed te la contamos. <\/p>\n","protected":false},"excerpt":{"rendered":"<p>La pel\u00edcula &#39;Broad Peak&#39; est\u00e1 inspirada en la tr\u00e1gica historia real del alpinista Maciej Berbeka, aqu\u00ed te la contamos.<\/p>\n","protected":false},"author":1,"featured_media":0,"comment_status":"closed","ping_status":"closed","sticky":false,"template":"","format":"standard","meta":[],"categories":[23],"tags":[],"_links":{"self":[{"href":"http:\/\/hoycordobaweb.com\/index.php\/wp-json\/wp\/v2\/posts\/48817"}],"collection":[{"href":"http:\/\/hoycordobaweb.com\/index.php\/wp-json\/wp\/v2\/posts"}],"about":[{"href":"http:\/\/hoycordobaweb.com\/index.php\/wp-json\/wp\/v2\/types\/post"}],"author":[{"embeddable":true,"href":"http:\/\/hoycordobaweb.com\/index.php\/wp-json\/wp\/v2\/users\/1"}],"replies":[{"embeddable":true,"href":"http:\/\/hoycordobaweb.com\/index.php\/wp-json\/wp\/v2\/comments?post=48817"}],"version-history":[{"count":0,"href":"http:\/\/hoycordobaweb.com\/index.php\/wp-json\/wp\/v2\/posts\/48817\/revisions"}],"wp:attachment":[{"href":"http:\/\/hoycordobaweb.com\/index.php\/wp-json\/wp\/v2\/media?parent=48817"}],"wp:term":[{"taxonomy":"category","embeddable":true,"href":"http:\/\/hoycordobaweb.com\/index.php\/wp-json\/wp\/v2\/categories?post=48817"},{"taxonomy":"post_tag","embeddable":true,"href":"http:\/\/hoycordobaweb.com\/index.php\/wp-json\/wp\/v2\/tags?post=48817"}],"curies":[{"name":"wp","href":"https:\/\/api.w.org\/{rel}","templated":true}]}}