{"id":48810,"date":"2022-09-22T09:25:00","date_gmt":"2022-09-22T09:25:00","guid":{"rendered":"https:\/\/fm-comunicar.com.ar\/contenido\/19619\/santino-visintin-celebro-su-primer-campeonato-de-karting"},"modified":"2022-09-22T09:25:00","modified_gmt":"2022-09-22T09:25:00","slug":"santino-visintin-celebro-su-primer-campeonato-de-karting","status":"publish","type":"post","link":"http:\/\/hoycordobaweb.com\/index.php\/2022\/09\/22\/santino-visintin-celebro-su-primer-campeonato-de-karting\/","title":{"rendered":"Santino Visint\u00edn celebr\u00f3 su primer campeonato de karting"},"content":{"rendered":"<p>Se consagr\u00f3 el pasado fin de semana en el circuito local en la doble fecha de la Copa Rotax. Con solo nueve a\u00f1os, ya piensa en estar toda su vida ligada al automovilismo y ser un piloto profesional.<img src=\"http:\/\/hoycordobaweb.com\/wp-content\/uploads\/2022\/09\/santino-visintin-celebro-su-primer-campeonato-de-karting.jpg\"><\/p>\n","protected":false},"excerpt":{"rendered":"<p>Se consagr\u00f3 el pasado fin de semana en el circuito local en la doble fecha de la Copa Rotax. Con solo nueve a\u00f1os, ya piensa en estar toda su vida ligada al automovilismo y ser un piloto profesional.<\/p>\n","protected":false},"author":1,"featured_media":48811,"comment_status":"closed","ping_status":"closed","sticky":false,"template":"","format":"standard","meta":[],"categories":[16,18],"tags":[],"_links":{"self":[{"href":"http:\/\/hoycordobaweb.com\/index.php\/wp-json\/wp\/v2\/posts\/48810"}],"collection":[{"href":"http:\/\/hoycordobaweb.com\/index.php\/wp-json\/wp\/v2\/posts"}],"about":[{"href":"http:\/\/hoycordobaweb.com\/index.php\/wp-json\/wp\/v2\/types\/post"}],"author":[{"embeddable":true,"href":"http:\/\/hoycordobaweb.com\/index.php\/wp-json\/wp\/v2\/users\/1"}],"replies":[{"embeddable":true,"href":"http:\/\/hoycordobaweb.com\/index.php\/wp-json\/wp\/v2\/comments?post=48810"}],"version-history":[{"count":0,"href":"http:\/\/hoycordobaweb.com\/index.php\/wp-json\/wp\/v2\/posts\/48810\/revisions"}],"wp:featuredmedia":[{"embeddable":true,"href":"http:\/\/hoycordobaweb.com\/index.php\/wp-json\/wp\/v2\/media\/48811"}],"wp:attachment":[{"href":"http:\/\/hoycordobaweb.com\/index.php\/wp-json\/wp\/v2\/media?parent=48810"}],"wp:term":[{"taxonomy":"category","embeddable":true,"href":"http:\/\/hoycordobaweb.com\/index.php\/wp-json\/wp\/v2\/categories?post=48810"},{"taxonomy":"post_tag","embeddable":true,"href":"http:\/\/hoycordobaweb.com\/index.php\/wp-json\/wp\/v2\/tags?post=48810"}],"curies":[{"name":"wp","href":"https:\/\/api.w.org\/{rel}","templated":true}]}}