{"id":48765,"date":"2022-09-21T04:30:19","date_gmt":"2022-09-21T04:30:19","guid":{"rendered":"http:\/\/hoycordobaweb.com\/index.php\/2022\/09\/21\/los-cromos-del-mundial-de-futbol-y-el-album-de-panini-es-problema-de-estado-en-argentina\/"},"modified":"2022-09-21T04:30:19","modified_gmt":"2022-09-21T04:30:19","slug":"los-cromos-del-mundial-de-futbol-y-el-album-de-panini-es-problema-de-estado-en-argentina","status":"publish","type":"post","link":"http:\/\/hoycordobaweb.com\/index.php\/2022\/09\/21\/los-cromos-del-mundial-de-futbol-y-el-album-de-panini-es-problema-de-estado-en-argentina\/","title":{"rendered":"Los cromos del Mundial de <b>F\u00fatbol<\/b> y el \u00e1lbum de Panini es problema de Estado en <b>Argentina<\/b>"},"content":{"rendered":"<p>La escasez de los cromos para llenar el \u00e1lbum del Mundial de <b>F\u00fatbol<\/b> Qatar 2022 &#8230; del gobierno del presidente <b>argentino<\/b> Alejandro Fern\u00e1ndez. <\/p>\n","protected":false},"excerpt":{"rendered":"<p>La escasez de los cromos para llenar el \u00e1lbum del Mundial de F\u00fatbol Qatar 2022 &#8230; del gobierno del presidente argentino Alejandro Fern\u00e1ndez.<\/p>\n","protected":false},"author":1,"featured_media":0,"comment_status":"closed","ping_status":"closed","sticky":false,"template":"","format":"standard","meta":[],"categories":[22],"tags":[],"_links":{"self":[{"href":"http:\/\/hoycordobaweb.com\/index.php\/wp-json\/wp\/v2\/posts\/48765"}],"collection":[{"href":"http:\/\/hoycordobaweb.com\/index.php\/wp-json\/wp\/v2\/posts"}],"about":[{"href":"http:\/\/hoycordobaweb.com\/index.php\/wp-json\/wp\/v2\/types\/post"}],"author":[{"embeddable":true,"href":"http:\/\/hoycordobaweb.com\/index.php\/wp-json\/wp\/v2\/users\/1"}],"replies":[{"embeddable":true,"href":"http:\/\/hoycordobaweb.com\/index.php\/wp-json\/wp\/v2\/comments?post=48765"}],"version-history":[{"count":0,"href":"http:\/\/hoycordobaweb.com\/index.php\/wp-json\/wp\/v2\/posts\/48765\/revisions"}],"wp:attachment":[{"href":"http:\/\/hoycordobaweb.com\/index.php\/wp-json\/wp\/v2\/media?parent=48765"}],"wp:term":[{"taxonomy":"category","embeddable":true,"href":"http:\/\/hoycordobaweb.com\/index.php\/wp-json\/wp\/v2\/categories?post=48765"},{"taxonomy":"post_tag","embeddable":true,"href":"http:\/\/hoycordobaweb.com\/index.php\/wp-json\/wp\/v2\/tags?post=48765"}],"curies":[{"name":"wp","href":"https:\/\/api.w.org\/{rel}","templated":true}]}}