{"id":48730,"date":"2022-09-20T23:55:35","date_gmt":"2022-09-20T23:55:35","guid":{"rendered":"https:\/\/www.ole.com.ar\/futbol-ascenso\/ascenso-primera-b-colegiales-obras-_0_0Nfe8GPvX0.html"},"modified":"2022-09-20T23:55:35","modified_gmt":"2022-09-20T23:55:35","slug":"el-tricolor-crece-y-se-agranda","status":"publish","type":"post","link":"http:\/\/hoycordobaweb.com\/index.php\/2022\/09\/20\/el-tricolor-crece-y-se-agranda\/","title":{"rendered":"El Tricolor crece y se agranda"},"content":{"rendered":"<p><img src=\"http:\/\/hoycordobaweb.com\/wp-content\/uploads\/2022\/09\/el-tricolor-crece-y-se-agranda.jpg\"><\/p>\n<p><mark><strong>No para de crecer.<\/strong><\/mark> Sabida es la intenci\u00f3n que tiene <a data-cke-saved-href=\"https:\/\/www.ole.com.ar\/tema\/colegiales.html\" target=\"_blank\" href=\"https:\/\/www.ole.com.ar\/tema\/colegiales.html\" rel=\"noopener noreferrer\">Colegiales <\/a>de pegar el salto de categor\u00eda, y <strong>el conjunto de Munro hace rato que viene haciendo las cosas bien. <\/strong>Esto qued\u00f3 demostrado ya en la temporada pasada, cuando el Tricolor perdi\u00f3 de manera infartante dos finales por el ascenso (ante <a data-cke-saved-href=\"https:\/\/www.ole.com.ar\/tema\/flandria.html\" target=\"_blank\" href=\"https:\/\/www.ole.com.ar\/tema\/flandria.html\" rel=\"noopener noreferrer\">Flandria <\/a>y <a data-cke-saved-href=\"https:\/\/www.ole.com.ar\/tema\/sacachispas.html\" target=\"_blank\" href=\"https:\/\/www.ole.com.ar\/tema\/sacachispas.html\" rel=\"noopener noreferrer\">Sacachispas<\/a>) y se qued\u00f3 en las puertas de subir a la Primera Nacional.<\/p>\n<p>Pero, lejos de lamentarse, Cole mantuvo el proyecto futbol\u00edstico, retuvo a su cuerpo t\u00e9cnico y encar\u00f3 otra temporada con el mismo objetivo. <mark><strong>El certamen actual volvi\u00f3 a convertirlo en protagonista:<\/strong><\/mark> culmin\u00f3 tercero el Apertura (a tan solo 3 unidades del campe\u00f3n <a data-cke-saved-href=\"https:\/\/www.ole.com.ar\/tema\/comunicaciones.html\" target=\"_blank\" href=\"https:\/\/www.ole.com.ar\/tema\/comunicaciones.html\" rel=\"noopener noreferrer\">Comunicaciones<\/a>) y es l\u00edder del Clausura, a dos fechas del final.<\/p>\n<div class=\"sp__SM\">\n<div class=\"content-new \">\n<span class=\"tit-mobile\">Mir\u00e1 tambi\u00e9n<\/span><\/p>\n<div class=\"mg\">\n<div class=\"wrap-figure\">\n<picture>\n<a href=\"https:\/\/www.ole.com.ar\/futbol-ascenso\/belgrano-hinchas-aprevide_0_gA2ymU9dAI.html\" target=\"_self\" rel=\"noopener noreferrer\"><br \/>\n<img class=\"img-responsive\" alt=\"\u00bfBelgrano podr\u00e1 llevar hinchas a Adrogu\u00e9 en su su posible ascenso?\" src=\"http:\/\/hoycordobaweb.com\/wp-content\/uploads\/2022\/09\/el-tricolor-crece-y-se-agranda-2.jpg\" loading=\"lazy\"><br \/>\n<\/a>\n<\/picture>\n<\/div>\n<\/div><\/div>\n<\/div>\n<p>Ahora, <strong>ese crecimiento mostrado dentro del campo en los \u00faltimos a\u00f1os, Colegiales lo traslad\u00f3 afuera.<\/strong> Desde ayer, <strong>la instituci\u00f3n anunci\u00f3 el comienzo de nuevas obras,<\/strong> con el objetivo de sentar las bases para llevar a cabo <mark><strong>la uni\u00f3n de dos tribunas y la construcci\u00f3n de cabinas de transmisi\u00f3n,<\/strong><\/mark> adem\u00e1s de <mark><strong>reformar la secretar\u00eda.<\/strong><\/mark>&nbsp;Esto le permitir\u00e1 al club ampliar la capacidad de su estadio y modernizar las condiciones en el sector de prensa.<\/p>\n<p>Alejandro Carrizo, presidente del club, manifest\u00f3 que \u00abnosotros encaramos en septiembre distintas obras: una es la remodelaci\u00f3n de la secretaria, la segunda obra es la uni\u00f3n de dos tribunas, que son las laterales que est\u00e1n sobre los bancos de suplentes, y adem\u00e1s de eso se van a hacer las cabinas de transmisi\u00f3n nuevas, calculamos que por el espacio que tenemos ser\u00e1n entre siete u ocho\u00bb. <\/p>\n<h2><strong>El \u00absue\u00f1o de todo Colegiales\u00bb<\/strong><\/h2>\n<p><mark>\u200b<strong>\u00abOtra de las obras, que yo creo que es la que nos saca el sue\u00f1o a toda la comisi\u00f3n y a todos los hinchas de Cole, es la iluminaci\u00f3n del estadio.<\/strong><\/mark> Se comenz\u00f3 exactamente el 2 de septiembre con eso, se colocaron dos torres de iluminaci\u00f3n\u00bb, expres\u00f3 Carrizo. <\/p>\n<h2><strong>El plazo de las obras<\/strong><\/h2>\n<p><strong>\u200b<\/strong><mark><strong>\u00abCreemos que la primera en terminar va a ser la secretar\u00eda porque es la m\u00e1s chica y la m\u00e1s accesible,<\/strong><\/mark> con el tiempo iremos terminando lo otro. Tampoco es que vamos a tardar 10 a\u00f1os, si Dios quiere el a\u00f1o que viene tendr\u00eda que estar todo terminado. Somos una comisi\u00f3n obsesionada con hacer obras, es nuestra prioridad ver a Cole crecer despues de tantos a\u00f1os;&nbsp;la verdad que nos cuesta mucho pero no dudamos y vamos siempre para adelante\u00bb, expres\u00f3.&nbsp;<\/p>\n<div class=\"sp__Normal htmlLibre\">\n<div class=\"embed-responsive-c\" readability=\"6.9189189189189\">\n<blockquote class=\"twitter-tweet\" readability=\"7.7837837837838\">\n<p lang=\"es\" dir=\"ltr\">\ud83d\udccc <a href=\"https:\/\/twitter.com\/hashtag\/Obras?src=hash&amp;ref_src=twsrc%5Etfw\">#Obras<\/a><\/p>\n<p>El Trico no para y la subcomision de obras tampoco.<\/p>\n<p>El d\u00eda de ayer comenzaron las obras de las 9 bases para las columnas de la nueva tribuna y de las cabinas de transmisi\u00f3n. <br \/>En simult\u00e1neo contin\u00faan los trabajos en la pared y el ba\u00f1o del sector de la calle Italia. <a href=\"https:\/\/t.co\/2gyKfOLl39\">pic.twitter.com\/2gyKfOLl39<\/a><\/p>\n<p>\u2014 Club Atletico Colegiales (@Colegiales1908) <a href=\"https:\/\/twitter.com\/Colegiales1908\/status\/1572193858359742464?ref_src=twsrc%5Etfw\">September 20, 2022<\/a><\/p><\/blockquote><\/div>\n<\/div>\n<p>El estadio Libertadores Unidos cuenta, en la actualidad, <mark><strong>con capacidad para albergar a 5000 personas. <\/strong><\/mark>Fue inaugurado en 1948. Hoy el club, <mark><strong>con un enorme esfuerzo institucional realizado en medio de un contexto econ\u00f3mico delicado, decide agrandar y mejorar su infraestructura.<\/strong><\/mark><\/p>\n<h2><strong>\u00a1Puede gritar campe\u00f3n!<\/strong><\/h2>\n<p><strong>\u200b<mark>El Tricolor se ubica en lo m\u00e1s alto del Clausura de Primera B.<\/mark><\/strong> Los conducidos por Dar\u00edo Lema re\u00fanen 31 unidades, producto de 10 triunfos, 1 empate y 3 derrotas y le sacan un solo punto a su escolta Deportivo Armenio, que tiene 30. <mark><strong>Con 23 goles en 14 partidos jugados, es el equipo m\u00e1s goleador del campeonato<\/strong><\/mark> y el segundo que m\u00e1s tantos grit\u00f3 en el a\u00f1o, solo por detr\u00e1s de Comunicaciones.<\/p>\n<div class=\"sp__Normal\">\n<div class=\"image-embeb image-trigger\" readability=\"6\">\n<picture><source media=\"(min-width: 720px)\" srcset=\"http:\/\/hoycordobaweb.com\/wp-content\/uploads\/2022\/09\/el-tricolor-crece-y-se-agranda-3.jpg\"><img itemprop=\"image\" src=\"http:\/\/hoycordobaweb.com\/wp-content\/uploads\/2022\/09\/el-tricolor-crece-y-se-agranda-3.jpg\" loading=\"lazy\" alt=\"\u00a1Cole puede gritar campe\u00f3n el domingo!\">\n<\/picture><figcaption readability=\"2\">\n<p>\u00a1Cole puede gritar campe\u00f3n el domingo!\n<\/p>\n<\/figcaption><\/div>\n<\/div>\n<p>Cole viene de tres alegr\u00edas consecutivas y <mark><strong>hasta podr\u00eda gritar campe\u00f3n en la pr\u00f3xima jornada,<\/strong><\/mark> si vence a Talleres de Remedios de Escalada en casa y Armenio cae derrotado en su visita a Comunicaciones. Ambos jugaran en el mismo horario, el s\u00e1bado, desde las 14.<\/p>\n<div class=\"entry-tags\">\n<h2>TEMAS QUE APARECEN EN ESTA NOTA<\/h2>\n<\/p><\/div>\n","protected":false},"excerpt":{"rendered":"<p>No para de crecer. Sabida es la intenci\u00f3n que tiene Colegiales de pegar el salto de categor\u00eda, y el conjunto de Munro hace rato que viene haciendo las cosas bien. Esto qued\u00f3 demostrado ya en la temporada pasada, cuando el Tricolor perdi\u00f3 de manera infartante dos finales por el ascenso (ante Flandria y Sacachispas) y [&hellip;]<\/p>\n","protected":false},"author":1,"featured_media":48731,"comment_status":"open","ping_status":"closed","sticky":false,"template":"","format":"standard","meta":[],"categories":[16],"tags":[],"_links":{"self":[{"href":"http:\/\/hoycordobaweb.com\/index.php\/wp-json\/wp\/v2\/posts\/48730"}],"collection":[{"href":"http:\/\/hoycordobaweb.com\/index.php\/wp-json\/wp\/v2\/posts"}],"about":[{"href":"http:\/\/hoycordobaweb.com\/index.php\/wp-json\/wp\/v2\/types\/post"}],"author":[{"embeddable":true,"href":"http:\/\/hoycordobaweb.com\/index.php\/wp-json\/wp\/v2\/users\/1"}],"replies":[{"embeddable":true,"href":"http:\/\/hoycordobaweb.com\/index.php\/wp-json\/wp\/v2\/comments?post=48730"}],"version-history":[{"count":0,"href":"http:\/\/hoycordobaweb.com\/index.php\/wp-json\/wp\/v2\/posts\/48730\/revisions"}],"wp:featuredmedia":[{"embeddable":true,"href":"http:\/\/hoycordobaweb.com\/index.php\/wp-json\/wp\/v2\/media\/48731"}],"wp:attachment":[{"href":"http:\/\/hoycordobaweb.com\/index.php\/wp-json\/wp\/v2\/media?parent=48730"}],"wp:term":[{"taxonomy":"category","embeddable":true,"href":"http:\/\/hoycordobaweb.com\/index.php\/wp-json\/wp\/v2\/categories?post=48730"},{"taxonomy":"post_tag","embeddable":true,"href":"http:\/\/hoycordobaweb.com\/index.php\/wp-json\/wp\/v2\/tags?post=48730"}],"curies":[{"name":"wp","href":"https:\/\/api.w.org\/{rel}","templated":true}]}}