{"id":48728,"date":"2022-09-20T11:59:02","date_gmt":"2022-09-20T11:59:02","guid":{"rendered":"https:\/\/manoamanocba.com.ar\/?p=5745"},"modified":"2022-09-20T11:59:02","modified_gmt":"2022-09-20T11:59:02","slug":"construiran-un-puente-peatonal-en-el-parque-las-heras","status":"publish","type":"post","link":"http:\/\/hoycordobaweb.com\/index.php\/2022\/09\/20\/construiran-un-puente-peatonal-en-el-parque-las-heras\/","title":{"rendered":"Construir\u00e1n un puente peatonal en el Parque Las Heras"},"content":{"rendered":"<p>El Gobierno de C\u00f3rdoba anunci\u00f3 este lunes&nbsp;la construcci\u00f3n de un puente peatonal que vincular\u00e1 el Parque Las Heras y el Paseo Suqu\u00eda (ex Plaza Austria).<\/p>\n<p>Forma parte de los proyectos de puesta en valor del r\u00edo Suqu\u00eda que ejecuta la Provincia en conjunto con la Municipalidad de C\u00f3rdoba.<\/p>\n<p>El anuncio lo realiz\u00f3 el titular de Obras P\u00fablicas, Ricardo Sosa, quien se\u00f1al\u00f3 que el puente&nbsp;<em>\u201cpor su valor arquitect\u00f3nico, estar\u00e1 destinado a convertirse en un hito de la ciudad de C\u00f3rdoba\u201d<\/em>.<\/p>\n<p><a href=\"http:\/\/manoamanocba.com.ar\/wp-content\/uploads\/2022\/09\/0cd48165-cf6c-45fe-ba5c-973bd801a334.jpg\"><img loading=\"lazy\" class=\"size-medium wp-image-5747 aligncenter\" src=\"http:\/\/hoycordobaweb.com\/wp-content\/uploads\/2022\/09\/construiran-un-puente-peatonal-en-el-parque-las-heras.jpg\" alt width=\"300\" height=\"169\" srcset=\"http:\/\/hoycordobaweb.com\/wp-content\/uploads\/2022\/09\/construiran-un-puente-peatonal-en-el-parque-las-heras.jpg 300w, http:\/\/hoycordobaweb.com\/wp-content\/uploads\/2022\/09\/construiran-un-puente-peatonal-en-el-parque-las-heras-3.jpg 1024w, http:\/\/hoycordobaweb.com\/wp-content\/uploads\/2022\/09\/construiran-un-puente-peatonal-en-el-parque-las-heras-4.jpg 768w, http:\/\/hoycordobaweb.com\/wp-content\/uploads\/2022\/09\/construiran-un-puente-peatonal-en-el-parque-las-heras-5.jpg 1280w\" sizes=\"(max-width: 300px) 100vw, 300px\"><\/a><\/p>\n<p>Explic\u00f3 el ministro que la estructura<em>&nbsp;\u201cpermitir\u00e1 disfrutar el Parque de las Heras y el otro costado del r\u00edo y a su vez comunicar\u00e1 con la ciclov\u00eda que estamos construyendo, desde la Isla de los Patos hasta el Parque Sarmiento\u201d<\/em>.<\/p>\n<p>La nueva plataforma est\u00e1 ubicada entre los puentes Ant\u00e1rtida y Centenario y&nbsp;es un aporte de la Provincia al Plan de Desarrollo Urbano que lleva adelante la Municipalidad de C\u00f3rdoba&nbsp;para el reordenamiento, revalorizaci\u00f3n e integraci\u00f3n del sector del Parque Las Heras.<\/p>\n<p>El puente estar\u00e1 conformado por una pasarela met\u00e1lica&nbsp;sostenida por un sistema de tirantes y&nbsp;tiene una longitud de 80 metros dividida en tres tramos.<\/p>\n<p><a href=\"http:\/\/manoamanocba.com.ar\/wp-content\/uploads\/2022\/09\/65caa8da-14da-4b8d-a87d-9937caa863d8.jpg\"><img loading=\"lazy\" class=\"size-medium wp-image-5748 aligncenter\" src=\"http:\/\/hoycordobaweb.com\/wp-content\/uploads\/2022\/09\/construiran-un-puente-peatonal-en-el-parque-las-heras-1.jpg\" alt width=\"300\" height=\"214\" srcset=\"http:\/\/hoycordobaweb.com\/wp-content\/uploads\/2022\/09\/construiran-un-puente-peatonal-en-el-parque-las-heras-6.jpg 300w, http:\/\/hoycordobaweb.com\/wp-content\/uploads\/2022\/09\/construiran-un-puente-peatonal-en-el-parque-las-heras-7.jpg 1024w, http:\/\/hoycordobaweb.com\/wp-content\/uploads\/2022\/09\/construiran-un-puente-peatonal-en-el-parque-las-heras-8.jpg 768w, http:\/\/hoycordobaweb.com\/wp-content\/uploads\/2022\/09\/construiran-un-puente-peatonal-en-el-parque-las-heras-9.jpg 1262w\" sizes=\"(max-width: 300px) 100vw, 300px\"><\/a><\/p>\n<p>Cuenta con un \u00e1rea aproximada de 500 m2 y una longitud libre de apoyos de 42 metros en el tramo principal y demandar\u00e1 una inversi\u00f3n de 544 millones de pesos.<\/p>\n<p>La obra cuenta con m\u00e1stil que tiene una altura de 29 metros. Desde all\u00ed, se toman los cables met\u00e1licos que conforman el atirantado que completa el sistema estructural del puente.<\/p>\n<p>El ministro&nbsp;de Obras P\u00fablicas anticip\u00f3&nbsp;que la semana que viene se har\u00e1 la publicaci\u00f3n del llamado a licitaci\u00f3n y a mediados de octubre se abrir\u00e1n los sobres, con un plazo de obra de seis meses.<\/p>\n<p><em>\u201cAl proyecto que est\u00e1 desarrollando el municipio, que es la recuperaci\u00f3n del r\u00edo Suqu\u00eda para los cordobeses, nosotros agregamos esta obra\u201d<\/em>, subray\u00f3 Ricardo Sosa.<\/p>\n<p><a href=\"http:\/\/manoamanocba.com.ar\/wp-content\/uploads\/2022\/09\/a2b2e2f9-3508-4935-85eb-faf2142defef.jpg\"><img loading=\"lazy\" class=\"size-medium wp-image-5749 aligncenter\" src=\"http:\/\/hoycordobaweb.com\/wp-content\/uploads\/2022\/09\/construiran-un-puente-peatonal-en-el-parque-las-heras-2.jpg\" alt width=\"300\" height=\"300\" srcset=\"http:\/\/hoycordobaweb.com\/wp-content\/uploads\/2022\/09\/construiran-un-puente-peatonal-en-el-parque-las-heras-10.jpg 300w, http:\/\/hoycordobaweb.com\/wp-content\/uploads\/2022\/09\/construiran-un-puente-peatonal-en-el-parque-las-heras-11.jpg 1024w, http:\/\/hoycordobaweb.com\/wp-content\/uploads\/2022\/09\/construiran-un-puente-peatonal-en-el-parque-las-heras-12.jpg 150w, http:\/\/hoycordobaweb.com\/wp-content\/uploads\/2022\/09\/construiran-un-puente-peatonal-en-el-parque-las-heras-13.jpg 768w, http:\/\/hoycordobaweb.com\/wp-content\/uploads\/2022\/09\/construiran-un-puente-peatonal-en-el-parque-las-heras-14.jpg 1280w\" sizes=\"(max-width: 300px) 100vw, 300px\"><\/a><\/p>\n","protected":false},"excerpt":{"rendered":"<p>El Gobierno de C\u00f3rdoba anunci\u00f3 este lunes&nbsp;la construcci\u00f3n de un puente peatonal que vincular\u00e1 el Parque Las Heras y el Paseo Suqu\u00eda (ex Plaza Austria). Forma parte de los proyectos de puesta en valor del r\u00edo Suqu\u00eda que ejecuta la Provincia en conjunto con la Municipalidad de C\u00f3rdoba. El anuncio lo realiz\u00f3 el titular de [&hellip;]<\/p>\n","protected":false},"author":1,"featured_media":48729,"comment_status":"closed","ping_status":"closed","sticky":false,"template":"","format":"standard","meta":[],"categories":[19],"tags":[],"_links":{"self":[{"href":"http:\/\/hoycordobaweb.com\/index.php\/wp-json\/wp\/v2\/posts\/48728"}],"collection":[{"href":"http:\/\/hoycordobaweb.com\/index.php\/wp-json\/wp\/v2\/posts"}],"about":[{"href":"http:\/\/hoycordobaweb.com\/index.php\/wp-json\/wp\/v2\/types\/post"}],"author":[{"embeddable":true,"href":"http:\/\/hoycordobaweb.com\/index.php\/wp-json\/wp\/v2\/users\/1"}],"replies":[{"embeddable":true,"href":"http:\/\/hoycordobaweb.com\/index.php\/wp-json\/wp\/v2\/comments?post=48728"}],"version-history":[{"count":0,"href":"http:\/\/hoycordobaweb.com\/index.php\/wp-json\/wp\/v2\/posts\/48728\/revisions"}],"wp:featuredmedia":[{"embeddable":true,"href":"http:\/\/hoycordobaweb.com\/index.php\/wp-json\/wp\/v2\/media\/48729"}],"wp:attachment":[{"href":"http:\/\/hoycordobaweb.com\/index.php\/wp-json\/wp\/v2\/media?parent=48728"}],"wp:term":[{"taxonomy":"category","embeddable":true,"href":"http:\/\/hoycordobaweb.com\/index.php\/wp-json\/wp\/v2\/categories?post=48728"},{"taxonomy":"post_tag","embeddable":true,"href":"http:\/\/hoycordobaweb.com\/index.php\/wp-json\/wp\/v2\/tags?post=48728"}],"curies":[{"name":"wp","href":"https:\/\/api.w.org\/{rel}","templated":true}]}}