{"id":48715,"date":"2022-09-20T08:36:00","date_gmt":"2022-09-20T08:36:00","guid":{"rendered":"https:\/\/fm-comunicar.com.ar\/contenido\/19610\/la-camara-de-comercio-abrio-la-inscripcion-para-una-incubadora-de-negocios"},"modified":"2022-09-20T08:36:00","modified_gmt":"2022-09-20T08:36:00","slug":"la-camara-de-comercio-abrio-la-inscripcion-para-una-incubadora-de-negocios","status":"publish","type":"post","link":"http:\/\/hoycordobaweb.com\/index.php\/2022\/09\/20\/la-camara-de-comercio-abrio-la-inscripcion-para-una-incubadora-de-negocios\/","title":{"rendered":"La C\u00e1mara de Comercio abri\u00f3 la inscripci\u00f3n para una Incubadora de Negocios"},"content":{"rendered":"<p>Hasta el 30 de septiembre se habilita la convocatoria de emprendedores para la primera etapa del programa. Se brindar\u00e1n herramientas para potenciar proyectos comerciales en marcha o por iniciarse.<img src=\"http:\/\/hoycordobaweb.com\/wp-content\/uploads\/2022\/09\/la-camara-de-comercio-abrio-la-inscripcion-para-una-incubadora-de-negocios.jpg\"><\/p>\n","protected":false},"excerpt":{"rendered":"<p>Hasta el 30 de septiembre se habilita la convocatoria de emprendedores para la primera etapa del programa. Se brindar\u00e1n herramientas para potenciar proyectos comerciales en marcha o por iniciarse.<\/p>\n","protected":false},"author":1,"featured_media":48716,"comment_status":"closed","ping_status":"closed","sticky":false,"template":"","format":"standard","meta":[],"categories":[18],"tags":[],"_links":{"self":[{"href":"http:\/\/hoycordobaweb.com\/index.php\/wp-json\/wp\/v2\/posts\/48715"}],"collection":[{"href":"http:\/\/hoycordobaweb.com\/index.php\/wp-json\/wp\/v2\/posts"}],"about":[{"href":"http:\/\/hoycordobaweb.com\/index.php\/wp-json\/wp\/v2\/types\/post"}],"author":[{"embeddable":true,"href":"http:\/\/hoycordobaweb.com\/index.php\/wp-json\/wp\/v2\/users\/1"}],"replies":[{"embeddable":true,"href":"http:\/\/hoycordobaweb.com\/index.php\/wp-json\/wp\/v2\/comments?post=48715"}],"version-history":[{"count":0,"href":"http:\/\/hoycordobaweb.com\/index.php\/wp-json\/wp\/v2\/posts\/48715\/revisions"}],"wp:featuredmedia":[{"embeddable":true,"href":"http:\/\/hoycordobaweb.com\/index.php\/wp-json\/wp\/v2\/media\/48716"}],"wp:attachment":[{"href":"http:\/\/hoycordobaweb.com\/index.php\/wp-json\/wp\/v2\/media?parent=48715"}],"wp:term":[{"taxonomy":"category","embeddable":true,"href":"http:\/\/hoycordobaweb.com\/index.php\/wp-json\/wp\/v2\/categories?post=48715"},{"taxonomy":"post_tag","embeddable":true,"href":"http:\/\/hoycordobaweb.com\/index.php\/wp-json\/wp\/v2\/tags?post=48715"}],"curies":[{"name":"wp","href":"https:\/\/api.w.org\/{rel}","templated":true}]}}