{"id":48683,"date":"2022-09-19T23:29:47","date_gmt":"2022-09-19T23:29:47","guid":{"rendered":"https:\/\/www.ole.com.ar\/futbol-primera\/gimnasia-central-cordoba-liga-profesional-veron_0_3Cs33dIQfk.html"},"modified":"2022-09-19T23:29:47","modified_gmt":"2022-09-19T23:29:47","slug":"gimnasia-por-mas-punta-y-con-veron-en-la-cancha","status":"publish","type":"post","link":"http:\/\/hoycordobaweb.com\/index.php\/2022\/09\/19\/gimnasia-por-mas-punta-y-con-veron-en-la-cancha\/","title":{"rendered":"Gimnasia, por m\u00e1s punta y con Ver\u00f3n en la cancha"},"content":{"rendered":"<p><img src=\"http:\/\/hoycordobaweb.com\/wp-content\/uploads\/2022\/09\/gimnasia-por-mas-punta-y-con-veron-en-la-cancha.jpg\"><\/p>\n<p>Le cost\u00f3 much\u00edsimo estar en la cima de la <a alt=\"liga-profesional-de-futbol\" class=\"slug\" href=\"https:\/\/www.ole.com.ar\/tema\/liga-profesional-de-futbol.html\" target=\"_blank\" title=\"liga-profesional-de-futbol\" rel=\"noopener noreferrer\">Liga Profesional<\/a> y no puede permitirse que se le vaya en la primera fecha que le toca defenderla. <a alt=\"gimnasia-la-plata\" class=\"slug\" href=\"https:\/\/www.ole.com.ar\/tema\/gimnasia-la-plata.html\" target=\"_blank\" title=\"gimnasia-la-plata\" rel=\"noopener noreferrer\">Gimnasia <\/a>se juega mucho en Santiago del Estero, ante <a alt=\"central-cordoba\" class=\"slug\" href=\"https:\/\/www.ole.com.ar\/tema\/central-cordoba.html\" target=\"_blank\" title=\"central-cordoba\" rel=\"noopener noreferrer\">Central C\u00f3rdoba<\/a>. El torneo de a poco se va acercando a su fin y saben en La Plata que dependen de ellos si quieren terminar el a\u00f1o festejando. Para el plantel es otro paso m\u00e1s, es nuevamente una prueba de car\u00e1cter para demostrar que est\u00e1n m\u00e1s que firmes en la pelea por el t\u00edtulo. Para colmo,<strong> m\u00e1s de mil hinchas viajaron al norte argentino para ver en el estadio a su equipo y darle todo el apoyo posible<\/strong>. Con ellos, viaja la ilusi\u00f3n y el sue\u00f1o de todos los hinchas.<\/p>\n<div class=\"sp__SM\">\n<div class=\"content-new \">\n<span class=\"tit-mobile\">Mir\u00e1 tambi\u00e9n<\/span><\/p>\n<div class=\"mg\">\n<div class=\"wrap-figure\">\n<picture>\n<a href=\"https:\/\/www.ole.com.ar\/futbol-primera\/torneo-liga-profesional-final-fechas_0_NpmlsPyGdv.html\" target=\"_self\" rel=\"noopener noreferrer\"><br \/>\n<img class=\"img-responsive\" alt=\"Apasionante final: los cruces m\u00e1s importantes del torneo\" src=\"http:\/\/hoycordobaweb.com\/wp-content\/uploads\/2022\/09\/gimnasia-por-mas-punta-y-con-veron-en-la-cancha-2.jpg\" loading=\"lazy\"><br \/>\n<\/a>\n<\/picture>\n<\/div>\n<\/div><\/div>\n<\/div>\n<div class=\"sp__SM\">\n<div class=\"content-new \">\n<span class=\"tit-mobile\">Mir\u00e1 tambi\u00e9n<\/span><\/p>\n<div class=\"mg\">\n<div class=\"wrap-figure\">\n<picture>\n<a href=\"https:\/\/www.ole.com.ar\/futbol-primera\/fecha-20-tabla-liga_0_uhk7s2fWuS.html\" target=\"_self\" rel=\"noopener noreferrer\"><br \/>\n<img class=\"img-responsive\" alt=\"La tabla de la Liga: Racing se puso a dos de Gimnasia\" src=\"http:\/\/hoycordobaweb.com\/wp-content\/uploads\/2022\/09\/gimnasia-por-mas-punta-y-con-veron-en-la-cancha-3.jpg\" loading=\"lazy\"><br \/>\n<\/a>\n<\/picture>\n<\/div>\n<\/div><\/div>\n<\/div>\n<p>Sin embargo, se da la casualidad que en el Madre \u00danico de Ciudades no s\u00f3lo se ver\u00e1 p\u00fablico neutral -que se espera que sean todos del Lobo- en la cabecera Sur Baja. Sino que adem\u00e1s, <strong>en uno de los palcos, estar\u00e1 <a alt=\"juan-sebastian-veron\" class=\"slug\" href=\"https:\/\/www.ole.com.ar\/tema\/juan-sebastian-veron.html\" target=\"_blank\" title=\"juan-sebastian-veron\" rel=\"noopener noreferrer\">Juan Sebasti\u00e1n Ver\u00f3n<\/a><\/strong>. S\u00ed, el \u00eddolo y vicepresidente actual del rival de toda la vida, <a alt=\"estudiantes-lp\" class=\"slug\" href=\"https:\/\/www.ole.com.ar\/tema\/estudiantes-lp.html\" target=\"_blank\" title=\"estudiantes-lp\" rel=\"noopener noreferrer\">Estudiantes<\/a>. La Brujita estuvo toda la semana visitando a <a alt=\"deian-veron\" class=\"slug\" href=\"https:\/\/www.ole.com.ar\/tema\/deian-veron.html\" target=\"_blank\" title=\"deian-veron\" rel=\"noopener noreferrer\">Deian Ver\u00f3n<\/a>, su hijo que est\u00e1 cedido por el Pincha en el Ferro, y dar\u00e1 el presente en el encuentro.<\/p>\n<div class=\"sp__Normal\">\n<div class=\"image-embeb image-trigger\" readability=\"6\">\n<picture><source media=\"(min-width: 720px)\" srcset=\"http:\/\/hoycordobaweb.com\/wp-content\/uploads\/2022\/09\/gimnasia-por-mas-punta-y-con-veron-en-la-cancha-4.jpg\"><img itemprop=\"image\" src=\"http:\/\/hoycordobaweb.com\/wp-content\/uploads\/2022\/09\/gimnasia-por-mas-punta-y-con-veron-en-la-cancha-4.jpg\" loading=\"lazy\" alt=\"Habr\u00e1 neutrales en Central C\u00f3rdoba - Gimnasia. (Prensa Gimnasia)\">\n<\/picture><figcaption readability=\"2\">\n<p>Habr\u00e1 neutrales en Central C\u00f3rdoba &#8211; Gimnasia. (Prensa Gimnasia)\n<\/p>\n<\/figcaption><\/div>\n<\/div>\n<p>Lo cierto es que los futbolistas se enfocaran en su gente y en el encuentro. As\u00ed como los prepar\u00f3 N\u00e9stor Gorosito en la semana. <strong>A defender la punta de la LPF, con el cuchillo entre los dientes.<\/strong> Le quedan, con el de este martes, ocho duelos a GELP que son como finales.<\/p>\n<div class=\"sp__SM\">\n<div class=\"content-new \">\n<span class=\"tit-mobile\">Mir\u00e1 tambi\u00e9n<\/span><\/p>\n<div class=\"mg\">\n<div class=\"wrap-figure\">\n<picture>\n<a href=\"https:\/\/www.ole.com.ar\/futbol-primera\/fecha-20-tabla-anual-copas-2023_0_R5gCO5Hvx4.html\" target=\"_self\" rel=\"noopener noreferrer\"><br \/>\n<img class=\"img-responsive\" alt=\"La tabla a las copas 2023: Racing, River y Gimnasia est\u00e1n en zona de Libertadores\" src=\"http:\/\/hoycordobaweb.com\/wp-content\/uploads\/2022\/09\/gimnasia-por-mas-punta-y-con-veron-en-la-cancha-5.jpg\" loading=\"lazy\"><br \/>\n<\/a>\n<\/picture>\n<\/div>\n<\/div><\/div>\n<\/div>\n<p>Por eso, Pipo busca lo mejor de su equipo. <strong>Y en relaci\u00f3n al 2-0 ante Arsenal que le dio el liderato, mete tres cambios.<\/strong> En el lateral derecho regresa Guillermo Enrique (cumpli\u00f3 sanci\u00f3n de cinco amarillas) por Gonzalo Gonz\u00e1lez y en el izquierdo sale Mat\u00edas Melluso por Nicol\u00e1s Colazo. Y en el medio, pero tambi\u00e9n por la banda, sale Benjam\u00edn Dom\u00ednguez por Alexis Steimbach. Gimnasia logr\u00f3 estar al frente de todos. Mirar al resto de arriba y ahora no se quiere perder el privilegio. Siempre para adelante&#8230;<\/p>\n<div class=\"sp__Normal\">\n<div class=\"image-embeb image-trigger\" readability=\"7.5\">\n<picture><source media=\"(min-width: 720px)\" srcset=\"http:\/\/hoycordobaweb.com\/wp-content\/uploads\/2022\/09\/gimnasia-por-mas-punta-y-con-veron-en-la-cancha-6.jpg\"><img itemprop=\"image\" src=\"http:\/\/hoycordobaweb.com\/wp-content\/uploads\/2022\/09\/gimnasia-por-mas-punta-y-con-veron-en-la-cancha-6.jpg\" loading=\"lazy\" alt=\"Gimnasia, el l\u00edder, con tres cambios para visitar al Ferroviario. Risas en la pr\u00e1ctica. (Prensa Gimnasia)\">\n<\/picture><figcaption readability=\"5\">\n<p>Gimnasia, el l\u00edder, con tres cambios para visitar al Ferroviario. Risas en la pr\u00e1ctica. (Prensa Gimnasia)\n<\/p>\n<\/figcaption><\/div>\n<\/div>\n<h2><strong>POSIBLES EQUIPOS<\/strong><\/h2>\n<p><strong>Central C\u00f3rdoba<\/strong>: C\u00e9sar Rigamonti; Jos\u00e9 G\u00f3mez, Fabio Pereyra, Franco Sbuttoni, Lautaro Montoya; Hern\u00e1n L\u00f3pez Mu\u00f1oz, Jes\u00fas Soraire, Nicol\u00e1s Linares, Alejandro Mart\u00ednez; Juan Cruz Kaprof y Renzo L\u00f3pez. DT: Abel Balbo.<\/p>\n<div class=\"sp__SM\">\n<div class=\"content-new \">\n<span class=\"tit-mobile\">Mir\u00e1 tambi\u00e9n<\/span><\/p>\n<div class=\"mg\">\n<div class=\"wrap-figure\">\n<picture>\n<a href=\"https:\/\/www.ole.com.ar\/gimnasia-y-esgrima\/leonardo-morales-gimnasia-lider-nota-ole_0_0fwTDI1T3M.html\" target=\"_self\" rel=\"noopener noreferrer\"><br \/>\n<img class=\"img-responsive\" alt=\"Leo Morales: &quot;Es un lindo recuerdo haber salvado una vida&quot;\" src=\"http:\/\/hoycordobaweb.com\/wp-content\/uploads\/2022\/09\/gimnasia-por-mas-punta-y-con-veron-en-la-cancha-7.jpg\" loading=\"lazy\"><br \/>\n<\/a>\n<\/picture>\n<\/div>\n<\/div><\/div>\n<\/div>\n<p><strong>Gimnasia<\/strong>: Rodrigo Rey; Guillermo Enrique, Leonardo Morales, Oscar Piris, Nicol\u00e1s Colazo; Ram\u00f3n Sosa Acosta, Agust\u00edn Cardozo, Brahian Alem\u00e1n, Alexis Steimbach; Eric Ram\u00edrez y Franco Soldano.<\/p>\n<div class=\"entry-tags\">\n<h2>TEMAS QUE APARECEN EN ESTA NOTA<\/h2>\n<\/p><\/div>\n","protected":false},"excerpt":{"rendered":"<p>Le cost\u00f3 much\u00edsimo estar en la cima de la Liga Profesional y no puede permitirse que se le vaya en la primera fecha que le toca defenderla. Gimnasia se juega mucho en Santiago del Estero, ante Central C\u00f3rdoba. El torneo de a poco se va acercando a su fin y saben en La Plata que [&hellip;]<\/p>\n","protected":false},"author":1,"featured_media":48684,"comment_status":"open","ping_status":"closed","sticky":false,"template":"","format":"standard","meta":[],"categories":[16],"tags":[],"_links":{"self":[{"href":"http:\/\/hoycordobaweb.com\/index.php\/wp-json\/wp\/v2\/posts\/48683"}],"collection":[{"href":"http:\/\/hoycordobaweb.com\/index.php\/wp-json\/wp\/v2\/posts"}],"about":[{"href":"http:\/\/hoycordobaweb.com\/index.php\/wp-json\/wp\/v2\/types\/post"}],"author":[{"embeddable":true,"href":"http:\/\/hoycordobaweb.com\/index.php\/wp-json\/wp\/v2\/users\/1"}],"replies":[{"embeddable":true,"href":"http:\/\/hoycordobaweb.com\/index.php\/wp-json\/wp\/v2\/comments?post=48683"}],"version-history":[{"count":0,"href":"http:\/\/hoycordobaweb.com\/index.php\/wp-json\/wp\/v2\/posts\/48683\/revisions"}],"wp:featuredmedia":[{"embeddable":true,"href":"http:\/\/hoycordobaweb.com\/index.php\/wp-json\/wp\/v2\/media\/48684"}],"wp:attachment":[{"href":"http:\/\/hoycordobaweb.com\/index.php\/wp-json\/wp\/v2\/media?parent=48683"}],"wp:term":[{"taxonomy":"category","embeddable":true,"href":"http:\/\/hoycordobaweb.com\/index.php\/wp-json\/wp\/v2\/categories?post=48683"},{"taxonomy":"post_tag","embeddable":true,"href":"http:\/\/hoycordobaweb.com\/index.php\/wp-json\/wp\/v2\/tags?post=48683"}],"curies":[{"name":"wp","href":"https:\/\/api.w.org\/{rel}","templated":true}]}}