{"id":48658,"date":"2022-09-17T12:52:32","date_gmt":"2022-09-17T12:52:32","guid":{"rendered":"https:\/\/fono.fcm.unc.edu.ar\/?p=9742"},"modified":"2022-09-17T12:52:32","modified_gmt":"2022-09-17T12:52:32","slug":"17-de-septiembre-dia-de-profesores-y-profesoras","status":"publish","type":"post","link":"http:\/\/hoycordobaweb.com\/index.php\/2022\/09\/17\/17-de-septiembre-dia-de-profesores-y-profesoras\/","title":{"rendered":"17 de septiembre: D\u00eda de Profesores y Profesoras"},"content":{"rendered":"<h2 class=\"fusion-post-title\">17 de septiembre: D\u00eda de Profesores y Profesoras<\/h2>\n<div class=\"post-content\" readability=\"37\">\n<p><img loading=\"lazy\" class=\"alignright size-fusion-400 wp-image-9743\" src=\"https:\/\/fono.fcm.unc.edu.ar\/wp-content\/uploads\/sites\/14\/2022\/09\/WhatsApp-Image-2022-09-17-at-09.06.15-400x400.jpeg\" alt width=\"400\" height=\"400\" srcset=\"https:\/\/fono.fcm.unc.edu.ar\/wp-content\/uploads\/sites\/14\/2022\/09\/WhatsApp-Image-2022-09-17-at-09.06.15-66x66.jpeg 66w, https:\/\/fono.fcm.unc.edu.ar\/wp-content\/uploads\/sites\/14\/2022\/09\/WhatsApp-Image-2022-09-17-at-09.06.15-150x150.jpeg 150w, https:\/\/fono.fcm.unc.edu.ar\/wp-content\/uploads\/sites\/14\/2022\/09\/WhatsApp-Image-2022-09-17-at-09.06.15-200x200.jpeg 200w, https:\/\/fono.fcm.unc.edu.ar\/wp-content\/uploads\/sites\/14\/2022\/09\/WhatsApp-Image-2022-09-17-at-09.06.15-300x300.jpeg 300w, https:\/\/fono.fcm.unc.edu.ar\/wp-content\/uploads\/sites\/14\/2022\/09\/WhatsApp-Image-2022-09-17-at-09.06.15-400x400.jpeg 400w, https:\/\/fono.fcm.unc.edu.ar\/wp-content\/uploads\/sites\/14\/2022\/09\/WhatsApp-Image-2022-09-17-at-09.06.15-600x600.jpeg 600w, https:\/\/fono.fcm.unc.edu.ar\/wp-content\/uploads\/sites\/14\/2022\/09\/WhatsApp-Image-2022-09-17-at-09.06.15-768x768.jpeg 768w, https:\/\/fono.fcm.unc.edu.ar\/wp-content\/uploads\/sites\/14\/2022\/09\/WhatsApp-Image-2022-09-17-at-09.06.15.jpeg 800w\" sizes=\"(max-width: 400px) 100vw, 400px\">Este 17 de Septiembre celebramos el D\u00eda de los Profesores y las Profesoras en homenaje al fallecimiento de Jos\u00e9 Manuel Estrada.<br \/>Saludamos a cada Profesor y Profesora, especialmente a quienes forman parte del equipo docente de la Escuela de Fonoaudiolog\u00eda, que aceptan los desaf\u00edos y nos hacen crecer.<\/p>\n<\/p><\/div>\n","protected":false},"excerpt":{"rendered":"<p>17 de septiembre: D\u00eda de Profesores y Profesoras Este 17 de Septiembre celebramos el D\u00eda de los Profesores y las Profesoras en homenaje al fallecimiento de Jos\u00e9 Manuel Estrada.Saludamos a cada Profesor y Profesora, especialmente a quienes forman parte del equipo docente de la Escuela de Fonoaudiolog\u00eda, que aceptan los desaf\u00edos y nos hacen crecer.<\/p>\n","protected":false},"author":1,"featured_media":0,"comment_status":"closed","ping_status":"closed","sticky":false,"template":"","format":"standard","meta":[],"categories":[1],"tags":[],"_links":{"self":[{"href":"http:\/\/hoycordobaweb.com\/index.php\/wp-json\/wp\/v2\/posts\/48658"}],"collection":[{"href":"http:\/\/hoycordobaweb.com\/index.php\/wp-json\/wp\/v2\/posts"}],"about":[{"href":"http:\/\/hoycordobaweb.com\/index.php\/wp-json\/wp\/v2\/types\/post"}],"author":[{"embeddable":true,"href":"http:\/\/hoycordobaweb.com\/index.php\/wp-json\/wp\/v2\/users\/1"}],"replies":[{"embeddable":true,"href":"http:\/\/hoycordobaweb.com\/index.php\/wp-json\/wp\/v2\/comments?post=48658"}],"version-history":[{"count":0,"href":"http:\/\/hoycordobaweb.com\/index.php\/wp-json\/wp\/v2\/posts\/48658\/revisions"}],"wp:attachment":[{"href":"http:\/\/hoycordobaweb.com\/index.php\/wp-json\/wp\/v2\/media?parent=48658"}],"wp:term":[{"taxonomy":"category","embeddable":true,"href":"http:\/\/hoycordobaweb.com\/index.php\/wp-json\/wp\/v2\/categories?post=48658"},{"taxonomy":"post_tag","embeddable":true,"href":"http:\/\/hoycordobaweb.com\/index.php\/wp-json\/wp\/v2\/tags?post=48658"}],"curies":[{"name":"wp","href":"https:\/\/api.w.org\/{rel}","templated":true}]}}