{"id":48652,"date":"2022-09-18T23:16:00","date_gmt":"2022-09-18T23:16:00","guid":{"rendered":"http:\/\/hoycordobaweb.com\/index.php\/2022\/09\/18\/cristina-planteo-que-el-alegato-de-su-defensa-desnuda-la-farsa-de-luciani-y-mola\/"},"modified":"2022-09-18T23:16:00","modified_gmt":"2022-09-18T23:16:00","slug":"cristina-planteo-que-el-alegato-de-su-defensa-desnuda-la-farsa-de-luciani-y-mola","status":"publish","type":"post","link":"http:\/\/hoycordobaweb.com\/index.php\/2022\/09\/18\/cristina-planteo-que-el-alegato-de-su-defensa-desnuda-la-farsa-de-luciani-y-mola\/","title":{"rendered":"Cristina plante\u00f3 que el alegato de su defensa \u00abdesnuda la farsa\u00bb de Luciani y Mola"},"content":{"rendered":"<p><img src=\"http:\/\/hoycordobaweb.com\/wp-content\/uploads\/2022\/09\/cristina-planteo-que-el-alegato-de-su-defensa-desnuda-la-farsa-de-luciani-y-mola.jpg\"><\/p>\n<figure class=\"mb-3\"><img loading=\"lazy\" src=\"http:\/\/hoycordobaweb.com\/wp-content\/uploads\/2022\/09\/cristina-planteo-que-el-alegato-de-su-defensa-desnuda-la-farsa-de-luciani-y-mola-2.jpg\" width=\"100%\" height=\"100%\" alt=\"El alegato final de la defensa de Cristina Fernndez de Kirchner ser de manera virtual\"><figcaption> El alegato final de la defensa de Cristina Fern\u00e1ndez de Kirchner ser\u00e1 de manera virtual. <\/figcaption><\/figure>\n<p>La vicepresidenta Cristina Fern\u00e1ndez de Kirchner invit\u00f3 este domingo a escuchar \u00abatentamente\u00bb <a href=\"https:\/\/www.telam.com.ar\/notas\/202209\/605146-causa-vialidad-alegado-defensa-cristina.html\" target=\"_blank\" rel=\"noopener noreferrer\">el alegato que presentar\u00e1n este lunes <\/a>sus abogados <strong>Alberto Beraldi<\/strong> y<strong> Ary Llernovoy<\/strong> en el juicio \u00ab<strong>Vialidad<\/strong>\u00ab, donde la defensa \u00abdesnuda la farsa\u00bb de los fiscales<strong> Diego Luciani <\/strong>y<strong> Sergio Mola.<\/strong><\/p>\n<p>\u00abMa\u00f1ana, a partir de las 8hs, el Dr. <strong>Alberto Beraldi <\/strong>comienza el alegato de mi defensa en el juicio conocido como \u201cVialidad\u201d. Escuch\u00e1 atentamente c\u00f3mo <strong>desnuda la farsa guionada de los fiscales Luciani y Mola<\/strong>. \u00bfLo transmitir\u00e1 Clar\u00edn y La Naci\u00f3n?\u00bb, escribi\u00f3 la vicepresidenta Fern\u00e1ndez de Kirchner en su cuenta de Twitter, donde tambi\u00e9n adjunt\u00f3 el link para ver la <strong>transmisi\u00f3n en vivo por YouTube.<\/strong><\/p>\n<blockquote class=\"twitter-tweet\" readability=\"7.8918918918919\">\n<p lang=\"es\" dir=\"ltr\">Ma\u00f1ana, a partir de las 8hs, el Dr. Alberto Beraldi comienza el alegato de mi defensa en el juicio conocido como \u201cVialidad\u201d. Escuch\u00e1 atentamente c\u00f3mo desnuda la farsa guionada de los fiscales Luciani y Mola. \u00bfLo transmitir\u00e1 Clar\u00edn y La Naci\u00f3n?<a href=\"https:\/\/t.co\/I3j6B5CATZ\">https:\/\/t.co\/I3j6B5CATZ<\/a><\/p>\n<p>\u2014 Cristina Kirchner (@CFKArgentina) <a href=\"https:\/\/twitter.com\/CFKArgentina\/status\/1571620175467667459?ref_src=twsrc%5Etfw\">September 18, 2022<\/a><\/p><\/blockquote>\n<p>El alegato final de la defensa de Cristina Fern\u00e1ndez de Kirchner en la causa \u00abVialidad\u00bb comenzar\u00e1 el lunes de manera virtual, se extender\u00e1 por tres d\u00edas y para la \u00faltima jornada, el viernes pr\u00f3ximo, se prev\u00e9 que la Vicepresidenta hable ante el Tribunal Oral Federal 2 que la juzga junto a otros 12 acusados por supuestos delitos con la obra p\u00fablica nacional en Santa Cruz entre 2003 y 2015.<\/p>\n","protected":false},"excerpt":{"rendered":"<p>El alegato final de la defensa de Cristina Fern\u00e1ndez de Kirchner ser\u00e1 de manera virtual. La vicepresidenta Cristina Fern\u00e1ndez de Kirchner invit\u00f3 este domingo a escuchar \u00abatentamente\u00bb el alegato que presentar\u00e1n este lunes sus abogados Alberto Beraldi y Ary Llernovoy en el juicio \u00abVialidad\u00ab, donde la defensa \u00abdesnuda la farsa\u00bb de los fiscales Diego Luciani [&hellip;]<\/p>\n","protected":false},"author":1,"featured_media":48653,"comment_status":"open","ping_status":"closed","sticky":false,"template":"","format":"standard","meta":[],"categories":[19],"tags":[],"_links":{"self":[{"href":"http:\/\/hoycordobaweb.com\/index.php\/wp-json\/wp\/v2\/posts\/48652"}],"collection":[{"href":"http:\/\/hoycordobaweb.com\/index.php\/wp-json\/wp\/v2\/posts"}],"about":[{"href":"http:\/\/hoycordobaweb.com\/index.php\/wp-json\/wp\/v2\/types\/post"}],"author":[{"embeddable":true,"href":"http:\/\/hoycordobaweb.com\/index.php\/wp-json\/wp\/v2\/users\/1"}],"replies":[{"embeddable":true,"href":"http:\/\/hoycordobaweb.com\/index.php\/wp-json\/wp\/v2\/comments?post=48652"}],"version-history":[{"count":0,"href":"http:\/\/hoycordobaweb.com\/index.php\/wp-json\/wp\/v2\/posts\/48652\/revisions"}],"wp:featuredmedia":[{"embeddable":true,"href":"http:\/\/hoycordobaweb.com\/index.php\/wp-json\/wp\/v2\/media\/48653"}],"wp:attachment":[{"href":"http:\/\/hoycordobaweb.com\/index.php\/wp-json\/wp\/v2\/media?parent=48652"}],"wp:term":[{"taxonomy":"category","embeddable":true,"href":"http:\/\/hoycordobaweb.com\/index.php\/wp-json\/wp\/v2\/categories?post=48652"},{"taxonomy":"post_tag","embeddable":true,"href":"http:\/\/hoycordobaweb.com\/index.php\/wp-json\/wp\/v2\/tags?post=48652"}],"curies":[{"name":"wp","href":"https:\/\/api.w.org\/{rel}","templated":true}]}}