{"id":48602,"date":"2022-09-17T23:19:00","date_gmt":"2022-09-17T23:19:00","guid":{"rendered":"http:\/\/hoycordobaweb.com\/index.php\/2022\/09\/17\/miles-de-personas-se-sumaron-en-corrientes-al-reclamo-por-una-ley-de-humedales\/"},"modified":"2022-09-17T23:19:00","modified_gmt":"2022-09-17T23:19:00","slug":"miles-de-personas-se-sumaron-en-corrientes-al-reclamo-por-una-ley-de-humedales","status":"publish","type":"post","link":"http:\/\/hoycordobaweb.com\/index.php\/2022\/09\/17\/miles-de-personas-se-sumaron-en-corrientes-al-reclamo-por-una-ley-de-humedales\/","title":{"rendered":"Miles de personas se sumaron en Corrientes al reclamo por una Ley de Humedales"},"content":{"rendered":"<p><img src=\"http:\/\/hoycordobaweb.com\/wp-content\/uploads\/2022\/09\/miles-de-personas-se-sumaron-en-corrientes-al-reclamo-por-una-ley-de-humedales.jpg\"><\/p>\n<figure class=\"mb-3\"><img loading=\"lazy\" src=\"http:\/\/hoycordobaweb.com\/wp-content\/uploads\/2022\/09\/miles-de-personas-se-sumaron-en-corrientes-al-reclamo-por-una-ley-de-humedales-2.jpg\" width=\"100%\" height=\"100%\" alt=\"Foto German Pomar\"><figcaption> Foto: German Pomar. <\/figcaption><\/figure>\n<p>Con participaci\u00f3n multitudinaria y en forma simult\u00e1nea a otros puntos del pa\u00eds se concret\u00f3 este s\u00e1bado en las<strong> inmediaciones del puente que une Corrientes con Chaco la acci\u00f3n plurinacional por los humedales<\/strong>, que impulsa el tratamiento de <strong><a href=\"https:\/\/www.telam.com.ar\/notas\/202209\/605174-masiva-marcha-puente-rosario-victoria-ley-de-humedales-quemas-intencionales-manifestacion-santa-fe.html\" target=\"_blank\" rel=\"noopener noreferrer\">una ley de protecci\u00f3n para esos ecosistemas<\/a><\/strong>.<\/p>\n<p>\u00abEsta acci\u00f3n es para apoyar el tratamiento que se le va a dar a la iniciativa en un plenario parlamentario y demostrar la necesidad de que se apruebe, pues los debates ya se dieron y es hora de que avance para contar con una herramienta m\u00e1s de protecci\u00f3n de los ecosistemas tan espec\u00edficos y diversos como son los humedales\u00bb, dijo a Telam <strong>Cristian Piriz, portavoz de la Asamblea Correntina Basta de Quemas.<\/strong><\/p>\n<figure class=\"mb-3\"><img loading=\"lazy\" src=\"http:\/\/hoycordobaweb.com\/wp-content\/uploads\/2022\/09\/miles-de-personas-se-sumaron-en-corrientes-al-reclamo-por-una-ley-de-humedales-3.jpg\" width=\"100%\" height=\"100%\" alt=\"Foto German Pomar\"><figcaption> Foto: German Pomar. <\/figcaption><\/figure>\n<p>Con m\u00e1s de 200 personas, la concentraci\u00f3n se realiz\u00f3 en la avenida Costanera sur Juan Pablo II, sobre la ribera del r\u00edo Paran\u00e1, en inmediaciones al puente interprovincial General Belgrano, que conecta las provincias de Chaco y Corrientes.<\/p>\n<p>\u00abEsta movilizaci\u00f3n tiene car\u00e1cter de acci\u00f3n y no de protesta, ni conlleva un corte del puente, sino que es una movida ciudadana organizada por la Asamblea Correntina Basta de Quemas donde se encuentran varios colectivos socioambientales y donde confluyen movimientos sociales que est\u00e1n apoyando este proyecto de ley de humedales\u00bb, dijo Piriz a Telam.<\/p>\n<p>Remarc\u00f3 adem\u00e1s que se trata del proyecto presentado por el diputado Leonardo Grosso, \u00abque fue <strong>consensuado por m\u00e1s de 250 organizaciones del pa\u00eds y tiene el aval de la comunidad cient\u00edfica<\/strong>\u00ab<\/p>\n<figure class=\"mb-3\"><img loading=\"lazy\" src=\"http:\/\/hoycordobaweb.com\/wp-content\/uploads\/2022\/09\/miles-de-personas-se-sumaron-en-corrientes-al-reclamo-por-una-ley-de-humedales-4.jpg\" width=\"100%\" height=\"100%\" alt=\"Foto German Pomar\"><figcaption> Foto: German Pomar. <\/figcaption><\/figure>\n<p>Explic\u00f3 que el mismo \u00abes b\u00e1sicamente el que el a\u00f1o pasado perdi\u00f3 estado parlamentario, con algunas cuestiones nuevas, pero que en esencia es el mismo\u00bb, indic\u00f3 el portavoz.<\/p>\n<p>Durante la manifestaci\u00f3n se puso de relieve el<strong> impacto negativo del fuego en \u00e1reas rurales<\/strong>, la afectaci\u00f3n a poblaciones tanto humanas como animales y el da\u00f1o a largo plazo sobre el ambiente.<\/p>\n<p>\u00abSe trata de una actividad coordinada en distintos territorios de todo el pa\u00eds para visibilizar la necesidad urgente de una ley de humedales; est\u00e1 programada una agenda durante todo septiembre. Se inici\u00f3 los d\u00edas 3 y 4 de este mes con algunas organizaciones y continu\u00f3 este s\u00e1bado en varias provincias y van a seguir replic\u00e1ndose, con diversas acciones, por ejemplo, de impacto cultural y ciudadano\u00bb, precis\u00f3 el representante de la Asamblea.<\/p>\n<figure class=\"mb-3\"><img loading=\"lazy\" src=\"http:\/\/hoycordobaweb.com\/wp-content\/uploads\/2022\/09\/miles-de-personas-se-sumaron-en-corrientes-al-reclamo-por-una-ley-de-humedales-5.jpg\" width=\"100%\" height=\"100%\" alt=\"Foto German Pomar\"><figcaption> Foto: German Pomar. <\/figcaption><\/figure>\n<p>Seg\u00fan explic\u00f3, tiene car\u00e1cter plurinacional porque integra a las comunidades ind\u00edgenas, como las de Yahaver\u00e9, \u00d1upuy y Sapucay que habitan en los humedales de los Esteros del Iber\u00e1, sobre las -dijo el dirigente- \u00abcualquier pol\u00edtica p\u00fablica sobre sus territorios tiene injerencia y los afecta directamente\u00bb.<\/p>\n<p>\u00abLa vinculaci\u00f3n que se le da a sus comunidades promueve que este proyecto de ley sea distinta al resto, por lo que se decidi\u00f3 integrarlas\u00bb, complet\u00f3. <\/p>\n","protected":false},"excerpt":{"rendered":"<p>Foto: German Pomar. Con participaci\u00f3n multitudinaria y en forma simult\u00e1nea a otros puntos del pa\u00eds se concret\u00f3 este s\u00e1bado en las inmediaciones del puente que une Corrientes con Chaco la acci\u00f3n plurinacional por los humedales, que impulsa el tratamiento de una ley de protecci\u00f3n para esos ecosistemas. \u00abEsta acci\u00f3n es para apoyar el tratamiento que [&hellip;]<\/p>\n","protected":false},"author":1,"featured_media":48603,"comment_status":"open","ping_status":"closed","sticky":false,"template":"","format":"standard","meta":[],"categories":[19],"tags":[],"_links":{"self":[{"href":"http:\/\/hoycordobaweb.com\/index.php\/wp-json\/wp\/v2\/posts\/48602"}],"collection":[{"href":"http:\/\/hoycordobaweb.com\/index.php\/wp-json\/wp\/v2\/posts"}],"about":[{"href":"http:\/\/hoycordobaweb.com\/index.php\/wp-json\/wp\/v2\/types\/post"}],"author":[{"embeddable":true,"href":"http:\/\/hoycordobaweb.com\/index.php\/wp-json\/wp\/v2\/users\/1"}],"replies":[{"embeddable":true,"href":"http:\/\/hoycordobaweb.com\/index.php\/wp-json\/wp\/v2\/comments?post=48602"}],"version-history":[{"count":0,"href":"http:\/\/hoycordobaweb.com\/index.php\/wp-json\/wp\/v2\/posts\/48602\/revisions"}],"wp:featuredmedia":[{"embeddable":true,"href":"http:\/\/hoycordobaweb.com\/index.php\/wp-json\/wp\/v2\/media\/48603"}],"wp:attachment":[{"href":"http:\/\/hoycordobaweb.com\/index.php\/wp-json\/wp\/v2\/media?parent=48602"}],"wp:term":[{"taxonomy":"category","embeddable":true,"href":"http:\/\/hoycordobaweb.com\/index.php\/wp-json\/wp\/v2\/categories?post=48602"},{"taxonomy":"post_tag","embeddable":true,"href":"http:\/\/hoycordobaweb.com\/index.php\/wp-json\/wp\/v2\/tags?post=48602"}],"curies":[{"name":"wp","href":"https:\/\/api.w.org\/{rel}","templated":true}]}}