{"id":48582,"date":"2022-09-17T23:04:55","date_gmt":"2022-09-17T23:04:55","guid":{"rendered":"https:\/\/www.ole.com.ar\/futbol-ascenso\/quilmes-alvarado_0_4AE5TdOOz5.html"},"modified":"2022-09-17T23:04:55","modified_gmt":"2022-09-17T23:04:55","slug":"quilmes-perdio-un-partido-clave-por-el-reducido","status":"publish","type":"post","link":"http:\/\/hoycordobaweb.com\/index.php\/2022\/09\/17\/quilmes-perdio-un-partido-clave-por-el-reducido\/","title":{"rendered":"Quilmes perdi\u00f3 un partido clave por el Reducido"},"content":{"rendered":"<p><img src=\"http:\/\/hoycordobaweb.com\/wp-content\/uploads\/2022\/09\/quilmes-perdio-un-partido-clave-por-el-reducido.jpg\"><\/p>\n<div><img src=\"http:\/\/hoycordobaweb.com\/wp-content\/uploads\/2022\/09\/quilmes-perdio-un-partido-clave-por-el-reducido.jpg\" class=\"ff-og-image-inserted\"><\/div>\n<p>Llegaba entonado, de seis partidos sin derrotas y con la clasificaci\u00f3n a los cuartos de final de la <a alt=\"copa-argentina\" class=\"slug\" href=\"https:\/\/www.ole.com.ar\/tema\/copa-argentina.html\" target=\"_blank\" title=\"copa-argentina\" rel=\"noopener noreferrer\">Copa Argentina<\/a>, donde se enfrentar\u00e1 a <a alt=\"boca-juniors\" class=\"slug\" href=\"https:\/\/www.ole.com.ar\/tema\/boca-juniors.html\" target=\"_blank\" title=\"boca-juniors\" rel=\"noopener noreferrer\">Boca<\/a>. Pero el exceso de confianza hizo que se pasara de copas, terminara mareado y se quedara casi chances de clasificar al Reducido para pelear por el segundo ascenso a la<a alt=\"liga-profesional\" class=\"slug\" href=\"https:\/\/www.ole.com.ar\/tema\/liga-profesional.html\" target=\"_blank\" title=\"liga-profesional\" rel=\"noopener noreferrer\"> Liga Profesional<\/a>. S\u00ed, <strong><a alt=\"quilmes\" class=\"slug\" href=\"https:\/\/www.ole.com.ar\/tema\/quilmes.html\" target=\"_blank\" title=\"quilmes\" rel=\"noopener noreferrer\">Quilmes <\/a>recibi\u00f3 un golpazo en su visita a Mar del Plata luego de que Alvarado lo goleara.<\/strong><\/p>\n<h2><strong>EL 1-0 DE ALVARADO<\/strong><\/h2>\n<p><strong>El Cervecero empez\u00f3 bien, enchufado y siendo protagonista del encuentro.<\/strong> Sin embargo, <strong>de tanto ir, se desprotegi\u00f3 atr\u00e1s y lo pag\u00f3 muy caro<\/strong>: le comieron dos veces la espalda a Mat\u00edas Ruiz D\u00edaz y<a alt=\"nazareno-solis\" class=\"slug\" href=\"https:\/\/www.ole.com.ar\/tema\/nazareno-solis.html\" target=\"_blank\" title=\"nazareno-solis\" rel=\"noopener noreferrer\"> Nazareno Sol\u00eds<\/a> lo aprovech\u00f3. Porque el extremo convirti\u00f3 el primero, tras una floja respuesta de Esteban Glellel, y luego se encarg\u00f3 de asistir a Jorge Ramos para estirar la cuenta.<\/p>\n<h2><strong>EL SEGUNDO DEL TORITO<\/strong><\/h2>\n<p>Pese a los manotazo de ahogado y los intentos por revertir la situaci\u00f3n, la visita no estuvo fino, tampoco logr\u00f3 superar a Pedro Fern\u00e1ndez y, como si fuera poco, Valiente decor\u00f3 el 3-0.<\/p>\n<h2><strong>EL \u00daLTIMO DE LA GOLEADA<\/strong><\/h2>\n<p><opta-widget sport=\"football\" widget=\"timeline\" competition=\"627\" season=\"2022\" match=\"2274790\" template=\"normal\" live=\"true\" orientation=\"horizontal\" vertical_timebar_height=\"260\" show_match_header=\"true\" show_score=\"true\" show_crests=\"true\" show_assists=\"all\" show_team_formation=\"true\" show_clock=\"true\" show_period_dividers=\"true\" show_halftime_score=\"false\" show_date=\"true\" date_format=\"dddd D MMMM YYYY\" show_attendance=\"true\" show_images=\"true\" show_referee=\"true\" show_venue=\"true\" show_cards=\"all\" show_goals=\"true\" show_penalties_missed=\"true\" show_subs=\"false\" show_goals_combined=\"false\" show_shootouts=\"false\" show_competition_name=\"true\" competition_naming=\"full\" team_naming=\"full\" player_naming=\"full\" show_live=\"true\" show_logo=\"false\" show_title=\"true\" breakpoints=\"400, 700\"><\/opta-widget><opta-widget sport=\"football\" widget=\"matchstats\" competition=\"627\" season=\"2022\" match=\"2274790\" template=\"lineups\" live=\"true\" side=\"both\" column_count=\"1\" side_by_side=\"true\" show_match_header=\"true\" show_score=\"true\" show_halftime_score=\"false\" show_crests=\"false\" show_team_formation=\"true\" show_competition_name=\"true\" show_date=\"false\" date_format=\"dddd D MMMM YYYY\" order_by=\"position\" group_by_position=\"false\" show_position=\"true\" show_images=\"false\" show_key=\"false\" show_starters=\"true\" show_goalkeepers=\"true\" show_defenders=\"true\" show_midfielders=\"true\" show_forwards=\"true\" show_subs=\"true\" show_unused_subs=\"false\" show_managers=\"true\" show_captain=\"false\" show_match_events=\"true\" competition_naming=\"full\" team_naming=\"full\" player_naming=\"full\" show_live=\"false\" show_logo=\"false\" show_title=\"true\" breakpoints=\"400, 700\"><\/opta-widget><opta-widget widget=\"commentary\" competition=\"627\" season=\"2022\" match=\"2274790\" template=\"normal\" live=\"true\" data_type=\"auto\" order_by=\"time_descending\" show_event_icons=\"true\" show_minor_events=\"true\" fixed_height_comments=\"300\" show_live=\"true\" show_logo=\"false\" show_title=\"true\" breakpoints=\"400\" sport=\"football\"><\/opta-widget><opta-widget sport=\"football\" widget=\"heatmap\" competition=\"627\" season=\"2022\" match=\"2274790\" preselected_player template=\"normal\" live=\"true\" show_maps=\"all\" orientation=\"horizontal\" side=\"both\" dimension=\"2D\" one_direction=\"false\" show_match_header=\"true\" show_score=\"true\" show_halftime_score=\"false\" show_crests=\"false\" show_team_formation=\"true\" show_competition_name=\"true\" show_date=\"true\" date_format=\"dddd D MMMM YYYY\" show_team_sheets=\"true\" show_subs=\"true\" show_position=\"true\" show_timecontrols=\"true\" show_timecontrols_buttons=\"true\" show_timecontrols_bar=\"true\" show_tooltips=\"false\" competition_naming=\"full\" team_naming=\"full\" player_naming=\"full\" show_logo=\"false\" show_title=\"true\" breakpoints=\"400, 700\"><\/opta-widget><opta-widget widget=\"standings\" competition=\"627\" season=\"2022\" template=\"normal\" live=\"true\" default_nav=\"1\" side=\"combined\" data_detail=\"default\" show_key=\"true\" show_crests=\"true\" points_in_first_column=\"true\" lose_before_draw=\"false\" competition_naming=\"full\" team_naming=\"full\" date_format=\"dddd D MMMM YYYY\" sorting=\"false\" show_live=\"false\" show_relegation_average=\"true\" show_logo=\"true\" show_title=\"true\" breakpoints=\"382\" sport=\"football\"><\/opta-widget> <\/p>\n<div class=\"entry-tags\">\n<h2>TEMAS QUE APARECEN EN ESTA NOTA<\/h2>\n<\/p><\/div>\n","protected":false},"excerpt":{"rendered":"<p>Llegaba entonado, de seis partidos sin derrotas y con la clasificaci\u00f3n a los cuartos de final de la Copa Argentina, donde se enfrentar\u00e1 a Boca. Pero el exceso de confianza hizo que se pasara de copas, terminara mareado y se quedara casi chances de clasificar al Reducido para pelear por el segundo ascenso a la [&hellip;]<\/p>\n","protected":false},"author":1,"featured_media":48583,"comment_status":"open","ping_status":"closed","sticky":false,"template":"","format":"standard","meta":[],"categories":[16],"tags":[],"_links":{"self":[{"href":"http:\/\/hoycordobaweb.com\/index.php\/wp-json\/wp\/v2\/posts\/48582"}],"collection":[{"href":"http:\/\/hoycordobaweb.com\/index.php\/wp-json\/wp\/v2\/posts"}],"about":[{"href":"http:\/\/hoycordobaweb.com\/index.php\/wp-json\/wp\/v2\/types\/post"}],"author":[{"embeddable":true,"href":"http:\/\/hoycordobaweb.com\/index.php\/wp-json\/wp\/v2\/users\/1"}],"replies":[{"embeddable":true,"href":"http:\/\/hoycordobaweb.com\/index.php\/wp-json\/wp\/v2\/comments?post=48582"}],"version-history":[{"count":0,"href":"http:\/\/hoycordobaweb.com\/index.php\/wp-json\/wp\/v2\/posts\/48582\/revisions"}],"wp:featuredmedia":[{"embeddable":true,"href":"http:\/\/hoycordobaweb.com\/index.php\/wp-json\/wp\/v2\/media\/48583"}],"wp:attachment":[{"href":"http:\/\/hoycordobaweb.com\/index.php\/wp-json\/wp\/v2\/media?parent=48582"}],"wp:term":[{"taxonomy":"category","embeddable":true,"href":"http:\/\/hoycordobaweb.com\/index.php\/wp-json\/wp\/v2\/categories?post=48582"},{"taxonomy":"post_tag","embeddable":true,"href":"http:\/\/hoycordobaweb.com\/index.php\/wp-json\/wp\/v2\/tags?post=48582"}],"curies":[{"name":"wp","href":"https:\/\/api.w.org\/{rel}","templated":true}]}}