{"id":48528,"date":"2022-09-15T21:28:46","date_gmt":"2022-09-15T21:28:46","guid":{"rendered":"https:\/\/ladecimaweb.com\/?p=14476"},"modified":"2022-09-15T21:28:46","modified_gmt":"2022-09-15T21:28:46","slug":"passerini-rindio-homenaje-a-de-la-sota-en-el-concejo-deliberante","status":"publish","type":"post","link":"http:\/\/hoycordobaweb.com\/index.php\/2022\/09\/15\/passerini-rindio-homenaje-a-de-la-sota-en-el-concejo-deliberante\/","title":{"rendered":"Passerini rindi\u00f3 homenaje a De la Sota en el Concejo Deliberante"},"content":{"rendered":"<div class=\"boldgrid-section\">\n<div class=\"container\">\n<div class=\"row\">\n<div class=\"col-md-12 col-xs-12 col-sm-12\">\n<p class=\"\" style=\"font-weight: 400;\">El Concejo Deliberante de la ciudad de C\u00f3rdoba realiz\u00f3 hoy la 25ta sesi\u00f3n del per\u00edodo 2022, presidida por el viceintendente Daniel Passerini, en la que se aprob\u00f3 la ratificaci\u00f3n del Convenio Marco entre la Municipalidad de C\u00f3rdoba y C\u00f3rdoba Nuestra Asociaci\u00f3n Civil Entorno Cultural y Tur\u00edstico de la Manzana Jesu\u00edtica, con el objetivo de recuperar el valor hist\u00f3rico, patrimonial y paisaj\u00edstico del \u00e1rea central de la ciudad y su revalorizaci\u00f3n como recurso tur\u00edstico y cultural.<\/p>\n<p class=\"\" style=\"font-weight: 400;\">Durante la sesi\u00f3n, se aprob\u00f3 tambi\u00e9n el proyecto que declara el 2023 como el a\u00f1o \u201cHomenaje a los 450 a\u00f1os de la fundaci\u00f3n de la ciudad de C\u00f3rdoba\u201d, el cual tiene como objetivo iniciar las acciones del homenaje por la Fundaci\u00f3n de la ciudad colocando carteler\u00eda y la leyenda &#8220;1573-2023. A 450 a\u00f1os de la fundaci\u00f3n de la ciudad de C\u00f3rdoba\u201d, en la papeler\u00eda oficial municipal durante el per\u00edodo comprendido entre el 1\u00b0 de enero de 2023 al 31 de diciembre de 2023.<\/p>\n<p class=\"\" style=\"font-weight: 400;\">Posteriormente, se aprob\u00f3 el proyecto que <strong>rinde homenaje a la memoria del ex gobernador Dr. Jos\u00e9 Manuel De La Sota<\/strong>, con motivo de conmemorarse el 15 de septiembre el 4\u00b0 aniversario de su fallecimiento.<\/p>\n<p class=\"\">&nbsp;<\/p>\n<p class=\"\"><img loading=\"lazy\" class=\"wp-image-14479 aligncenter\" src=\"http:\/\/hoycordobaweb.com\/wp-content\/uploads\/2022\/09\/passerini-rindio-homenaje-a-de-la-sota-en-el-concejo-deliberante.jpg\" alt=\"\" width=\"477\" height=\"318\" srcset=\"http:\/\/hoycordobaweb.com\/wp-content\/uploads\/2022\/09\/passerini-rindio-homenaje-a-de-la-sota-en-el-concejo-deliberante.jpg 1600w, http:\/\/hoycordobaweb.com\/wp-content\/uploads\/2022\/09\/passerini-rindio-homenaje-a-de-la-sota-en-el-concejo-deliberante-1.jpg 665w, http:\/\/hoycordobaweb.com\/wp-content\/uploads\/2022\/09\/passerini-rindio-homenaje-a-de-la-sota-en-el-concejo-deliberante-2.jpg 768w, http:\/\/hoycordobaweb.com\/wp-content\/uploads\/2022\/09\/passerini-rindio-homenaje-a-de-la-sota-en-el-concejo-deliberante-3.jpg 1536w\" sizes=\"(max-width: 477px) 100vw, 477px\" \/><\/p>\n<p>&nbsp;<\/p>\n<p class=\"\" style=\"font-weight: 400;\">Al referirse a este homenaje, el viceintendente, Daniel Passerini, transmiti\u00f3 el saludo de la familia De la Sota y de la diputada nacional Natalia De la Sota a los ediles, y reflexion\u00f3: <strong><em>\u201cSe debe optar por la memoria y no por el rencor. En sus \u00faltimos d\u00edas, cuando nadie imaginaba que nos iba a abandonar en el momento que quer\u00eda postularse como presidente, Jos\u00e9 Manuel no ten\u00eda verg\u00fcenza en decir que pensaba distinto de cuando era joven, que resaltaba la imagen \u00faltima de Per\u00f3n de los consensos y de los abrazos. Pudimos ser testigo del enorme respeto que tuvo la ciudadan\u00eda que lo despidi\u00f3 y tambi\u00e9n del respeto de \u00e9l hacia los otros ex gobernadores. Gracias por ese respeto\u201d<\/em><\/strong>. En relaci\u00f3n a este nuevo aniversario, habr\u00e1 una misa en la iglesia Santo Domingo a las 19.30 horas.<\/p>\n<p class=\"\" style=\"font-weight: 400;\">Antes de finalizar la sesi\u00f3n, el Dr. Daniel Passerini se refiri\u00f3 al Benepl\u00e1cito por el 40\u00b0 aniversario del programa radial \u201cLos Burdos\u201d, \u00edcono de la radiofon\u00eda de C\u00f3rdoba. Por este motivo, hizo extensiva tambi\u00e9n la invitaci\u00f3n a asistir a la funci\u00f3n especial en la Facultad de Comunicaci\u00f3n.<\/p>\n<p>&nbsp;<\/p>\n<div class=\"ubm_banner\"><a href=\"https:\/\/www.cba.gov.ar\" target=\"_blank\" rel=\"dofollow noopener noreferrer\"><img src=\"http:\/\/hoycordobaweb.com\/wp-content\/uploads\/2022\/09\/passerini-rindio-homenaje-a-de-la-sota-en-el-concejo-deliberante.gif\" alt=\"\"><\/a><\/div>\n<\/div>\n<\/div>\n<\/div>\n<\/div>\n<p>La entrada <a rel=\"nofollow\" href=\"https:\/\/ladecimaweb.com\/passerini-rindio-homenaje-a-de-la-sota-en-el-concejo-deliberante\/\">Passerini rindi\u00f3 homenaje a De la Sota en el Concejo Deliberante<\/a> se public\u00f3 primero en <a rel=\"nofollow\" href=\"https:\/\/ladecimaweb.com\">LaDecima<\/a>.<\/p>\n","protected":false},"excerpt":{"rendered":"<p>El Concejo Deliberante de la ciudad de C\u00f3rdoba realiz\u00f3 hoy la 25ta sesi\u00f3n del per\u00edodo 2022, presidida por el viceintendente Daniel Passerini, en la que se aprob\u00f3 la ratificaci\u00f3n del Convenio Marco entre la Municipalidad de C\u00f3rdoba y C\u00f3rdoba Nuestra Asociaci\u00f3n Civil Entorno Cultural y Tur\u00edstico de la Manzana Jesu\u00edtica, con el objetivo de recuperar [&hellip;]<\/p>\n","protected":false},"author":1,"featured_media":48529,"comment_status":"closed","ping_status":"closed","sticky":false,"template":"","format":"standard","meta":[],"categories":[19],"tags":[],"_links":{"self":[{"href":"http:\/\/hoycordobaweb.com\/index.php\/wp-json\/wp\/v2\/posts\/48528"}],"collection":[{"href":"http:\/\/hoycordobaweb.com\/index.php\/wp-json\/wp\/v2\/posts"}],"about":[{"href":"http:\/\/hoycordobaweb.com\/index.php\/wp-json\/wp\/v2\/types\/post"}],"author":[{"embeddable":true,"href":"http:\/\/hoycordobaweb.com\/index.php\/wp-json\/wp\/v2\/users\/1"}],"replies":[{"embeddable":true,"href":"http:\/\/hoycordobaweb.com\/index.php\/wp-json\/wp\/v2\/comments?post=48528"}],"version-history":[{"count":0,"href":"http:\/\/hoycordobaweb.com\/index.php\/wp-json\/wp\/v2\/posts\/48528\/revisions"}],"wp:featuredmedia":[{"embeddable":true,"href":"http:\/\/hoycordobaweb.com\/index.php\/wp-json\/wp\/v2\/media\/48529"}],"wp:attachment":[{"href":"http:\/\/hoycordobaweb.com\/index.php\/wp-json\/wp\/v2\/media?parent=48528"}],"wp:term":[{"taxonomy":"category","embeddable":true,"href":"http:\/\/hoycordobaweb.com\/index.php\/wp-json\/wp\/v2\/categories?post=48528"},{"taxonomy":"post_tag","embeddable":true,"href":"http:\/\/hoycordobaweb.com\/index.php\/wp-json\/wp\/v2\/tags?post=48528"}],"curies":[{"name":"wp","href":"https:\/\/api.w.org\/{rel}","templated":true}]}}