{"id":48504,"date":"2022-09-15T23:28:00","date_gmt":"2022-09-15T23:28:00","guid":{"rendered":"http:\/\/hoycordobaweb.com\/index.php\/2022\/09\/15\/gabriela-sabatini-llego-a-bolonia-para-apoyar-al-equipo-argentino\/"},"modified":"2022-09-15T23:28:00","modified_gmt":"2022-09-15T23:28:00","slug":"gabriela-sabatini-llego-a-bolonia-para-apoyar-al-equipo-argentino","status":"publish","type":"post","link":"http:\/\/hoycordobaweb.com\/index.php\/2022\/09\/15\/gabriela-sabatini-llego-a-bolonia-para-apoyar-al-equipo-argentino\/","title":{"rendered":"Gabriela Sabatini lleg\u00f3 a Bolonia para apoyar al equipo argentino"},"content":{"rendered":"<p><img src=\"http:\/\/hoycordobaweb.com\/wp-content\/uploads\/2022\/09\/gabriela-sabatini-llego-a-bolonia-para-apoyar-al-equipo-argentino.jpg\"><\/p>\n<figure class=\"mb-3\"><img loading=\"lazy\" src=\"http:\/\/hoycordobaweb.com\/wp-content\/uploads\/2022\/09\/gabriela-sabatini-llego-a-bolonia-para-apoyar-al-equipo-argentino-2.jpg\" width=\"100%\" height=\"100%\" alt=\"Sabatini estar junto al equipo argentino en los partidos que le restan en la semana Foto AAT\"><figcaption> Sabatini estar\u00e1 junto al equipo argentino en los partidos que le restan en la semana \/ Foto: AAT <\/figcaption><\/figure>\n<p><strong>Gabriela Sabatini<\/strong> viaj\u00f3 especialmente desde Zurich a Bolonia para brindarle su apoyo y acompa\u00f1ar al equipo argentino de Copa Davis y compartir una cena con ellos en el hotel oficial.<\/p>\n<p>La mejor tenista argentina de toda la historia acompa\u00f1ar\u00e1 al equipo en las dos series que le restan disputar en el grupo A que se disputa en Italia, ante los locales el viernes y contra Croacia el s\u00e1bado.<\/p>\n<p>\u201c<strong>Estoy para apoyar a los chicos, es un placer compartir con ellos, alentarlos, verlos jugar<\/strong>. Vine de Suiza manejando, no queda tan lejos, no conoc\u00eda Bolonia y esta era una buena oportunidad, cerraba por todos lados.\u201d<\/p>\n<blockquote class=\"twitter-tweet\" readability=\"3.8823529411765\">\n<p lang=\"es\" dir=\"ltr\">\u00a1Miren qui\u00e9n vino!<a href=\"https:\/\/twitter.com\/sabatinigabyok?ref_src=twsrc%5Etfw\">@sabatinigabyok<\/a> viaj\u00f3 desde Zurich en auto para bancar a la Selecci\u00f3n \ud83c\udfbe\ud83c\udde6\ud83c\uddf7<br \/>As\u00ed la recibi\u00f3 <a href=\"https:\/\/twitter.com\/hashtag\/ElEquipoM%C3%A1sGrande?src=hash&amp;ref_src=twsrc%5Etfw\">#ElEquipoM\u00e1sGrande<\/a> \ud83d\ude0d <a href=\"https:\/\/t.co\/9Ru0GndT6h\">pic.twitter.com\/9Ru0GndT6h<\/a><\/p>\n<p>\u2014 Argentina Tenis (@AATenis) <a href=\"https:\/\/twitter.com\/AATenis\/status\/1570525740957040641?ref_src=twsrc%5Etfw\">September 15, 2022<\/a><\/p><\/blockquote>\n<p>Due\u00f1a de un carisma \u00fanico y conocedora de enfrentar adversidades deportivas, la presencia de Sabatini ayud\u00f3 a levantar el \u00e1nimo de un plantel que qued\u00f3 muy golpeado en lo an\u00edmico luego de la <a href=\"https:\/\/www.telam.com.ar\/notas\/202209\/604753-diego-schwartzman-derrota-miakel-ymer-argentina-suecia-copa-davis-bolonia-tenis.html\" target=\"_blank\" rel=\"noopener noreferrer\">inesperada ca\u00edda ante Suecia por 2 a 1 el martes pasado<\/a>.<\/p>\n<p>\u201cImagino que habr\u00e1 sido dif\u00edcil la derrota del otro d\u00eda, pero no est\u00e1 nada dicho. Ma\u00f1ana ser\u00e1 un partido dif\u00edcil contra Italia, pero los veo con posibilidades\u201d, coment\u00f3 Gaby.<\/p>\n","protected":false},"excerpt":{"rendered":"<p>Sabatini estar\u00e1 junto al equipo argentino en los partidos que le restan en la semana \/ Foto: AAT Gabriela Sabatini viaj\u00f3 especialmente desde Zurich a Bolonia para brindarle su apoyo y acompa\u00f1ar al equipo argentino de Copa Davis y compartir una cena con ellos en el hotel oficial. La mejor tenista argentina de toda la [&hellip;]<\/p>\n","protected":false},"author":1,"featured_media":48505,"comment_status":"open","ping_status":"closed","sticky":false,"template":"","format":"standard","meta":[],"categories":[19],"tags":[],"_links":{"self":[{"href":"http:\/\/hoycordobaweb.com\/index.php\/wp-json\/wp\/v2\/posts\/48504"}],"collection":[{"href":"http:\/\/hoycordobaweb.com\/index.php\/wp-json\/wp\/v2\/posts"}],"about":[{"href":"http:\/\/hoycordobaweb.com\/index.php\/wp-json\/wp\/v2\/types\/post"}],"author":[{"embeddable":true,"href":"http:\/\/hoycordobaweb.com\/index.php\/wp-json\/wp\/v2\/users\/1"}],"replies":[{"embeddable":true,"href":"http:\/\/hoycordobaweb.com\/index.php\/wp-json\/wp\/v2\/comments?post=48504"}],"version-history":[{"count":0,"href":"http:\/\/hoycordobaweb.com\/index.php\/wp-json\/wp\/v2\/posts\/48504\/revisions"}],"wp:featuredmedia":[{"embeddable":true,"href":"http:\/\/hoycordobaweb.com\/index.php\/wp-json\/wp\/v2\/media\/48505"}],"wp:attachment":[{"href":"http:\/\/hoycordobaweb.com\/index.php\/wp-json\/wp\/v2\/media?parent=48504"}],"wp:term":[{"taxonomy":"category","embeddable":true,"href":"http:\/\/hoycordobaweb.com\/index.php\/wp-json\/wp\/v2\/categories?post=48504"},{"taxonomy":"post_tag","embeddable":true,"href":"http:\/\/hoycordobaweb.com\/index.php\/wp-json\/wp\/v2\/tags?post=48504"}],"curies":[{"name":"wp","href":"https:\/\/api.w.org\/{rel}","templated":true}]}}