{"id":48486,"date":"2022-09-15T23:28:59","date_gmt":"2022-09-15T23:28:59","guid":{"rendered":"https:\/\/www.ole.com.ar\/futbol-internacional\/europa-league\/feyenoord-bullaude-gimenez-goleada_0_NuzGu8gkKQ.html"},"modified":"2022-09-15T23:28:59","modified_gmt":"2022-09-15T23:28:59","slug":"gol-de-gimenez-y-debut-internacional-de-bullaude-en-la-goleada-del-feyenoord","status":"publish","type":"post","link":"http:\/\/hoycordobaweb.com\/index.php\/2022\/09\/15\/gol-de-gimenez-y-debut-internacional-de-bullaude-en-la-goleada-del-feyenoord\/","title":{"rendered":"Gol de Gim\u00e9nez y debut internacional de Bullaude en la goleada del Feyenoord"},"content":{"rendered":"<p><img src=\"http:\/\/hoycordobaweb.com\/wp-content\/uploads\/2022\/09\/gol-de-gimenez-y-debut-internacional-de-bullaude-en-la-goleada-del-feyenoord.jpg\"><\/p>\n<p>El <a alt=\"feyenoord\" class=\"slug\" href=\"https:\/\/www.ole.com.ar\/tema\/feyenoord.html\" target=\"_blank\" title=\"feyenoord\" rel=\"noopener noreferrer\">Feyenoord <\/a><strong>gan\u00f3 y se acomod\u00f3 en la Europa League.<\/strong> Tras la derrota sufrida en la primera fecha ante <a alt=\"lazio\" class=\"slug\" href=\"https:\/\/www.ole.com.ar\/tema\/lazio.html\" target=\"_blank\" title=\"lazio\" rel=\"noopener noreferrer\">Lazio <\/a>por 4-2, el Popular <strong>no tuvo piedad ante el Sturm Graz y lo gole\u00f3 6-0.<\/strong> Con esta victoria m\u00e1s&nbsp;la dura derrota por 5-1 del equipo italiano ante el Midtjylland, el team neerland\u00e9s se puso como l\u00edder del grupo F por diferencia de gol. Ojo, todos&nbsp;tienen tres unidades en la zona. El argentino <strong>Santiago Gim\u00e9nez marc\u00f3 el quinto gol <\/strong>y <strong><a alt=\"ezequiel-bullaude\" class=\"slug\" href=\"https:\/\/www.ole.com.ar\/tema\/ezequiel-bullaude.html\" target=\"_blank\" title=\"ezequiel-bullaude\" rel=\"noopener noreferrer\">Ezequiel Bullaude<\/a><\/strong> ingres\u00f3 desde el banco para hacer su<strong> debut internacional.<\/strong><\/p>\n<div class=\"sp__SM\">\n<div class=\"content-new \">\n<span class=\"tit-mobile\">Mir\u00e1 tambi\u00e9n<\/span><\/p>\n<div class=\"mg\">\n<div class=\"wrap-figure\">\n<picture>\n<a href=\"https:\/\/www.ole.com.ar\/futbol-internacional\/lanzini-conference-west-ham-gol_0_OdPovs5OCu.html\" target=\"_self\" rel=\"noopener noreferrer\"><br \/>\n<img class=\"img-responsive\" alt=\"Conference League: gol de Lanzini en el triunfo de West Ham\" src=\"http:\/\/hoycordobaweb.com\/wp-content\/uploads\/2022\/09\/gol-de-gimenez-y-debut-internacional-de-bullaude-en-la-goleada-del-feyenoord-2.jpg\" loading=\"lazy\"><br \/>\n<\/a>\n<\/picture>\n<\/div>\n<\/div><\/div>\n<\/div>\n<h2><strong>Participaci\u00f3n argentina<\/strong><\/h2>\n<p><strong>\u200b<\/strong>Los argentinos <strong>Santiago Gim\u00e9nez y Ezequiel Bullaude dijeron presente en la gran goleada del Feyenoord.<\/strong> Santiago, delantero de 21 a\u00f1os procedente del Cruz Azul, anot\u00f3 un tanto, mientras que Bullaude, la venta m\u00e1s cara en la historia del Tomba (fue transferido por unos 7 millones de euros), entr\u00f3 sobre el final del partido y <strong>sum\u00f3 sus primeros minutos en una competencia internacional.<\/strong><\/p>\n<div class=\"sp__Normal\">\n<div class=\"image-embeb image-trigger\" readability=\"6\">\n<picture><source media=\"(min-width: 720px)\" srcset=\"http:\/\/hoycordobaweb.com\/wp-content\/uploads\/2022\/09\/gol-de-gimenez-y-debut-internacional-de-bullaude-en-la-goleada-del-feyenoord-3.jpg\"><img itemprop=\"image\" src=\"http:\/\/hoycordobaweb.com\/wp-content\/uploads\/2022\/09\/gol-de-gimenez-y-debut-internacional-de-bullaude-en-la-goleada-del-feyenoord-3.jpg\" loading=\"lazy\" alt=\"El argentino y un ingreso hist\u00f3rico para \u00e9l. (Foto: @Feyenoord)\">\n<\/picture><figcaption readability=\"2\">\n<p>El argentino y un ingreso hist\u00f3rico para \u00e9l. (Foto: @Feyenoord)\n<\/p>\n<\/figcaption><\/div>\n<\/div>\n<p>El partido, en la previa, era complejo, como todos los de<a alt=\"uefa-europa-league\" class=\"slug\" href=\"https:\/\/www.ole.com.ar\/tema\/uefa-europa-league.html\" target=\"_blank\" title=\"uefa-europa-league\" rel=\"noopener noreferrer\"> Europa League<\/a>. De todos modos, el Feyenoord super\u00f3 sin problemas a un equipo austr\u00edaco con muchos problemas defensivos. <strong>Santiago Gim\u00e9nez ingres\u00f3 a los 62\u00b4 y s\u00f3lo tard\u00f3 cuatro minutos para marcar su gol.<\/strong> Para ese entonces, el marcador estaba 5-0 y faltaba uno m\u00e1s.<\/p>\n<div class=\"sp__Normal\">\n<div class=\"image-embeb image-trigger\" readability=\"6\">\n<picture><source media=\"(min-width: 720px)\" srcset=\"http:\/\/hoycordobaweb.com\/wp-content\/uploads\/2022\/09\/gol-de-gimenez-y-debut-internacional-de-bullaude-en-la-goleada-del-feyenoord-4.jpg\"><img itemprop=\"image\" src=\"http:\/\/hoycordobaweb.com\/wp-content\/uploads\/2022\/09\/gol-de-gimenez-y-debut-internacional-de-bullaude-en-la-goleada-del-feyenoord-4.jpg\" loading=\"lazy\" alt=\"Santiago yendo a cabecear. (AP Photo\/Peter Dejong)\">\n<\/picture><figcaption readability=\"2\">\n<p>Santiago yendo a cabecear. (AP Photo\/Peter Dejong)\n<\/p>\n<\/figcaption><\/div>\n<\/div>\n<p>Por su parte, el ex <a alt=\"godoy-cruz\" class=\"slug\" href=\"https:\/\/www.ole.com.ar\/tema\/godoy-cruz.html\" target=\"_blank\" title=\"godoy-cruz\" rel=\"noopener noreferrer\">Godoy Cruz<\/a>, que <strong>hab\u00eda debutado ante el Sparta Rotterdam por el Eredivisie (<\/strong>disput\u00f3&nbsp;cinco minutos), volvi\u00f3 a sumar minutos pero en Europa League. Jug\u00f3 15\u00b4 y mostr\u00f3 algunas cositas. <strong>El entrenador Arne Slot lo lleva de a poco. <\/strong>Ezequiel fue vital en el Tomba y ahora est\u00e1 en Europa. Su salida signific\u00f3 mucho para un equipo que, para ese entonces, luchaba por no descender. <\/p>\n<div class=\"sp__Normal\">\n<div class=\"image-embeb image-trigger\" readability=\"6\">\n<picture><source media=\"(min-width: 720px)\" srcset=\"http:\/\/hoycordobaweb.com\/wp-content\/uploads\/2022\/09\/gol-de-gimenez-y-debut-internacional-de-bullaude-en-la-goleada-del-feyenoord-5.jpg\"><img itemprop=\"image\" src=\"http:\/\/hoycordobaweb.com\/wp-content\/uploads\/2022\/09\/gol-de-gimenez-y-debut-internacional-de-bullaude-en-la-goleada-del-feyenoord-5.jpg\" loading=\"lazy\" alt=\"Entr\u00f3 con el partido liquidado. (AP Photo\/Peter Dejong)\">\n<\/picture><figcaption readability=\"2\">\n<p>Entr\u00f3 con el partido liquidado. (AP Photo\/Peter Dejong)\n<\/p>\n<\/figcaption><\/div>\n<\/div>\n<div class=\"sp__SM\">\n<div class=\"content-new \">\n<span class=\"tit-mobile\">Mir\u00e1 tambi\u00e9n<\/span><\/p>\n<div class=\"mg\">\n<div class=\"wrap-figure\">\n<picture>\n<a href=\"https:\/\/www.ole.com.ar\/futbol-internacional\/europa-league\/joaquin-record-41-anos-betis-europa_0_BCNk7lA2vD.html\" target=\"_self\" rel=\"noopener noreferrer\"><br \/>\n<img class=\"img-responsive\" alt=\"Joaqu\u00edn marc\u00f3 un r\u00e9cord con 41 a\u00f1os\" src=\"http:\/\/hoycordobaweb.com\/wp-content\/uploads\/2022\/09\/gol-de-gimenez-y-debut-internacional-de-bullaude-en-la-goleada-del-feyenoord-6.jpg\" loading=\"lazy\"><br \/>\n<\/a>\n<\/picture>\n<\/div>\n<\/div><\/div>\n<\/div>\n<p>E<strong>ze disput\u00f3 96 partidos en el Tomba, en los que convirti\u00f3 18 goles y asisti\u00f3 nueve veces.<\/strong> Buenos n\u00fameros que hicieron llamar la atenci\u00f3n de varios equipos y finalmente fue el Feyenoord quien se qued\u00f3 con \u00e9l. La pregunta que se hace m\u00e1s de uno es,<strong> \u00bfcu\u00e1ndo podremos ver a Bullaude desde el arranque? <\/strong>De momento, <strong>hay que esperar<\/strong>, aunque el DT ya lo puso dos veces y, si rinde, seguramente no faltar\u00e1&nbsp;mucho para su primera titularidad.<\/p>\n<p>Ahora tiene que visitar al PSV y recibir al NEC Nijmegen por liga, para luego recibir en su estadio al&nbsp;Midtjylland de Dinamarca, partido correspondiente a la fecha tres del grupo F&nbsp;de la Europa League.<strong> \u00bfSer\u00e1 titular en alguno de estos encuentros?<\/strong><\/p>\n<div class=\"sp__SM\">\n<div class=\"content-new \">\n<span class=\"tit-mobile\">Mir\u00e1 tambi\u00e9n<\/span><\/p>\n<div class=\"mg\">\n<div class=\"wrap-figure\">\n<picture>\n<a href=\"https:\/\/www.ole.com.ar\/futbol-internacional\/arquero-fiorentina-collini-jueguito-gol_0_scq3nzCuR6.html\" target=\"_self\" rel=\"noopener noreferrer\"><br \/>\n<img class=\"img-responsive\" alt=\"Video: el arquero de la Fiore hizo jueguito y pag\u00f3 con gol\" src=\"http:\/\/hoycordobaweb.com\/wp-content\/uploads\/2022\/09\/gol-de-gimenez-y-debut-internacional-de-bullaude-en-la-goleada-del-feyenoord-7.jpg\" loading=\"lazy\"><br \/>\n<\/a>\n<\/picture>\n<\/div>\n<\/div><\/div>\n<\/div>\n<p><opta-widget widget=\"standings\" competition=\"6\" season=\"2022\" template=\"normal\" live=\"true\" default_nav=\"1\" side=\"combined\" data_detail=\"default\" show_key=\"true\" show_crests=\"true\" points_in_first_column=\"true\" lose_before_draw=\"false\" competition_naming=\"full\" team_naming=\"full\" date_format=\"dddd D MMMM YYYY\" sorting=\"false\" show_live=\"false\" show_relegation_average=\"true\" show_logo=\"true\" show_title=\"true\" breakpoints=\"382\" sport=\"football\"><\/opta-widget> <\/p>\n<div class=\"entry-tags\">\n<h2>TEMAS QUE APARECEN EN ESTA NOTA<\/h2>\n<\/p><\/div>\n","protected":false},"excerpt":{"rendered":"<p>El Feyenoord gan\u00f3 y se acomod\u00f3 en la Europa League. Tras la derrota sufrida en la primera fecha ante Lazio por 4-2, el Popular no tuvo piedad ante el Sturm Graz y lo gole\u00f3 6-0. Con esta victoria m\u00e1s&nbsp;la dura derrota por 5-1 del equipo italiano ante el Midtjylland, el team neerland\u00e9s se puso como [&hellip;]<\/p>\n","protected":false},"author":1,"featured_media":48487,"comment_status":"open","ping_status":"closed","sticky":false,"template":"","format":"standard","meta":[],"categories":[16],"tags":[],"_links":{"self":[{"href":"http:\/\/hoycordobaweb.com\/index.php\/wp-json\/wp\/v2\/posts\/48486"}],"collection":[{"href":"http:\/\/hoycordobaweb.com\/index.php\/wp-json\/wp\/v2\/posts"}],"about":[{"href":"http:\/\/hoycordobaweb.com\/index.php\/wp-json\/wp\/v2\/types\/post"}],"author":[{"embeddable":true,"href":"http:\/\/hoycordobaweb.com\/index.php\/wp-json\/wp\/v2\/users\/1"}],"replies":[{"embeddable":true,"href":"http:\/\/hoycordobaweb.com\/index.php\/wp-json\/wp\/v2\/comments?post=48486"}],"version-history":[{"count":0,"href":"http:\/\/hoycordobaweb.com\/index.php\/wp-json\/wp\/v2\/posts\/48486\/revisions"}],"wp:featuredmedia":[{"embeddable":true,"href":"http:\/\/hoycordobaweb.com\/index.php\/wp-json\/wp\/v2\/media\/48487"}],"wp:attachment":[{"href":"http:\/\/hoycordobaweb.com\/index.php\/wp-json\/wp\/v2\/media?parent=48486"}],"wp:term":[{"taxonomy":"category","embeddable":true,"href":"http:\/\/hoycordobaweb.com\/index.php\/wp-json\/wp\/v2\/categories?post=48486"},{"taxonomy":"post_tag","embeddable":true,"href":"http:\/\/hoycordobaweb.com\/index.php\/wp-json\/wp\/v2\/tags?post=48486"}],"curies":[{"name":"wp","href":"https:\/\/api.w.org\/{rel}","templated":true}]}}