{"id":48437,"date":"2022-09-14T14:37:52","date_gmt":"2022-09-14T14:37:52","guid":{"rendered":"https:\/\/www.ole.com.ar\/futbol-internacional\/james-rodriguez-companeros-lujo-grecia_0_giMnt4m5jT.html"},"modified":"2022-09-14T14:37:52","modified_gmt":"2022-09-14T14:37:52","slug":"que-companeros-de-lujo-tendra-james-rodriguez-en-grecia","status":"publish","type":"post","link":"http:\/\/hoycordobaweb.com\/index.php\/2022\/09\/14\/que-companeros-de-lujo-tendra-james-rodriguez-en-grecia\/","title":{"rendered":"Qu\u00e9 compa\u00f1eros de lujo tendr\u00e1 James Rodr\u00edguez en Grecia"},"content":{"rendered":"<p><img src=\"http:\/\/hoycordobaweb.com\/wp-content\/uploads\/2022\/09\/que-companeros-de-lujo-tendra-james-rodriguez-en-grecia.jpg\"><\/p>\n<p>Despu\u00e9s de mucho intentar y tras una larga espera, <strong><a alt=\"james-rodriguez\" class=\"slug\" href=\"https:\/\/www.ole.com.ar\/tema\/james-rodriguez.html\" target=\"_blank\" title=\"james-rodriguez\" rel=\"noopener noreferrer\">James Rodr\u00edguez<\/a><\/strong> logr\u00f3 su cometido y regresar\u00e1 a Europa:<strong> dejar\u00e1 Al-Rayyan y desembarcar\u00e1 en el Olympiacos de Grecia a pr\u00e9stamo.<\/strong> Este mi\u00e9rcoles se realizar\u00e1 los ex\u00e1menes m\u00e9dicos, firmar\u00e1 su contrato y <strong>se sumar\u00e1 al plantel, donde tendr\u00e1 varios compa\u00f1eros de lujo.<\/strong><\/p>\n<p>El jugador de la selecci\u00f3n de Colombia no estaba atravesando buenos momentos en el Al-Rayyan de Qatar. El pasado 7 de septiembre, por la sexta jornada de la Liga de Qatar, ingres\u00f3 faltando 20 minutos y volvi\u00f3 a tener acci\u00f3n tras seis meses sin competencia oficia la nivel clubes. El volante no jugaba desde el 5 de marzo. Y, como si fuera poco, recibi\u00f3 algunos abucheos.<\/p>\n<div class=\"sp__Normal\">\n<div class=\"image-embeb image-trigger\" readability=\"6\">\n<picture><source media=\"(min-width: 720px)\" srcset=\"http:\/\/hoycordobaweb.com\/wp-content\/uploads\/2022\/09\/que-companeros-de-lujo-tendra-james-rodriguez-en-grecia-2.jpg\"><img itemprop=\"image\" src=\"http:\/\/hoycordobaweb.com\/wp-content\/uploads\/2022\/09\/que-companeros-de-lujo-tendra-james-rodriguez-en-grecia-2.jpg\" loading=\"lazy\" alt=\"Ser\u00eda anunciado en su nuevo club en las pr\u00f3ximas horas. (EFE\/ Ricardo Maldonado Rozo)\">\n<\/picture><figcaption readability=\"2\">\n<p>Ser\u00eda anunciado en su nuevo club en las pr\u00f3ximas horas. (EFE\/ Ricardo Maldonado Rozo)\n<\/p>\n<\/figcaption><\/div>\n<\/div>\n<div class=\"sp__SM\">\n<div class=\"content-new \">\n<span class=\"tit-mobile\">Mir\u00e1 tambi\u00e9n<\/span><\/p>\n<div class=\"mg\">\n<div class=\"wrap-figure\">\n<picture>\n<a href=\"https:\/\/www.ole.com.ar\/fuera-de-juego\/muller-robo-barcelona-champions_0_l2MqfK8MfC.html\" target=\"_self\" rel=\"noopener noreferrer\"><br \/>\n<img class=\"img-responsive\" alt=\"Thomas M\u00fcller sufri\u00f3 un tremendo robo en su casa mientras jugaba con el Barcelona\" src=\"http:\/\/hoycordobaweb.com\/wp-content\/uploads\/2022\/09\/que-companeros-de-lujo-tendra-james-rodriguez-en-grecia-3.jpg\" loading=\"lazy\"><br \/>\n<\/a>\n<\/picture>\n<\/div>\n<\/div><\/div>\n<\/div>\n<h2><strong>NUEVO DESTINO<\/strong><\/h2>\n<p>Para su fortuna, su destino cambi\u00f3 radicalmente en las \u00faltimas horas y podr\u00e1 regresar al f\u00fatbol de elite, como tanto deseaba. Tras algunos rumores del Panathinaikos, <strong>Olympiacos tom\u00f3 la delantera en las negociaciones y acord\u00f3 un pr\u00e9stamo con Al-Rayyan para hacerse con los servicios del cafetero<\/strong>, seg\u00fan revel\u00f3 Fabrizio Romano, periodista especializado en mercado de pases.<\/p>\n<p><strong>\u00abJames Rodr\u00edguez al Olympiacos, \u00a1el acuerdo est\u00e1 por completarse! Se le ha dicho que la estrella colombiana volar\u00e1 a Grecia hoy, con ex\u00e1menes m\u00e9dico, hay un acuerdo verbal sobre el acuerdo de pr\u00e9stamo. Si todo va seg\u00fan lo planeado, James firmar\u00e1 m\u00e1s tarde hoy. Here we go\u00bb<\/strong>, public\u00f3 Romano en Twitter.<\/p>\n<div class=\"sp__Normal htmlLibre\">\n<div class=\"embed-responsive-c\" readability=\"8.9798927613941\">\n<blockquote class=\"twitter-tweet\" readability=\"11.973190348525\">\n<p lang=\"en\" dir=\"ltr\">James Rodriguez to Olympiacos, deal set to be completed! Been told that the Colombian star will fly to Greece today \u2014 medical scheduled, there\u2019s verbal agreement in place on loan deal. \ud83d\udea8\u26aa\ufe0f\ud83d\udd34\ud83c\udde8\ud83c\uddf4 <a href=\"https:\/\/twitter.com\/hashtag\/transfers?src=hash&amp;ref_src=twsrc%5Etfw\">#transfers<\/a><\/p>\n<p>If all goes as planned, James will sign later today.<\/p>\n<p>Here we go soon. <a href=\"https:\/\/t.co\/tBlz4cPWuV\">pic.twitter.com\/tBlz4cPWuV<\/a><\/p>\n<p>\u2014 Fabrizio Romano (@FabrizioRomano) <a href=\"https:\/\/twitter.com\/FabrizioRomano\/status\/1569995154580279296?ref_src=twsrc%5Etfw\">September 14, 2022<\/a><\/p><\/blockquote><\/div>\n<\/div>\n<div class=\"sp__SM\">\n<div class=\"content-new \">\n<span class=\"tit-mobile\">Mir\u00e1 tambi\u00e9n<\/span><\/p>\n<div class=\"mg\">\n<div class=\"wrap-figure\">\n<picture>\n<a href=\"https:\/\/www.ole.com.ar\/futbol-internacional\/video-viral-mano-rival-mexico_0_BkcIjzlfFE.html\" target=\"_self\" rel=\"noopener noreferrer\"><br \/>\n<img class=\"img-responsive\" alt=\"Video viral: se le fue la mano con un rival\" src=\"http:\/\/hoycordobaweb.com\/wp-content\/uploads\/2022\/09\/que-companeros-de-lujo-tendra-james-rodriguez-en-grecia-4.jpg\" loading=\"lazy\"><br \/>\n<\/a>\n<\/picture>\n<\/div>\n<\/div><\/div>\n<\/div>\n<p>Luego, agreg\u00f3: <strong>\u00abJames Rodr\u00edguez, ahora en Grecia para someterse a ex\u00e1menes m\u00e9dicos y luego firmar el contrato para unirse al Olympiacos en calidad de pr\u00e9stamo, acuerdo confirmado\u00bb<\/strong>.<\/p>\n<div class=\"sp__Normal htmlLibre\">\n<div class=\"embed-responsive-c\" readability=\"6.8421985815603\">\n<blockquote class=\"twitter-tweet\" readability=\"8.0496453900709\">\n<p lang=\"en\" dir=\"ltr\">James Rodriguez, now in Greece to undergo medical tests and then sign the contract to join Olympiacos on loan \u2014 plan confirmed. \ud83e\ude7a\ud83c\uddec\ud83c\uddf7\ud83c\udde8\ud83c\uddf4 <a href=\"https:\/\/twitter.com\/hashtag\/Olympiacos?src=hash&amp;ref_src=twsrc%5Etfw\">#Olympiacos<\/a><\/p>\n<p>\u2026back with Marcelo very, very soon. <a href=\"https:\/\/t.co\/43eSdKEvMc\">pic.twitter.com\/43eSdKEvMc<\/a><\/p>\n<p>\u2014 Fabrizio Romano (@FabrizioRomano) <a href=\"https:\/\/twitter.com\/FabrizioRomano\/status\/1570031380838633472?ref_src=twsrc%5Etfw\">September 14, 2022<\/a><\/p><\/blockquote><\/div>\n<\/div>\n<div class=\"sp__SM\">\n<div class=\"content-new \">\n<span class=\"tit-mobile\">Mir\u00e1 tambi\u00e9n<\/span><\/p>\n<div class=\"mg\">\n<div class=\"wrap-figure\">\n<picture>\n<a href=\"https:\/\/www.ole.com.ar\/futbol-internacional\/bomba-james-rodriguez-vuelta-europa-grecia_0_X0JucT47HS.html\" target=\"_self\" rel=\"noopener noreferrer\"><br \/>\n<img class=\"img-responsive\" alt=\"Bomba: James Rodr\u00edguez vuelve a Europa\" src=\"http:\/\/hoycordobaweb.com\/wp-content\/uploads\/2022\/09\/que-companeros-de-lujo-tendra-james-rodriguez-en-grecia-5.jpg\" loading=\"lazy\"><br \/>\n<\/a>\n<\/picture>\n<\/div>\n<\/div><\/div>\n<\/div>\n<h2><strong>COMPA\u00d1EROS DE LUJO<\/strong><\/h2>\n<p>En su llegada a Olympiacos, James se reencontrar\u00e1 con un viejo amigo de su etapa con <a alt=\"real-madrid\" class=\"slug\" href=\"https:\/\/www.ole.com.ar\/tema\/real-madrid.html\" target=\"_blank\" title=\"real-madrid\" rel=\"noopener noreferrer\">Real Madrid<\/a>: <strong>Marcelo<\/strong>. S\u00ed, lateral brasile\u00f1o de 34 a\u00f1os lleg\u00f3 a El Pireo en el presente mercado de pases con el pase en su poder tras quedar libre del Merengue. Y no ser\u00e1 el \u00fanico compa\u00f1ero conocido que tendr\u00e1 Rodr\u00edguez Rubio&#8230;<\/p>\n<p>Otro de los que lleg\u00f3 recientemente al club es <strong>Sime Vrsaljko<\/strong>, ex <a alt=\"inter-de-milan\" class=\"slug\" href=\"https:\/\/www.ole.com.ar\/tema\/inter-de-milan.html\" target=\"_blank\" title=\"inter-de-milan\" rel=\"noopener noreferrer\">Inter<\/a> que viene de finalizar su v\u00ednculo con <a alt=\"atletico-madrid\" class=\"slug\" href=\"https:\/\/www.ole.com.ar\/tema\/atletico-madrid.html\" target=\"_blank\" title=\"atletico-madrid\" rel=\"noopener noreferrer\">Atl\u00e9tico de Madrid<\/a> luego de tres a\u00f1os. Tambi\u00e9n est\u00e1 <strong><a alt=\"mathieu-valbuena\" class=\"slug\" href=\"https:\/\/www.ole.com.ar\/tema\/mathieu-valbuena.html\" target=\"_blank\" title=\"mathieu-valbuena\" rel=\"noopener noreferrer\">Mathieu Valbuena<\/a><\/strong>, con pasado en Olympique de Marsella, Lyon y la selecci\u00f3n de Francia. Adem\u00e1s, se suman dos locales con buena trayectoria en Europa: <strong>Sokratis Papastathopoulos<\/strong> (ex Arsenal, Milan, Borussia Dortmund) y <strong>Konstantinos Manolas<\/strong> (ex Roma y Napoli).<\/p>\n<div class=\"sp__Normal\">\n<div class=\"image-embeb image-trigger\" readability=\"6\">\n<picture><source media=\"(min-width: 720px)\" srcset=\"http:\/\/hoycordobaweb.com\/wp-content\/uploads\/2022\/09\/que-companeros-de-lujo-tendra-james-rodriguez-en-grecia-6.jpg\"><img itemprop=\"image\" src=\"http:\/\/hoycordobaweb.com\/wp-content\/uploads\/2022\/09\/que-companeros-de-lujo-tendra-james-rodriguez-en-grecia-6.jpg\" loading=\"lazy\" alt=\"Se reencontrar\u00e1 con Marcelo. (REUTERS\/Albert Gea)\">\n<\/picture><figcaption readability=\"2\">\n<p>Se reencontrar\u00e1 con Marcelo. (REUTERS\/Albert Gea)\n<\/p>\n<\/figcaption><\/div>\n<\/div>\n<div class=\"sp__SM\">\n<div class=\"content-new \">\n<span class=\"tit-mobile\">Mir\u00e1 tambi\u00e9n<\/span><\/p>\n<div class=\"mg\">\n<div class=\"wrap-figure\">\n<picture>\n<a href=\"https:\/\/www.ole.com.ar\/futbol-internacional\/higuian-pipita-gol-inter-columbus_0_S6FwNKnfTr.html\" target=\"_self\" rel=\"noopener noreferrer\"><br \/>\n<img class=\"img-responsive\" alt=\"Higua\u00edn intratable: meti\u00f3 un doblete y le dio la victoria a su equipo\" src=\"http:\/\/hoycordobaweb.com\/wp-content\/uploads\/2022\/09\/que-companeros-de-lujo-tendra-james-rodriguez-en-grecia-7.jpg\" loading=\"lazy\"><br \/>\n<\/a>\n<\/picture>\n<\/div>\n<\/div><\/div>\n<\/div>\n<h2><strong>C\u00d3MO LLEGA JAMES<\/strong><\/h2>\n<p>Despu\u00e9s de un a\u00f1o en Qatar, James regresar\u00e1 a Europa tras su paso por Everton. <strong>En Al-Rayyan disput\u00f3 15 partidos oficiales, meti\u00f3 cinco goles y reparti\u00f3 siete asistencias.<\/strong> Adem\u00e1s, luego de varios meses inactivo,&nbsp;su valor cay\u00f3 considerablemente.<\/p>\n<p>En las \u00faltimas temporadas, James Rodr\u00edguez no estuvo jugando en su mejor nivel y esto se ve reflejado en su valor. Seg\u00fan indic\u00f3 Transfermarkt, sitio especializado en valorizaci\u00f3n de jugadores, cuando lleg\u00f3 al Everton en septiembre de 2020 ten\u00eda un valor de 35 millones de euros.<strong> En el Al-Rayyan, descendi\u00f3 a los 13 millones, su valor m\u00e1s bajo desde principios de 2012.<\/strong><\/p>\n<div class=\"sp__SM\">\n<div class=\"content-new \">\n<span class=\"tit-mobile\">Mir\u00e1 tambi\u00e9n<\/span><\/p>\n<div class=\"mg\">\n<div class=\"wrap-figure\">\n<picture>\n<a href=\"https:\/\/www.ole.com.ar\/futbol-internacional\/champions\/brujas-sorpresa-champions-league_0_R5VRnhbXth.html\" target=\"_self\" rel=\"noopener noreferrer\"><br \/>\n<img class=\"img-responsive\" alt=\"Noches de Brujas: la sorpresa de la Champions\" src=\"http:\/\/hoycordobaweb.com\/wp-content\/uploads\/2022\/09\/que-companeros-de-lujo-tendra-james-rodriguez-en-grecia-8.jpg\" loading=\"lazy\"><br \/>\n<\/a>\n<\/picture>\n<\/div>\n<\/div><\/div>\n<\/div>\n<div class=\"entry-tags\">\n<h2>TEMAS QUE APARECEN EN ESTA NOTA<\/h2>\n<\/p><\/div>\n","protected":false},"excerpt":{"rendered":"<p>Despu\u00e9s de mucho intentar y tras una larga espera, James Rodr\u00edguez logr\u00f3 su cometido y regresar\u00e1 a Europa: dejar\u00e1 Al-Rayyan y desembarcar\u00e1 en el Olympiacos de Grecia a pr\u00e9stamo. Este mi\u00e9rcoles se realizar\u00e1 los ex\u00e1menes m\u00e9dicos, firmar\u00e1 su contrato y se sumar\u00e1 al plantel, donde tendr\u00e1 varios compa\u00f1eros de lujo. El jugador de la selecci\u00f3n [&hellip;]<\/p>\n","protected":false},"author":1,"featured_media":48438,"comment_status":"open","ping_status":"closed","sticky":false,"template":"","format":"standard","meta":[],"categories":[16],"tags":[],"_links":{"self":[{"href":"http:\/\/hoycordobaweb.com\/index.php\/wp-json\/wp\/v2\/posts\/48437"}],"collection":[{"href":"http:\/\/hoycordobaweb.com\/index.php\/wp-json\/wp\/v2\/posts"}],"about":[{"href":"http:\/\/hoycordobaweb.com\/index.php\/wp-json\/wp\/v2\/types\/post"}],"author":[{"embeddable":true,"href":"http:\/\/hoycordobaweb.com\/index.php\/wp-json\/wp\/v2\/users\/1"}],"replies":[{"embeddable":true,"href":"http:\/\/hoycordobaweb.com\/index.php\/wp-json\/wp\/v2\/comments?post=48437"}],"version-history":[{"count":0,"href":"http:\/\/hoycordobaweb.com\/index.php\/wp-json\/wp\/v2\/posts\/48437\/revisions"}],"wp:featuredmedia":[{"embeddable":true,"href":"http:\/\/hoycordobaweb.com\/index.php\/wp-json\/wp\/v2\/media\/48438"}],"wp:attachment":[{"href":"http:\/\/hoycordobaweb.com\/index.php\/wp-json\/wp\/v2\/media?parent=48437"}],"wp:term":[{"taxonomy":"category","embeddable":true,"href":"http:\/\/hoycordobaweb.com\/index.php\/wp-json\/wp\/v2\/categories?post=48437"},{"taxonomy":"post_tag","embeddable":true,"href":"http:\/\/hoycordobaweb.com\/index.php\/wp-json\/wp\/v2\/tags?post=48437"}],"curies":[{"name":"wp","href":"https:\/\/api.w.org\/{rel}","templated":true}]}}