{"id":48435,"date":"2022-09-14T22:57:51","date_gmt":"2022-09-14T22:57:51","guid":{"rendered":"https:\/\/www.ole.com.ar\/futbol-internacional\/sergio-ramos-convocado-espana_0_rP8aSEu4dC.html"},"modified":"2022-09-14T22:57:51","modified_gmt":"2022-09-14T22:57:51","slug":"sergio-ramos-vuelve-a-la-seleccion-de-espana","status":"publish","type":"post","link":"http:\/\/hoycordobaweb.com\/index.php\/2022\/09\/14\/sergio-ramos-vuelve-a-la-seleccion-de-espana\/","title":{"rendered":"\u00bfSergio Ramos vuelve a la selecci\u00f3n de Espa\u00f1a?"},"content":{"rendered":"<p><img src=\"http:\/\/hoycordobaweb.com\/wp-content\/uploads\/2022\/09\/sergio-ramos-vuelve-a-la-seleccion-de-espana.jpg\"><\/p>\n<p>No hay dudas de que <a alt=\"sergio-ramos\" class=\"slug\" href=\"https:\/\/www.ole.com.ar\/tema\/sergio-ramos.html\" target=\"_blank\" title=\"sergio-ramos\" rel=\"noopener noreferrer\">Sergio Ramos<\/a> es una de las<strong> principales caras hist\u00f3ricas&nbsp;<\/strong>de la<a alt=\"seleccion-de-espana\" class=\"slug\" href=\"https:\/\/www.ole.com.ar\/tema\/seleccion-de-espana.html\" target=\"_blank\" title=\"seleccion-de-espana\" rel=\"noopener noreferrer\"> selecci\u00f3n espa\u00f1ola<\/a>. Campe\u00f3n en el Mundial de Sud\u00e1frica en 2010 y de las Eurocopas 2008 y 2012, adem\u00e1s de ser el capit\u00e1n desde el a\u00f1o 2016. Sin duda, un defensor que <strong>marc\u00f3 un antes y un despu\u00e9s en la Roja<\/strong>, pero actualmente sin jugar en el seleccionado desde el <strong>31 de marzo de 2021<\/strong>. Luego de un a\u00f1o y medio, el defensor del <a alt=\"paris-saint-germain\" class=\"slug\" href=\"https:\/\/www.ole.com.ar\/tema\/paris-saint-germain.html\" target=\"_blank\" title=\"paris-saint-germain\" rel=\"noopener noreferrer\">Paris Saint Germain<\/a><strong> apareci\u00f3 en una prelista de <a alt=\"luis-enrique\" class=\"slug\" href=\"https:\/\/www.ole.com.ar\/tema\/luis-enrique.html\" target=\"_blank\" title=\"luis-enrique\" rel=\"noopener noreferrer\">Luis Enrique<\/a>. <\/strong><\/p>\n<div class=\"sp__Normal\">\n<div class=\"image-embeb image-trigger\" readability=\"6.5\">\n<picture><source media=\"(min-width: 720px)\" srcset=\"http:\/\/hoycordobaweb.com\/wp-content\/uploads\/2022\/09\/sergio-ramos-vuelve-a-la-seleccion-de-espana-2.jpg\"><img itemprop=\"image\" src=\"http:\/\/hoycordobaweb.com\/wp-content\/uploads\/2022\/09\/sergio-ramos-vuelve-a-la-seleccion-de-espana-2.jpg\" loading=\"lazy\" alt=\"Sergio Ramos, besando la Copa del Mundo en 2010. (AFP)\">\n<\/picture><figcaption readability=\"3\">\n<p>Sergio Ramos, besando la Copa del Mundo en 2010. (AFP)\n<\/p>\n<\/figcaption><\/div>\n<\/div>\n<p>Tras su salida del <a alt=\"real-madrid\" class=\"slug\" href=\"https:\/\/www.ole.com.ar\/tema\/real-madrid.html\" target=\"_blank\" title=\"real-madrid\" rel=\"noopener noreferrer\">Real Madrid<\/a> y su llegada a Francia, Ramos<strong> estuvo mucho tiempo sin jugar<\/strong> debido a una lesi\u00f3n que arrastr\u00f3 desde su salida de los blancos, y volver a su selecci\u00f3n parec\u00eda una misi\u00f3n imposible. Este mi\u00e9rcoles fue titular en la victoria del <a alt=\"paris-saint-germain\" class=\"slug\" href=\"https:\/\/www.ole.com.ar\/tema\/paris-saint-germain.html\" target=\"_blank\" title=\"paris-saint-germain\" rel=\"noopener noreferrer\">PSG <\/a>por 3-1 ante Maccabi Haifa&nbsp;y <strong>viene jugando en casi todos los partidos de liga<\/strong>, aunque no siempre complete los 90 minutos.<\/p>\n<div class=\"sp__Normal\">\n<div class=\"image-embeb image-trigger\" readability=\"6\">\n<picture><source media=\"(min-width: 720px)\" srcset=\"http:\/\/hoycordobaweb.com\/wp-content\/uploads\/2022\/09\/sergio-ramos-vuelve-a-la-seleccion-de-espana-3.jpg\"><img itemprop=\"image\" src=\"http:\/\/hoycordobaweb.com\/wp-content\/uploads\/2022\/09\/sergio-ramos-vuelve-a-la-seleccion-de-espana-3.jpg\" loading=\"lazy\" alt=\"Ramos disputando una pelota en la final del Mundial 2010.\">\n<\/picture><figcaption readability=\"2\">\n<p>Ramos disputando una pelota en la final del Mundial 2010.\n<\/p>\n<\/figcaption><\/div>\n<\/div>\n<p><a alt=\"aymeric-laporte\" class=\"slug\" href=\"https:\/\/www.ole.com.ar\/tema\/aymeric-laporte.html\" target=\"_blank\" title=\"aymeric-laporte\" rel=\"noopener noreferrer\">Aymeric Laporte<\/a> (actualmente lesionado), <a alt=\"eric-garcia\" class=\"slug\" href=\"https:\/\/www.ole.com.ar\/tema\/eric-garcia.html\" target=\"_blank\" title=\"eric-garcia\" rel=\"noopener noreferrer\">Eric Garc\u00eda<\/a>, Pau Torres y <a alt=\"diego-llorente\" class=\"slug\" href=\"https:\/\/www.ole.com.ar\/tema\/diego-llorente.html\" target=\"_blank\" title=\"diego-llorente\" rel=\"noopener noreferrer\">Diego Llorente<\/a> son los zagueros que disputaron la mayor\u00eda de minutos desde la llegada de Luis Enrique, pero tras la posible nueva convocatoria, el cuatro veces campe\u00f3n de la <a alt=\"champions-league\" class=\"slug\" href=\"https:\/\/www.ole.com.ar\/tema\/champions-league.html\" target=\"_blank\" title=\"champions-league\" rel=\"noopener noreferrer\">Champions League<\/a> con el Madrid, parecer\u00eda ser la nueva -y al parecer eterna- opci\u00f3n para la l\u00ednea defensiva de la selecci\u00f3n de Espa\u00f1a a poco m\u00e1s de dos meses <a alt=\"qatar-2022\" class=\"slug\" href=\"https:\/\/www.ole.com.ar\/tema\/qatar-2022.html\" target=\"_blank\" title=\"qatar-2022\" rel=\"noopener noreferrer\">Qatar 2022<\/a>.<\/p>\n<p>La convocatoria de Ramos se produjo para los dos partidos que Espa\u00f1a tiene a fines de septiembre por la Nations League: <strong>el 24 ante Suiza de local y el 27 frente a Espa\u00f1a como visitante.<\/strong><\/p>\n<div class=\"sp__SM\">\n<div class=\"content-new \">\n<span class=\"tit-mobile\">Mir\u00e1 tambi\u00e9n<\/span><\/p>\n<div class=\"mg\">\n<div class=\"wrap-figure\">\n<picture>\n<a href=\"https:\/\/www.ole.com.ar\/ecuador\/internacional\/messi-vuelta-gol-psg-maccabi-champions_0_1O7zdajUk9.html\" target=\"_self\" rel=\"noopener noreferrer\"><br \/>\n<img class=\"img-responsive\" alt=\"Messi super\u00f3 un r\u00e9cord de Cristiano en la Champions\" src=\"http:\/\/hoycordobaweb.com\/wp-content\/uploads\/2022\/09\/sergio-ramos-vuelve-a-la-seleccion-de-espana-4.jpg\" loading=\"lazy\"><br \/>\n<\/a>\n<\/picture>\n<\/div>\n<\/div><\/div>\n<\/div>\n<h2><strong>LA POSIBILIDAD DE VOLVER A DEFENDER LOS COLORES DE SU PA\u00cdS&nbsp;<\/strong><\/h2>\n<div class=\"sp__Normal\">\n<div class=\"image-embeb image-trigger\" readability=\"6\">\n<picture><source media=\"(min-width: 720px)\" srcset=\"http:\/\/hoycordobaweb.com\/wp-content\/uploads\/2022\/09\/sergio-ramos-vuelve-a-la-seleccion-de-espana-5.jpg\"><img itemprop=\"image\" src=\"http:\/\/hoycordobaweb.com\/wp-content\/uploads\/2022\/09\/sergio-ramos-vuelve-a-la-seleccion-de-espana-5.jpg\" loading=\"lazy\" alt=\"Ramos en 2020 celebrando un gol en la Euro. EFE.\">\n<\/picture><figcaption readability=\"2\">\n<p>Ramos en 2020 celebrando un gol en la Euro. EFE.\n<\/p>\n<\/figcaption><\/div>\n<\/div>\n<div class=\"sp__SM\">\n<div class=\"content-new \">\n<span class=\"tit-mobile\">Mir\u00e1 tambi\u00e9n<\/span><\/p>\n<div class=\"mg\">\n<div class=\"wrap-figure\">\n<picture>\n<a href=\"https:\/\/www.ole.com.ar\/futbol-internacional\/champions\/emocionante-reaccion-israelies-messi_0_nr62z6IP32.html\" target=\"_self\" rel=\"noopener noreferrer\"><br \/>\n<img class=\"img-responsive\" alt=\"La emocionante reacci\u00f3n de los chicos israel\u00edes con Messi\" src=\"http:\/\/hoycordobaweb.com\/wp-content\/uploads\/2022\/09\/sergio-ramos-vuelve-a-la-seleccion-de-espana-6.jpg\" loading=\"lazy\"><br \/>\n<\/a>\n<\/picture>\n<\/div>\n<\/div><\/div>\n<\/div>\n<p><a alt=\"christophe-galtier\" class=\"slug\" href=\"https:\/\/www.ole.com.ar\/tema\/christophe-galtier.html\" target=\"_blank\" title=\"christophe-galtier\" rel=\"noopener noreferrer\">Christophe Galtier<\/a>, el nuevo entrenador del Par\u00eds tras la salida de<a alt=\"mauricio-pochettino\" class=\"slug\" href=\"https:\/\/www.ole.com.ar\/tema\/mauricio-pochettino.html\" target=\"_blank\" title=\"mauricio-pochettino\" rel=\"noopener noreferrer\"> Mauricio Pochettino<\/a>, le transmiti\u00f3 su confianza a Ramos y tras una recuperaci\u00f3n desde lo f\u00edsico, ya es casi un hecho <strong>su regreso a la Roja e<\/strong>n la doble convocatoria para los partidos ante Suiza y Portugal, decisivos para la clasificaci\u00f3n de Espa\u00f1a para la fase final de la Liga de las Naciones.<strong> \u00bfPodr\u00e1 volver a jugar con su selecci\u00f3n?. <\/strong><\/p>\n<div class=\"entry-tags\">\n<h2>TEMAS QUE APARECEN EN ESTA NOTA<\/h2>\n<\/p><\/div>\n","protected":false},"excerpt":{"rendered":"<p>No hay dudas de que Sergio Ramos es una de las principales caras hist\u00f3ricas&nbsp;de la selecci\u00f3n espa\u00f1ola. Campe\u00f3n en el Mundial de Sud\u00e1frica en 2010 y de las Eurocopas 2008 y 2012, adem\u00e1s de ser el capit\u00e1n desde el a\u00f1o 2016. Sin duda, un defensor que marc\u00f3 un antes y un despu\u00e9s en la Roja, [&hellip;]<\/p>\n","protected":false},"author":1,"featured_media":48436,"comment_status":"open","ping_status":"closed","sticky":false,"template":"","format":"standard","meta":[],"categories":[16],"tags":[],"_links":{"self":[{"href":"http:\/\/hoycordobaweb.com\/index.php\/wp-json\/wp\/v2\/posts\/48435"}],"collection":[{"href":"http:\/\/hoycordobaweb.com\/index.php\/wp-json\/wp\/v2\/posts"}],"about":[{"href":"http:\/\/hoycordobaweb.com\/index.php\/wp-json\/wp\/v2\/types\/post"}],"author":[{"embeddable":true,"href":"http:\/\/hoycordobaweb.com\/index.php\/wp-json\/wp\/v2\/users\/1"}],"replies":[{"embeddable":true,"href":"http:\/\/hoycordobaweb.com\/index.php\/wp-json\/wp\/v2\/comments?post=48435"}],"version-history":[{"count":0,"href":"http:\/\/hoycordobaweb.com\/index.php\/wp-json\/wp\/v2\/posts\/48435\/revisions"}],"wp:featuredmedia":[{"embeddable":true,"href":"http:\/\/hoycordobaweb.com\/index.php\/wp-json\/wp\/v2\/media\/48436"}],"wp:attachment":[{"href":"http:\/\/hoycordobaweb.com\/index.php\/wp-json\/wp\/v2\/media?parent=48435"}],"wp:term":[{"taxonomy":"category","embeddable":true,"href":"http:\/\/hoycordobaweb.com\/index.php\/wp-json\/wp\/v2\/categories?post=48435"},{"taxonomy":"post_tag","embeddable":true,"href":"http:\/\/hoycordobaweb.com\/index.php\/wp-json\/wp\/v2\/tags?post=48435"}],"curies":[{"name":"wp","href":"https:\/\/api.w.org\/{rel}","templated":true}]}}