{"id":48431,"date":"2022-09-14T23:23:58","date_gmt":"2022-09-14T23:23:58","guid":{"rendered":"https:\/\/www.ole.com.ar\/san-lorenzo\/san-lorenzo_0_6zMoI3nHhr.html"},"modified":"2022-09-14T23:23:58","modified_gmt":"2022-09-14T23:23:58","slug":"insua-del-falto-el-gol-al-me-gusto-el-equipo","status":"publish","type":"post","link":"http:\/\/hoycordobaweb.com\/index.php\/2022\/09\/14\/insua-del-falto-el-gol-al-me-gusto-el-equipo\/","title":{"rendered":"Insua: del \u00abfalt\u00f3 el gol\u00bb al \u00abme gust\u00f3 el equipo\u00bb"},"content":{"rendered":"<p><img src=\"http:\/\/hoycordobaweb.com\/wp-content\/uploads\/2022\/09\/insua-del-falto-el-gol-al-me-gusto-el-equipo.jpg\"><\/p>\n<p><strong>El punto que<a alt=\"san-lorenzo\" class=\"slug\" href=\"https:\/\/www.ole.com.ar\/tema\/san-lorenzo.html\" target=\"_blank\" title=\"san-lorenzo\" rel=\"noopener noreferrer\"> San Lorenzo<\/a> consigui\u00f3 frente a <a alt=\"colon\" class=\"slug\" href=\"https:\/\/www.ole.com.ar\/tema\/colon.html\" target=\"_blank\" title=\"colon\" rel=\"noopener noreferrer\">Col\u00f3n <\/a>tuvo gusto a poco para los hinchas, los jugadores y tambi\u00e9n para <a alt=\"ruben-dario-insua\" class=\"slug\" href=\"https:\/\/www.ole.com.ar\/tema\/ruben-dario-insua.html\" target=\"_blank\" title=\"ruben-dario-insua\" rel=\"noopener noreferrer\">Ruben Dar\u00edo Insua<\/a>. <\/strong>Siempre transparente y con pocas pulgas, <strong>el entrenador se fue con bronca por la gran cantidad de oportunidades que su equipo desperdici\u00f3<\/strong>, algo que hizo que llegara a la cuarta igualdad de manera consecutiva y que no pudiera acercarse a los puestos de copas internacionales, ya que qued\u00f3 a tres puntos de Atl\u00e9tico Tucum\u00e1n, el \u00faltimo que hoy estar\u00eda ingresando a la <a alt=\"copa-sudamericana\" class=\"slug\" href=\"https:\/\/www.ole.com.ar\/tema\/copa-sudamericana.html\" target=\"_blank\" title=\"copa-sudamericana\" rel=\"noopener noreferrer\">Sudamericana<\/a>. Como si fuera poco, el Decano jugar\u00e1 este jueves contra <a alt=\"talleres-de-cordoba\" class=\"slug\" href=\"https:\/\/www.ole.com.ar\/tema\/talleres-de-cordoba.html\" target=\"_blank\" title=\"talleres-de-cordoba\" rel=\"noopener noreferrer\">Talleres de C\u00f3rdoba<\/a> y podr\u00e1 alejarse a\u00fan m\u00e1s&#8230;<\/p>\n<h2><strong>LA GRAN SALVADA DE BATALLA<\/strong><\/h2>\n<div class=\"sp__SM\">\n<div class=\"content-new \">\n<span class=\"tit-mobile\">Mir\u00e1 tambi\u00e9n<\/span><\/p>\n<div class=\"mg\">\n<div class=\"wrap-figure\">\n<picture>\n<a href=\"https:\/\/www.ole.com.ar\/san-lorenzo\/san-lorenzo-colon_0_ZMQ8FZ2Knw.html\" target=\"_self\" rel=\"noopener noreferrer\"><br \/>\n<img class=\"img-responsive\" alt=\"El uno x uno de San Lorenzo ante Col\u00f3n\" src=\"http:\/\/hoycordobaweb.com\/wp-content\/uploads\/2022\/09\/insua-del-falto-el-gol-al-me-gusto-el-equipo-2.jpg\" loading=\"lazy\"><br \/>\n<\/a>\n<\/picture>\n<\/div>\n<\/div><\/div>\n<\/div>\n<p>En conferencia de prensa, e<strong>l Gallego fue clarito al responder por qu\u00e9 el Cicl\u00f3n no consigui\u00f3 llevarse el triunfo en su visita a Santa Fe<\/strong>. \u201c<mark><strong>Falt\u00f3 el gol\u201d,<\/strong><\/mark> explic\u00f3 luego de la igualdad sin tantos en el Cementerio de los Elefantes y contra un Sabalero que llegaba con tres derrotas al hilo y un baj\u00f3n an\u00edmico groso. \u201cHicimos un muy buen partido, falt\u00f3 un poco de eficacia para definir\u201d, sostuvo el DT en varias oportunidades.<\/p>\n<p>\u201c<strong>A m\u00ed me gust\u00f3 c\u00f3mo jugamos<\/strong>. Tuvimos seis o siete posibilidades de gol y <a alt=\"colon\" class=\"slug\" href=\"https:\/\/www.ole.com.ar\/tema\/colon.html\" target=\"_blank\" title=\"colon\" rel=\"noopener noreferrer\">Col\u00f3n <\/a>ninguna. Tuvimos dos oportunidades en el primer tiempo, el segundo tiempo se hizo m\u00e1s de ida y vuelta. No la pudimos embocar\u201d, continu\u00f3 Insua, al mismo tiempo que indic\u00f3 que por \u201cl\u00f3gica pura\u201d el conjunto azulgrana debi\u00f3 haberse llevada la victoria.<\/p>\n<div class=\"sp__Normal\">\n<div class=\"image-embeb image-trigger\" readability=\"6.5\">\n<picture><source media=\"(min-width: 720px)\" srcset=\"http:\/\/hoycordobaweb.com\/wp-content\/uploads\/2022\/09\/insua-del-falto-el-gol-al-me-gusto-el-equipo-3.jpg\"><img itemprop=\"image\" src=\"http:\/\/hoycordobaweb.com\/wp-content\/uploads\/2022\/09\/insua-del-falto-el-gol-al-me-gusto-el-equipo-3.jpg\" loading=\"lazy\" alt=\"N\u00e9stor Ortigoza estuvo en el banco de suplentes despu\u00e9s de casi dos meses de lesi\u00f3n. (fotobaires)\">\n<\/picture><figcaption readability=\"3\">\n<p>N\u00e9stor Ortigoza estuvo en el banco de suplentes despu\u00e9s de casi dos meses de lesi\u00f3n. (fotobaires)\n<\/p>\n<\/figcaption><\/div>\n<\/div>\n<div class=\"sp__SM\">\n<div class=\"content-new \">\n<span class=\"tit-mobile\">Mir\u00e1 tambi\u00e9n<\/span><\/p>\n<div class=\"mg\">\n<div class=\"wrap-figure\">\n<picture>\n<a href=\"https:\/\/www.ole.com.ar\/futsal\/futsal-argentina-finalissia-espana_0_n23VUGqEz3.html\" target=\"_self\" rel=\"noopener noreferrer\"><br \/>\n<img class=\"img-responsive\" alt=\"Argentina debuta este viernes en la primera Finalissima del Futsal\" src=\"http:\/\/hoycordobaweb.com\/wp-content\/uploads\/2022\/09\/insua-del-falto-el-gol-al-me-gusto-el-equipo-4.jpg\" loading=\"lazy\"><br \/>\n<\/a>\n<\/picture>\n<\/div>\n<\/div><\/div>\n<\/div>\n<p>Lejos de despegarse del libreto que sac\u00f3 cuando lleg\u00f3 a comienzos del torneo, <strong>el Gallego volvi\u00f3 a reiterar que el equipo est\u00e1 para \u201cseguir construyendo\u201d y para ser \u201ccada vez m\u00e1s competitivo\u201d<\/strong>. Si bien sabe que una de las metas es alcanzar la <a alt=\"copa-sudamericana\" class=\"slug\" href=\"https:\/\/www.ole.com.ar\/tema\/copa-sudamericana.html\" target=\"_blank\" title=\"copa-sudamericana\" rel=\"noopener noreferrer\">Sudamericana <\/a>2023, \u00e9l prefiere ir paso a paso, seguir consolidando a un <a alt=\"san-lorenzo\" class=\"slug\" href=\"https:\/\/www.ole.com.ar\/tema\/san-lorenzo.html\" target=\"_blank\" title=\"san-lorenzo\" rel=\"noopener noreferrer\">San Lorenzo<\/a> que acumula seis partidos sin caer (son 2PG y 4PE) y no perder el foco.<\/p>\n<p>Claro, Insua siempre se acuerda de que, al arribar a Boedo, el Cicl\u00f3n debi\u00f3 \u201crearmar un plantel\u201d por la salida de varios futbolistas, que cuenta con \u201c70% de j\u00f3venes del club\u201d y que la \u00faltima incorporaci\u00f3n (la contrataci\u00f3n de Andr\u00e9s Vombergar) fue en la \u201cd\u00e9cima fecha del torneo\u201d. Y agreg\u00f3: <strong>\u201cTenemos que construir un equipo cada vez m\u00e1s fuerte\u201d.<\/strong><\/p>\n<div class=\"sp__Normal\">\n<div class=\"image-embeb image-trigger\" readability=\"6.5\">\n<picture><source media=\"(min-width: 720px)\" srcset=\"http:\/\/hoycordobaweb.com\/wp-content\/uploads\/2022\/09\/insua-del-falto-el-gol-al-me-gusto-el-equipo-5.jpg\"><img itemprop=\"image\" src=\"http:\/\/hoycordobaweb.com\/wp-content\/uploads\/2022\/09\/insua-del-falto-el-gol-al-me-gusto-el-equipo-5.jpg\" loading=\"lazy\" alt=\"En un partido parejo, el Cicl\u00f3n se volvi\u00f3 con un punto con gusto a poco. (fotobaires)\">\n<\/picture><figcaption readability=\"3\">\n<p>En un partido parejo, el Cicl\u00f3n se volvi\u00f3 con un punto con gusto a poco. (fotobaires)\n<\/p>\n<\/figcaption><\/div>\n<\/div>\n<div class=\"sp__SM\">\n<div class=\"content-new \">\n<span class=\"tit-mobile\">Mir\u00e1 tambi\u00e9n<\/span><\/p>\n<div class=\"mg\">\n<div class=\"wrap-figure\">\n<picture>\n<a href=\"https:\/\/www.ole.com.ar\/futbol-primera\/colon-san-lorenzo-liga-profesional_0_4thp4sD0I2.html\" target=\"_self\" rel=\"noopener noreferrer\"><br \/>\n<img class=\"img-responsive\" alt=\"San Lorenzo, cuarto empate al hilo y lejos de la copa\" src=\"http:\/\/hoycordobaweb.com\/wp-content\/uploads\/2022\/09\/insua-del-falto-el-gol-al-me-gusto-el-equipo-6.jpg\" loading=\"lazy\"><br \/>\n<\/a>\n<\/picture>\n<\/div>\n<\/div><\/div>\n<\/div>\n<p>Sabor agridulce.<\/p>\n<p><opta-widget sport=\"football\" widget=\"timeline\" competition=\"724\" season=\"2022\" match=\"2287386\" template=\"normal\" live=\"true\" orientation=\"horizontal\" vertical_timebar_height=\"260\" show_match_header=\"true\" show_score=\"true\" show_crests=\"true\" show_assists=\"all\" show_team_formation=\"true\" show_clock=\"true\" show_period_dividers=\"true\" show_halftime_score=\"false\" show_date=\"true\" date_format=\"dddd D MMMM YYYY\" show_attendance=\"true\" show_images=\"true\" show_referee=\"true\" show_venue=\"true\" show_cards=\"all\" show_goals=\"true\" show_penalties_missed=\"true\" show_subs=\"false\" show_goals_combined=\"false\" show_shootouts=\"false\" show_competition_name=\"true\" competition_naming=\"full\" team_naming=\"full\" player_naming=\"full\" show_live=\"true\" show_logo=\"false\" show_title=\"true\" breakpoints=\"400, 700\"><\/opta-widget><opta-widget sport=\"football\" widget=\"matchstats\" competition=\"724\" season=\"2022\" match=\"2287386\" template=\"lineups\" live=\"true\" side=\"both\" column_count=\"1\" side_by_side=\"true\" show_match_header=\"true\" show_score=\"true\" show_halftime_score=\"false\" show_crests=\"false\" show_team_formation=\"true\" show_competition_name=\"true\" show_date=\"false\" date_format=\"dddd D MMMM YYYY\" order_by=\"position\" group_by_position=\"false\" show_position=\"true\" show_images=\"false\" show_key=\"false\" show_starters=\"true\" show_goalkeepers=\"true\" show_defenders=\"true\" show_midfielders=\"true\" show_forwards=\"true\" show_subs=\"true\" show_unused_subs=\"false\" show_managers=\"true\" show_captain=\"false\" show_match_events=\"true\" competition_naming=\"full\" team_naming=\"full\" player_naming=\"full\" show_live=\"false\" show_logo=\"false\" show_title=\"true\" breakpoints=\"400, 700\"><\/opta-widget><opta-widget widget=\"commentary\" competition=\"724\" season=\"2022\" match=\"2287386\" template=\"normal\" live=\"true\" data_type=\"auto\" order_by=\"time_descending\" show_event_icons=\"true\" show_minor_events=\"true\" fixed_height_comments=\"300\" show_live=\"true\" show_logo=\"false\" show_title=\"true\" breakpoints=\"400\" sport=\"football\"><\/opta-widget><opta-widget sport=\"football\" widget=\"heatmap\" competition=\"724\" season=\"2022\" match=\"2287386\" preselected_player template=\"normal\" live=\"true\" show_maps=\"all\" orientation=\"horizontal\" side=\"both\" dimension=\"2D\" one_direction=\"false\" show_match_header=\"true\" show_score=\"true\" show_halftime_score=\"false\" show_crests=\"false\" show_team_formation=\"true\" show_competition_name=\"true\" show_date=\"true\" date_format=\"dddd D MMMM YYYY\" show_team_sheets=\"true\" show_subs=\"true\" show_position=\"true\" show_timecontrols=\"true\" show_timecontrols_buttons=\"true\" show_timecontrols_bar=\"true\" show_tooltips=\"false\" competition_naming=\"full\" team_naming=\"full\" player_naming=\"full\" show_logo=\"false\" show_title=\"true\" breakpoints=\"400, 700\"><\/opta-widget><opta-widget widget=\"standings\" competition=\"724\" season=\"2022\" template=\"normal\" live=\"true\" default_nav=\"1\" side=\"combined\" data_detail=\"default\" show_key=\"true\" show_crests=\"true\" points_in_first_column=\"true\" lose_before_draw=\"false\" competition_naming=\"full\" team_naming=\"full\" date_format=\"dddd D MMMM YYYY\" sorting=\"false\" show_live=\"false\" show_relegation_average=\"true\" show_logo=\"true\" show_title=\"true\" breakpoints=\"382\" sport=\"football\"><\/opta-widget> <\/p>\n<div class=\"entry-tags\">\n<h2>TEMAS QUE APARECEN EN ESTA NOTA<\/h2>\n<\/p><\/div>\n","protected":false},"excerpt":{"rendered":"<p>El punto que San Lorenzo consigui\u00f3 frente a Col\u00f3n tuvo gusto a poco para los hinchas, los jugadores y tambi\u00e9n para Ruben Dar\u00edo Insua. Siempre transparente y con pocas pulgas, el entrenador se fue con bronca por la gran cantidad de oportunidades que su equipo desperdici\u00f3, algo que hizo que llegara a la cuarta igualdad [&hellip;]<\/p>\n","protected":false},"author":1,"featured_media":48432,"comment_status":"open","ping_status":"closed","sticky":false,"template":"","format":"standard","meta":[],"categories":[16],"tags":[],"_links":{"self":[{"href":"http:\/\/hoycordobaweb.com\/index.php\/wp-json\/wp\/v2\/posts\/48431"}],"collection":[{"href":"http:\/\/hoycordobaweb.com\/index.php\/wp-json\/wp\/v2\/posts"}],"about":[{"href":"http:\/\/hoycordobaweb.com\/index.php\/wp-json\/wp\/v2\/types\/post"}],"author":[{"embeddable":true,"href":"http:\/\/hoycordobaweb.com\/index.php\/wp-json\/wp\/v2\/users\/1"}],"replies":[{"embeddable":true,"href":"http:\/\/hoycordobaweb.com\/index.php\/wp-json\/wp\/v2\/comments?post=48431"}],"version-history":[{"count":0,"href":"http:\/\/hoycordobaweb.com\/index.php\/wp-json\/wp\/v2\/posts\/48431\/revisions"}],"wp:featuredmedia":[{"embeddable":true,"href":"http:\/\/hoycordobaweb.com\/index.php\/wp-json\/wp\/v2\/media\/48432"}],"wp:attachment":[{"href":"http:\/\/hoycordobaweb.com\/index.php\/wp-json\/wp\/v2\/media?parent=48431"}],"wp:term":[{"taxonomy":"category","embeddable":true,"href":"http:\/\/hoycordobaweb.com\/index.php\/wp-json\/wp\/v2\/categories?post=48431"},{"taxonomy":"post_tag","embeddable":true,"href":"http:\/\/hoycordobaweb.com\/index.php\/wp-json\/wp\/v2\/tags?post=48431"}],"curies":[{"name":"wp","href":"https:\/\/api.w.org\/{rel}","templated":true}]}}