{"id":48429,"date":"2022-09-14T23:28:08","date_gmt":"2022-09-14T23:28:08","guid":{"rendered":"https:\/\/www.ole.com.ar\/futbol-internacional\/champions\/champions-allegri-juventus-benfica_0_QMr0zoo6Op.html"},"modified":"2022-09-14T23:28:08","modified_gmt":"2022-09-14T23:28:08","slug":"juventus-silbatina-de-hinchas-la-calma-de-allegri-y-la-preocupacion-de-bonucci","status":"publish","type":"post","link":"http:\/\/hoycordobaweb.com\/index.php\/2022\/09\/14\/juventus-silbatina-de-hinchas-la-calma-de-allegri-y-la-preocupacion-de-bonucci\/","title":{"rendered":"Juventus: silbatina de hinchas, la calma de Allegri y la preocupaci\u00f3n de Bonucci"},"content":{"rendered":"<p><img src=\"http:\/\/hoycordobaweb.com\/wp-content\/uploads\/2022\/09\/juventus-silbatina-de-hinchas-la-calma-de-allegri-y-la-preocupacion-de-bonucci.jpg\"><\/p>\n<p>La <a alt=\"juventus\" class=\"slug\" href=\"https:\/\/www.ole.com.ar\/tema\/juventus.html\" target=\"_blank\" title=\"juventus\" rel=\"noopener noreferrer\">Juventus <\/a>cay\u00f3 ante&nbsp;<a alt=\"benfica\" class=\"slug\" href=\"https:\/\/www.ole.com.ar\/tema\/benfica.html\" target=\"_blank\" title=\"benfica\" rel=\"noopener noreferrer\">Benfica <\/a>en la segunda fecha de la fase de grupos de <a alt=\"champions-league\" class=\"slug\" href=\"https:\/\/www.ole.com.ar\/tema\/champions-league.html\" target=\"_blank\" title=\"champions-league\" rel=\"noopener noreferrer\">Champions League <\/a>y <strong>dej\u00f3 muchas dudas de cara al futuro. <\/strong>En dos partidos, dos derrotas, <mark><strong>la gente no ocult\u00f3 su disgusto y chifl\u00f3 al equipo <\/strong><\/mark>una vez terminado el encuentro. A pesar de este momento en Champions, su entrenador&nbsp;<a alt=\"masimiliano-allegri\" class=\"slug\" href=\"https:\/\/www.ole.com.ar\/tema\/masimiliano-allegri.html\" target=\"_blank\" title=\"masimiliano-allegri\" rel=\"noopener noreferrer\">Massimiliano Allegri<\/a>&nbsp;<strong>se mostr\u00f3 muy tranquilo. En contrapartida, Leonardo Bonucci,<\/strong><strong>&nbsp;el capit\u00e1n del equipo<\/strong>,&nbsp;<strong>manifest\u00f3 estar preocupado por el momento.<\/strong><\/p>\n<div class=\"sp__SM\">\n<div class=\"content-new \">\n<span class=\"tit-mobile\">Mir\u00e1 tambi\u00e9n<\/span><\/p>\n<div class=\"mg\">\n<div class=\"wrap-figure\">\n<picture>\n<a href=\"https:\/\/www.ole.com.ar\/messi\/messi-vuelta-gol-psg-maccabi-champions_0_vi6POts4bY.html\" target=\"_self\" rel=\"noopener noreferrer\"><br \/>\n<img class=\"img-responsive\" alt=\"Video: la vuelta al gol de Messi tras 531 minutos y el r\u00e9cord de cada d\u00eda\" src=\"http:\/\/hoycordobaweb.com\/wp-content\/uploads\/2022\/09\/juventus-silbatina-de-hinchas-la-calma-de-allegri-y-la-preocupacion-de-bonucci-2.jpg\" loading=\"lazy\"><br \/>\n<\/a>\n<\/picture>\n<\/div>\n<\/div><\/div>\n<\/div>\n<h2><strong>Flojo arranque de la Juve<\/strong><\/h2>\n<p><strong>\u200b<\/strong>El equipo de Tur\u00edn <strong>tiene una dif\u00edcil misi\u00f3n por delante.<\/strong> Perdi\u00f3 ante el PSG en la primera fecha y ahora cay\u00f3 de local ante el Benfica. A pesar de comenzar ganando con el gol de Arkadiusz Milik, el equipo portugu\u00e9s se lo dio vuelta y termin\u00f3 dejando una mejor imagen desde lo futbol\u00edstico. Ahora, a la Vecchia Signora le toca <strong>ganar sus dos partidos que le quedan de local (PSG y Maccabi Haifa)&nbsp;y salir a buscar el triunfo en Portugal o Israel para acomodarse y so\u00f1ar con octavos.<\/strong> <\/p>\n<div class=\"sp__Normal\">\n<div class=\"image-embeb image-trigger\" readability=\"6\">\n<picture><source media=\"(min-width: 720px)\" srcset=\"http:\/\/hoycordobaweb.com\/wp-content\/uploads\/2022\/09\/juventus-silbatina-de-hinchas-la-calma-de-allegri-y-la-preocupacion-de-bonucci-3.jpg\"><img itemprop=\"image\" src=\"http:\/\/hoycordobaweb.com\/wp-content\/uploads\/2022\/09\/juventus-silbatina-de-hinchas-la-calma-de-allegri-y-la-preocupacion-de-bonucci-3.jpg\" loading=\"lazy\" alt=\"Una dura derrota. (AP Photo\/Antonio Calanni)\">\n<\/picture><figcaption readability=\"2\">\n<p>Una dura derrota. (AP Photo\/Antonio Calanni)\n<\/p>\n<\/figcaption><\/div>\n<\/div>\n<p>\u00abJugamos bien 20 minutos, pudimos ampliar la ventaja a 2-0 Luego en el momento de dificultad no defendimos bien y concedimos ese remate.<strong> El penal mentalmente nos dej\u00f3 sin piernas. Son momentos que forman parte del f\u00fatbol\u00bb<\/strong>, asegur\u00f3 Massimiliano. El elenco italiano mostr\u00f3 una cara en la primera parte y en la segunda mitad termin\u00f3 siendo dominado en su casa, algo que los hinchas no dejaron pasar y <strong>expresaron su desagrado.<\/strong> <\/p>\n<div class=\"sp__SM\">\n<div class=\"content-new \">\n<span class=\"tit-mobile\">Mir\u00e1 tambi\u00e9n<\/span><\/p>\n<div class=\"mg\">\n<div class=\"wrap-figure\">\n<picture>\n<a href=\"https:\/\/www.ole.com.ar\/futbol-internacional\/champions\/argentinos-champions-rendimiento_0_DuClqND4Lv.html\" target=\"_self\" rel=\"noopener noreferrer\"><br \/>\n<img class=\"img-responsive\" alt=\"El bolet\u00edn de Champions de los argentinos\" src=\"http:\/\/hoycordobaweb.com\/wp-content\/uploads\/2022\/09\/juventus-silbatina-de-hinchas-la-calma-de-allegri-y-la-preocupacion-de-bonucci-4.jpg\" loading=\"lazy\"><br \/>\n<\/a>\n<\/picture>\n<\/div>\n<\/div><\/div>\n<\/div>\n<p>\u00abNo es culpa de alguien en particular, ni de un jugador ni del entrenador,<strong> es de todo el mundo\u00bb<\/strong>, declar\u00f3 el DT. A la par,&nbsp;<strong>reconoci\u00f3 como algo \u00abl\u00f3gico\u00bb a los silbidos <\/strong>recibidos en el Juventus Stadium. Con esta derrota, los rumores de un posible despido hacia al DT comenzaron a resurgir, aunque <strong>Allegri asegur\u00f3 estar tranquilo<\/strong> pese a las dos derrotas por <a alt=\"champions-league\" class=\"slug\" href=\"https:\/\/www.ole.com.ar\/tema\/champions-league.html\" target=\"_blank\" title=\"champions-league\" rel=\"noopener noreferrer\">Champions<\/a>.<\/p>\n<div class=\"sp__Normal\">\n<div class=\"image-embeb image-trigger\" readability=\"6.5\">\n<picture><source media=\"(min-width: 720px)\" srcset=\"http:\/\/hoycordobaweb.com\/wp-content\/uploads\/2022\/09\/juventus-silbatina-de-hinchas-la-calma-de-allegri-y-la-preocupacion-de-bonucci-5.jpg\"><img itemprop=\"image\" src=\"http:\/\/hoycordobaweb.com\/wp-content\/uploads\/2022\/09\/juventus-silbatina-de-hinchas-la-calma-de-allegri-y-la-preocupacion-de-bonucci-5.jpg\" loading=\"lazy\" alt=\"Allegri, DT de la Juve (AP).\">\n<\/picture><figcaption readability=\"3\">\n<p>Allegri, DT de la Juve (AP).\n<\/p>\n<\/figcaption><\/div>\n<\/div>\n<p><strong>\u00abNo me siento en riesgo, creo que es la primera vez que un equipo m\u00edo pierde dos partidos seguidos en la Champions.<\/strong> Ahora hay que trabajar, el domingo hay otro partido importante, hay que intentar cerrar mejor. Fue una actuaci\u00f3n inferior a lo esperado\u00bb, afirm\u00f3 Allegri pensando en el duelo del<strong> domingo 18 contra Monza.<\/strong><\/p>\n<p>Por otra parte, uno que si est\u00e1 preocupado es <strong>Leonardo Bonucci<\/strong>, el capit\u00e1n del equipo.&nbsp;<strong>\u00abEstoy preocupado, no lo voy a esconder.<\/strong> Nos vamos demasiado a menudo de los partidos, no s\u00e9 la raz\u00f3n, si es f\u00edsica o mental.<strong> Nos cuesta ser regulares en los partidos<\/strong>, no hay mucho m\u00e1s que decir, solo trabajar\u00bb, se\u00f1al\u00f3 el capit\u00e1n.&nbsp;<\/p>\n<div class=\"sp__Normal\">\n<div class=\"image-embeb image-trigger\" readability=\"6\">\n<picture><source media=\"(min-width: 720px)\" srcset=\"http:\/\/hoycordobaweb.com\/wp-content\/uploads\/2022\/09\/juventus-silbatina-de-hinchas-la-calma-de-allegri-y-la-preocupacion-de-bonucci-6.jpg\"><img itemprop=\"image\" src=\"http:\/\/hoycordobaweb.com\/wp-content\/uploads\/2022\/09\/juventus-silbatina-de-hinchas-la-calma-de-allegri-y-la-preocupacion-de-bonucci-6.jpg\" loading=\"lazy\" alt=\"Al capit\u00e1n no le gusta este presente. (AP Photo\/Antonio Calanni)\">\n<\/picture><figcaption readability=\"2\">\n<p>Al capit\u00e1n no le gusta este presente. (AP Photo\/Antonio Calanni)\n<\/p>\n<\/figcaption><\/div>\n<\/div>\n<div class=\"sp__SM\">\n<div class=\"content-new \">\n<span class=\"tit-mobile\">Mir\u00e1 tambi\u00e9n<\/span><\/p>\n<div class=\"mg\">\n<div class=\"wrap-figure\">\n<picture>\n<a href=\"https:\/\/www.ole.com.ar\/futbol-internacional\/champions\/juventus-otamendi-benfica-enzo-champions_0_mYuBTQvnRk.html\" target=\"_self\" rel=\"noopener noreferrer\"><br \/>\n<img class=\"img-responsive\" alt=\"Con Enzo y Otamendi, Benfica gan\u00f3 en Tur\u00edn y complic\u00f3 a la Juventus\" src=\"http:\/\/hoycordobaweb.com\/wp-content\/uploads\/2022\/09\/juventus-silbatina-de-hinchas-la-calma-de-allegri-y-la-preocupacion-de-bonucci-7.jpg\" loading=\"lazy\"><br \/>\n<\/a>\n<\/picture>\n<\/div>\n<\/div><\/div>\n<\/div>\n<p><opta-widget sport=\"football\" widget=\"timeline\" competition=\"5\" season=\"2022\" match=\"2326768\" template=\"normal\" live=\"true\" orientation=\"horizontal\" vertical_timebar_height=\"260\" show_match_header=\"true\" show_score=\"true\" show_crests=\"true\" show_assists=\"all\" show_team_formation=\"true\" show_clock=\"true\" show_period_dividers=\"true\" show_halftime_score=\"false\" show_date=\"true\" date_format=\"dddd D MMMM YYYY\" show_attendance=\"true\" show_images=\"true\" show_referee=\"true\" show_venue=\"true\" show_cards=\"all\" show_goals=\"true\" show_penalties_missed=\"true\" show_subs=\"false\" show_goals_combined=\"false\" show_shootouts=\"false\" show_competition_name=\"true\" competition_naming=\"full\" team_naming=\"full\" player_naming=\"full\" show_live=\"true\" show_logo=\"false\" show_title=\"true\" breakpoints=\"400, 700\"><\/opta-widget><opta-widget sport=\"football\" widget=\"matchstats\" competition=\"5\" season=\"2022\" match=\"2326768\" template=\"lineups\" live=\"true\" side=\"both\" column_count=\"1\" side_by_side=\"true\" show_match_header=\"true\" show_score=\"true\" show_halftime_score=\"false\" show_crests=\"false\" show_team_formation=\"true\" show_competition_name=\"true\" show_date=\"false\" date_format=\"dddd D MMMM YYYY\" order_by=\"position\" group_by_position=\"false\" show_position=\"true\" show_images=\"false\" show_key=\"false\" show_starters=\"true\" show_goalkeepers=\"true\" show_defenders=\"true\" show_midfielders=\"true\" show_forwards=\"true\" show_subs=\"true\" show_unused_subs=\"false\" show_managers=\"true\" show_captain=\"false\" show_match_events=\"true\" competition_naming=\"full\" team_naming=\"full\" player_naming=\"full\" show_live=\"false\" show_logo=\"false\" show_title=\"true\" breakpoints=\"400, 700\"><\/opta-widget><opta-widget widget=\"commentary\" competition=\"5\" season=\"2022\" match=\"2326768\" template=\"normal\" live=\"true\" data_type=\"auto\" order_by=\"time_descending\" show_event_icons=\"true\" show_minor_events=\"true\" fixed_height_comments=\"300\" show_live=\"true\" show_logo=\"false\" show_title=\"true\" breakpoints=\"400\" sport=\"football\"><\/opta-widget><opta-widget sport=\"football\" widget=\"heatmap\" competition=\"5\" season=\"2022\" match=\"2326768\" preselected_player template=\"normal\" live=\"true\" show_maps=\"all\" orientation=\"horizontal\" side=\"both\" dimension=\"2D\" one_direction=\"false\" show_match_header=\"true\" show_score=\"true\" show_halftime_score=\"false\" show_crests=\"false\" show_team_formation=\"true\" show_competition_name=\"true\" show_date=\"true\" date_format=\"dddd D MMMM YYYY\" show_team_sheets=\"true\" show_subs=\"true\" show_position=\"true\" show_timecontrols=\"true\" show_timecontrols_buttons=\"true\" show_timecontrols_bar=\"true\" show_tooltips=\"false\" competition_naming=\"full\" team_naming=\"full\" player_naming=\"full\" show_logo=\"false\" show_title=\"true\" breakpoints=\"400, 700\"><\/opta-widget><opta-widget widget=\"standings\" competition=\"5\" season=\"2022\" template=\"normal\" live=\"true\" default_nav=\"1\" side=\"combined\" data_detail=\"default\" show_key=\"true\" show_crests=\"true\" points_in_first_column=\"true\" lose_before_draw=\"false\" competition_naming=\"full\" team_naming=\"full\" date_format=\"dddd D MMMM YYYY\" sorting=\"false\" show_live=\"false\" show_relegation_average=\"true\" show_logo=\"true\" show_title=\"true\" breakpoints=\"382\" sport=\"football\"><\/opta-widget> <\/p>\n<div class=\"entry-tags\">\n<h2>TEMAS QUE APARECEN EN ESTA NOTA<\/h2>\n<\/p><\/div>\n","protected":false},"excerpt":{"rendered":"<p>La Juventus cay\u00f3 ante&nbsp;Benfica en la segunda fecha de la fase de grupos de Champions League y dej\u00f3 muchas dudas de cara al futuro. En dos partidos, dos derrotas, la gente no ocult\u00f3 su disgusto y chifl\u00f3 al equipo una vez terminado el encuentro. A pesar de este momento en Champions, su entrenador&nbsp;Massimiliano Allegri&nbsp;se mostr\u00f3 [&hellip;]<\/p>\n","protected":false},"author":1,"featured_media":48430,"comment_status":"open","ping_status":"closed","sticky":false,"template":"","format":"standard","meta":[],"categories":[16],"tags":[],"_links":{"self":[{"href":"http:\/\/hoycordobaweb.com\/index.php\/wp-json\/wp\/v2\/posts\/48429"}],"collection":[{"href":"http:\/\/hoycordobaweb.com\/index.php\/wp-json\/wp\/v2\/posts"}],"about":[{"href":"http:\/\/hoycordobaweb.com\/index.php\/wp-json\/wp\/v2\/types\/post"}],"author":[{"embeddable":true,"href":"http:\/\/hoycordobaweb.com\/index.php\/wp-json\/wp\/v2\/users\/1"}],"replies":[{"embeddable":true,"href":"http:\/\/hoycordobaweb.com\/index.php\/wp-json\/wp\/v2\/comments?post=48429"}],"version-history":[{"count":0,"href":"http:\/\/hoycordobaweb.com\/index.php\/wp-json\/wp\/v2\/posts\/48429\/revisions"}],"wp:featuredmedia":[{"embeddable":true,"href":"http:\/\/hoycordobaweb.com\/index.php\/wp-json\/wp\/v2\/media\/48430"}],"wp:attachment":[{"href":"http:\/\/hoycordobaweb.com\/index.php\/wp-json\/wp\/v2\/media?parent=48429"}],"wp:term":[{"taxonomy":"category","embeddable":true,"href":"http:\/\/hoycordobaweb.com\/index.php\/wp-json\/wp\/v2\/categories?post=48429"},{"taxonomy":"post_tag","embeddable":true,"href":"http:\/\/hoycordobaweb.com\/index.php\/wp-json\/wp\/v2\/tags?post=48429"}],"curies":[{"name":"wp","href":"https:\/\/api.w.org\/{rel}","templated":true}]}}