{"id":48415,"date":"2022-09-14T21:48:00","date_gmt":"2022-09-14T21:48:00","guid":{"rendered":"http:\/\/hoycordobaweb.com\/index.php\/2022\/09\/14\/renuncio-la-primera-ministra-sueca-al-reconocer-la-derrota-frente-a-la-derecha\/"},"modified":"2022-09-14T21:48:00","modified_gmt":"2022-09-14T21:48:00","slug":"renuncio-la-primera-ministra-sueca-al-reconocer-la-derrota-frente-a-la-derecha","status":"publish","type":"post","link":"http:\/\/hoycordobaweb.com\/index.php\/2022\/09\/14\/renuncio-la-primera-ministra-sueca-al-reconocer-la-derrota-frente-a-la-derecha\/","title":{"rendered":"Renunci\u00f3 la primera ministra sueca al reconocer la derrota frente a la derecha"},"content":{"rendered":"<p><img src=\"http:\/\/hoycordobaweb.com\/wp-content\/uploads\/2022\/09\/renuncio-la-primera-ministra-sueca-al-reconocer-la-derrota-frente-a-la-derecha.jpg\"><\/p>\n<figure class=\"mb-3\"><img loading=\"lazy\" src=\"http:\/\/hoycordobaweb.com\/wp-content\/uploads\/2022\/09\/renuncio-la-primera-ministra-sueca-al-reconocer-la-derrota-frente-a-la-derecha-2.jpg\" width=\"100%\" height=\"100%\" alt=\"Magdalena Andersson renunci al perder toda posibilidad de reeleccin con la nueva composicin del Parlamento Foto AFP\"><figcaption> Magdalena Andersson renunci\u00f3 al perder toda posibilidad de reelecci\u00f3n con la nueva composici\u00f3n del Parlamento. Foto: AFP <\/figcaption><\/figure>\n<p>La primera ministra de Suecia, Magdalena Andersson, anunci\u00f3 este mi\u00e9rcoles su renuncia al cargo, tras reconocer la derrota de la izquierda y la victoria del bloque de derecha y ultraderecha en las elecciones legislativas.<\/p>\n<p><strong>\u00abEl resultado es claro. Ma\u00f1ana presentar\u00e9 mi dimisi\u00f3n\u00bb, dijo la premier socialdem\u00f3crata y lament\u00f3 el hecho de que los liberales y moderados acepten crear una coalici\u00f3n con los democr\u00e1ticos suecos. <\/strong>Los socialdem\u00f3cratas gobernaron Suecia con pocas interrupciones desde los a\u00f1os 30.<\/p>\n<p>El bloque formado por tres partidos de derecha y el de extrema derecha Dem\u00f3cratas de Suecia (SD) <strong>obtuvo \u00abuna peque\u00f1a mayor\u00eda, pero una mayor\u00eda as\u00ed y todo\u00bb, afirm\u00f3 Andersson<\/strong> en conferencia de prensa, citada por la agencia de noticias AFP.<\/p>\n<p><strong>\u00abAs\u00ed que ma\u00f1ana pedir\u00e9 dimitir de mis funciones de primera ministra, y despu\u00e9s de eso, la responsabilidad recaer\u00e1 en el presidente del Parlamento\u00bb<\/strong>, agreg\u00f3.<\/p>\n<figure class=\"mb-3\"><img loading=\"lazy\" src=\"http:\/\/hoycordobaweb.com\/wp-content\/uploads\/2022\/09\/renuncio-la-primera-ministra-sueca-al-reconocer-la-derrota-frente-a-la-derecha-3.jpg\" width=\"100%\" height=\"100%\" alt=\"Ulf Kritersson del Partido Moderado es aspirante a primer ministro Foto AFP\"><figcaption> Ulf Kritersson del Partido Moderado es aspirante a primer ministro. Foto: AFP <\/figcaption><\/figure>\n<p><br open> La premier sueca reconoci\u00f3 la victoria de la coalici\u00f3n de derecha, respaldada por la ultraderecha de los democr\u00e1ticos suecos, encabezada por Jimmie Akesson<\/p>\n<p>Con el conteo pr\u00e1cticamente ultimado, la derecha en su conjunto obtiene una mayor\u00eda escasa en el Riksdag (el Parlamento) y competer\u00e1 ahora con toda probabilidad al l\u00edder de los Moderados, <strong>Ulf Kristersson, buscar la formaci\u00f3n de un gobierno con el apoyo del partido nacionalista antiinmigrantes de los Democr\u00e1ticos, verdadero vencedor de estas elecciones, en las que se afirma como segundo partido con el 20,6% de los votos.<\/strong><\/p>\n<p>Seg\u00fan resultados casi definitivos, con m\u00e1s del 99% de los sufragios escrutados, <strong>el bloque de derecha y extrema derecha liderado por el conservador Kristersson habr\u00eda recabado 176 esca\u00f1os, frente a los 173<\/strong> obtenidos por el bloque de izquierdas encabezado por Andersson.<\/p>\n<figure class=\"mb-3\"><img loading=\"lazy\" src=\"http:\/\/hoycordobaweb.com\/wp-content\/uploads\/2022\/09\/renuncio-la-primera-ministra-sueca-al-reconocer-la-derrota-frente-a-la-derecha-4.jpg\" width=\"100%\" height=\"100%\" alt=\"Jimmie Akesson de los Demcratas suecos es otro de los ganadores del domingo Foto AFP\"><figcaption> Jimmie Akesson de los Dem\u00f3cratas suecos es otro de los ganadores del domingo. Foto: AFP <\/figcaption><\/figure>\n<p><br open><strong>\u00abAhora empieza el trabajo para hacer que Suecia vaya bien de nuevo\u00bb, reaccion\u00f3 el l\u00edder de los Dem\u00f3cratas de Suecia (SD), Jimmie \u00c5kesson, en Facebook, prometiendo ser una \u00abfuerza constructiva y de iniciativa\u00bb<\/strong>.<\/p>\n<p>Heredero de una formaci\u00f3n neonazi, el partido fundado en 1988 fue normaliz\u00e1ndose en el paisaje pol\u00edtico sueco y aumentando su representaci\u00f3n hasta entrar en el parlamento en 2010 con el 5,7% de los votos. De ah\u00ed, ha ido subiendo en cada elecci\u00f3n.<\/p>\n<p>Pero aunque el SD es el primer partido de la mayor\u00eda de derechas, su l\u00edder no es capaz de hacerse con el apoyo de las otras formaciones para convertirse en primer ministro, puesto prometido a Kristersson. <\/p>\n","protected":false},"excerpt":{"rendered":"<p>Magdalena Andersson renunci\u00f3 al perder toda posibilidad de reelecci\u00f3n con la nueva composici\u00f3n del Parlamento. Foto: AFP La primera ministra de Suecia, Magdalena Andersson, anunci\u00f3 este mi\u00e9rcoles su renuncia al cargo, tras reconocer la derrota de la izquierda y la victoria del bloque de derecha y ultraderecha en las elecciones legislativas. \u00abEl resultado es claro. [&hellip;]<\/p>\n","protected":false},"author":1,"featured_media":48416,"comment_status":"open","ping_status":"closed","sticky":false,"template":"","format":"standard","meta":[],"categories":[24],"tags":[],"_links":{"self":[{"href":"http:\/\/hoycordobaweb.com\/index.php\/wp-json\/wp\/v2\/posts\/48415"}],"collection":[{"href":"http:\/\/hoycordobaweb.com\/index.php\/wp-json\/wp\/v2\/posts"}],"about":[{"href":"http:\/\/hoycordobaweb.com\/index.php\/wp-json\/wp\/v2\/types\/post"}],"author":[{"embeddable":true,"href":"http:\/\/hoycordobaweb.com\/index.php\/wp-json\/wp\/v2\/users\/1"}],"replies":[{"embeddable":true,"href":"http:\/\/hoycordobaweb.com\/index.php\/wp-json\/wp\/v2\/comments?post=48415"}],"version-history":[{"count":0,"href":"http:\/\/hoycordobaweb.com\/index.php\/wp-json\/wp\/v2\/posts\/48415\/revisions"}],"wp:featuredmedia":[{"embeddable":true,"href":"http:\/\/hoycordobaweb.com\/index.php\/wp-json\/wp\/v2\/media\/48416"}],"wp:attachment":[{"href":"http:\/\/hoycordobaweb.com\/index.php\/wp-json\/wp\/v2\/media?parent=48415"}],"wp:term":[{"taxonomy":"category","embeddable":true,"href":"http:\/\/hoycordobaweb.com\/index.php\/wp-json\/wp\/v2\/categories?post=48415"},{"taxonomy":"post_tag","embeddable":true,"href":"http:\/\/hoycordobaweb.com\/index.php\/wp-json\/wp\/v2\/tags?post=48415"}],"curies":[{"name":"wp","href":"https:\/\/api.w.org\/{rel}","templated":true}]}}