{"id":48410,"date":"2022-09-14T09:10:39","date_gmt":"2022-09-14T09:10:39","guid":{"rendered":"http:\/\/hoycordobaweb.com\/index.php\/2022\/09\/14\/vuelve-el-futbol-infantil-al-club-argentino-diario-la-opinion-de-rafaela\/"},"modified":"2022-09-14T09:10:39","modified_gmt":"2022-09-14T09:10:39","slug":"vuelve-el-futbol-infantil-al-club-argentino-diario-la-opinion-de-rafaela","status":"publish","type":"post","link":"http:\/\/hoycordobaweb.com\/index.php\/2022\/09\/14\/vuelve-el-futbol-infantil-al-club-argentino-diario-la-opinion-de-rafaela\/","title":{"rendered":"Vuelve el <b>f\u00fatbol<\/b> infantil al Club <b>Argentino<\/b> &#8211; Diario La Opini\u00f3n de Rafaela"},"content":{"rendered":"<p>HUMBERTO PRIMO (Por Jorge Luis Mezzabarba). &#8211; El pr\u00f3ximo fin de semana el Club <b>Argentino<\/b> volver\u00e1 a disfrutar del <b>f\u00fatbol<\/b> de los m\u00e1s peque\u00f1os. <\/p>\n","protected":false},"excerpt":{"rendered":"<p>HUMBERTO PRIMO (Por Jorge Luis Mezzabarba). &#8211; El pr\u00f3ximo fin de semana el Club Argentino volver\u00e1 a disfrutar del f\u00fatbol de los m\u00e1s peque\u00f1os.<\/p>\n","protected":false},"author":1,"featured_media":0,"comment_status":"closed","ping_status":"closed","sticky":false,"template":"","format":"standard","meta":[],"categories":[22],"tags":[],"_links":{"self":[{"href":"http:\/\/hoycordobaweb.com\/index.php\/wp-json\/wp\/v2\/posts\/48410"}],"collection":[{"href":"http:\/\/hoycordobaweb.com\/index.php\/wp-json\/wp\/v2\/posts"}],"about":[{"href":"http:\/\/hoycordobaweb.com\/index.php\/wp-json\/wp\/v2\/types\/post"}],"author":[{"embeddable":true,"href":"http:\/\/hoycordobaweb.com\/index.php\/wp-json\/wp\/v2\/users\/1"}],"replies":[{"embeddable":true,"href":"http:\/\/hoycordobaweb.com\/index.php\/wp-json\/wp\/v2\/comments?post=48410"}],"version-history":[{"count":0,"href":"http:\/\/hoycordobaweb.com\/index.php\/wp-json\/wp\/v2\/posts\/48410\/revisions"}],"wp:attachment":[{"href":"http:\/\/hoycordobaweb.com\/index.php\/wp-json\/wp\/v2\/media?parent=48410"}],"wp:term":[{"taxonomy":"category","embeddable":true,"href":"http:\/\/hoycordobaweb.com\/index.php\/wp-json\/wp\/v2\/categories?post=48410"},{"taxonomy":"post_tag","embeddable":true,"href":"http:\/\/hoycordobaweb.com\/index.php\/wp-json\/wp\/v2\/tags?post=48410"}],"curies":[{"name":"wp","href":"https:\/\/api.w.org\/{rel}","templated":true}]}}