{"id":48382,"date":"2022-09-13T20:13:44","date_gmt":"2022-09-13T20:13:44","guid":{"rendered":"https:\/\/www.ole.com.ar\/futbol-internacional\/dani-alves-registro-pumas-mexico-liga-mx_0_ZZv0vbDphF.html"},"modified":"2022-09-13T20:13:44","modified_gmt":"2022-09-13T20:13:44","slug":"el-buen-registro-de-dani-alves-en-mexico","status":"publish","type":"post","link":"http:\/\/hoycordobaweb.com\/index.php\/2022\/09\/13\/el-buen-registro-de-dani-alves-en-mexico\/","title":{"rendered":"El buen registro de Dani Alves en M\u00e9xico"},"content":{"rendered":"<p><img src=\"http:\/\/hoycordobaweb.com\/wp-content\/uploads\/2022\/09\/el-buen-registro-de-dani-alves-en-mexico.jpg\"><\/p>\n<p>La llegada de <strong><a alt=\"dani-alves\" class=\"slug\" href=\"https:\/\/www.ole.com.ar\/tema\/dani-alves.html\" target=\"_blank\" title=\"dani-alves\" rel=\"noopener noreferrer\">Dani Alves<\/a><\/strong> a M\u00e9xico gener\u00f3 un revuelo enorme y dej\u00f3 las expectativas por las nubes. Si bien el comienzo fue complicado y los resultados no se estaban logrando, <strong><a alt=\"pumas-de-mexico\" class=\"slug\" href=\"https:\/\/www.ole.com.ar\/tema\/pumas-de-mexico.html\" target=\"_blank\" title=\"pumas-de-mexico\" rel=\"noopener noreferrer\">Pumas UNAM<\/a><\/strong> enderez\u00f3 un poco el rumbo y viene sumando en la <a alt=\"liga-de-mexico\" class=\"slug\" href=\"https:\/\/www.ole.com.ar\/tema\/liga-de-mexico.html\" target=\"_blank\" title=\"liga-de-mexico\" rel=\"noopener noreferrer\">Liga MX<\/a>. <strong>Y mucho tiene que ver el brasile\u00f1o, que tiene un buen registro en el equipo.<\/strong><\/p>\n<p>El defensor polivalente de 39 a\u00f1os concret\u00f3 su fichaje con los Universitarios a fines de julio, m\u00e1s precisamente el s\u00e1bado 23. Desde entonces, disput\u00f3 11 partidos, incluyendo la apabullante derrota 6-0 ante Barcelona por el Trofeo Joan Gamper, y cinco de ellos fueron derrotas. Sin embargo, <strong>en las \u00faltimas dos jornadas del torneo azteca, empezaron a sumar con un gran aporte de Alves.<\/strong><\/p>\n<div class=\"sp__Normal\">\n<div class=\"image-embeb image-trigger\" readability=\"6.5\">\n<picture><source media=\"(min-width: 720px)\" srcset=\"http:\/\/hoycordobaweb.com\/wp-content\/uploads\/2022\/09\/el-buen-registro-de-dani-alves-en-mexico-2.jpg\"><img itemprop=\"image\" src=\"http:\/\/hoycordobaweb.com\/wp-content\/uploads\/2022\/09\/el-buen-registro-de-dani-alves-en-mexico-2.jpg\" loading=\"lazy\" alt=\"Pese al mal momento del equipo, Dani se destacada. (EFE\/S\u00e1shenka Guti\u00e9rrez)\">\n<\/picture><figcaption readability=\"3\">\n<p>Pese al mal momento del equipo, Dani se destacada. (EFE\/S\u00e1shenka Guti\u00e9rrez)\n<\/p>\n<\/figcaption><\/div>\n<\/div>\n<div class=\"sp__SM\">\n<div class=\"content-new \">\n<span class=\"tit-mobile\">Mir\u00e1 tambi\u00e9n<\/span><\/p>\n<div class=\"mg\">\n<div class=\"wrap-figure\">\n<picture>\n<a href=\"https:\/\/www.ole.com.ar\/futbol-internacional\/ex-jugador-mexico-unidos-_0_BCyN0xsZDE.html\" target=\"_self\" rel=\"noopener noreferrer\"><br \/>\n<img class=\"img-responsive\" alt=\"Un ex jugador de M\u00e9xico fue detenido en la frontera con Estados Unidos\" src=\"http:\/\/hoycordobaweb.com\/wp-content\/uploads\/2022\/09\/el-buen-registro-de-dani-alves-en-mexico-3.jpg\" loading=\"lazy\"><br \/>\n<\/a>\n<\/picture>\n<\/div>\n<\/div><\/div>\n<\/div>\n<h2><strong>PIEZA IMPORTANTE DE&nbsp;PUMAS<\/strong><\/h2>\n<p>El debut de Dani en la Liga MX se dio reci\u00e9n en la fecha 5. Desde aquel encuentro, los Universitarios, con \u00e9l en cancha, acumulan un triunfo, cinco empates y cuatro derrotas. El ex <a alt=\"fc-barcelona\" class=\"slug\" href=\"https:\/\/www.ole.com.ar\/tema\/fc-barcelona.html\" target=\"_blank\" title=\"fc-barcelona\" rel=\"noopener noreferrer\">Barcelona<\/a>, <a alt=\"juventus\" class=\"slug\" href=\"https:\/\/www.ole.com.ar\/tema\/juventus.html\" target=\"_blank\" title=\"juventus\" rel=\"noopener noreferrer\">Juventus<\/a> y <a alt=\"paris-saint-germain\" class=\"slug\" href=\"https:\/\/www.ole.com.ar\/tema\/paris-saint-germain.html\" target=\"_blank\" title=\"paris-saint-germain\" rel=\"noopener noreferrer\">PSG<\/a> fue titular siempre, disput\u00f3 todos los minutos y ya logr\u00f3 dejar su huella:<strong> es el m\u00e1ximo asistidor de Pumas en lo que va del torneo con cuatro pases de gol.<\/strong> Y eso que se perdi\u00f3 los primeros partidos.<\/p>\n<p>Alves, afuera de la lista de convocados por Tite para la selecci\u00f3n de Brasil, viene de meter una asistencia en el 2-2 ante Toluca del pasado domingo. \u00bfC\u00f3mo? <strong>Tir\u00f3 el centro para el empate ag\u00f3nico del arquero Julio Gonz\u00e1lez.<\/strong> Antes, hab\u00eda aportado un pase gol contra Quer\u00e9taro (4-1), Santos Laguna (1-5) y Mazatl\u00e1n (1-1).<\/p>\n<div class=\"sp__Normal\">\n<div class=\"image-embeb image-trigger\" readability=\"6.5\">\n<picture><source media=\"(min-width: 720px)\" srcset=\"http:\/\/hoycordobaweb.com\/wp-content\/uploads\/2022\/09\/el-buen-registro-de-dani-alves-en-mexico-4.jpg\"><img itemprop=\"image\" src=\"http:\/\/hoycordobaweb.com\/wp-content\/uploads\/2022\/09\/el-buen-registro-de-dani-alves-en-mexico-4.jpg\" loading=\"lazy\" alt=\"Los c\u00f3rner, la f\u00f3rmula. (CLAUDIO CRUZ\/AFP)\">\n<\/picture><figcaption readability=\"3\">\n<p>Los c\u00f3rner, la f\u00f3rmula. (CLAUDIO CRUZ\/AFP)\n<\/p>\n<\/figcaption><\/div>\n<\/div>\n<div class=\"sp__SM\">\n<div class=\"content-new \">\n<span class=\"tit-mobile\">Mir\u00e1 tambi\u00e9n<\/span><\/p>\n<div class=\"mg\">\n<div class=\"wrap-figure\">\n<picture>\n<a href=\"https:\/\/www.ole.com.ar\/futbol-internacional\/america\/chicharito-hernandez-penal-riqui-puig-angeles-galaxy-vs-nashville_0_YTJxh5zwJV.html\" target=\"_self\" rel=\"noopener noreferrer\"><br \/>\n<img class=\"img-responsive\" alt=\"Chicharito Hern\u00e1ndez desperdici\u00f3 otro penal y Riqui Puig salvo a LA Galaxy\" src=\"http:\/\/hoycordobaweb.com\/wp-content\/uploads\/2022\/09\/el-buen-registro-de-dani-alves-en-mexico-5.jpg\" loading=\"lazy\"><br \/>\n<\/a>\n<\/picture>\n<\/div>\n<\/div><\/div>\n<\/div>\n<h2><strong>RECHAZ\u00d3 OFERTAS POR M\u00c9XICO<\/strong><\/h2>\n<p><strong>\u00abSiempre me tiraba Italia y siempre me tira ese pa\u00eds. Ahora, antes de venir a Pumas, yo estaba para ir a Italia. Es un pa\u00eds en donde se trabaja muy bien en todos los aspectos, eso me mueve. Imag\u00ednate a alguien que le gusta el futbol, sea grande o chico, que sea todo bien organizado\u00bb<\/strong>, cont\u00f3.<\/p>\n<p>El centrocampista de 39 a\u00f1os adem\u00e1s explic\u00f3: \u00abEs una escuela para poner algo diferente en mi historia. Cuando tu vas a m\u00e1s campeonatos que te ense\u00f1an, m\u00e1s creces. Por eso fui un momento a Italia. En la Juventus no cumplieron cosas y ah\u00ed ya me enfr\u00edo\u00bb.<\/p>\n<div class=\"sp__Normal\">\n<div class=\"image-embeb image-trigger\" readability=\"6\">\n<picture><source media=\"(min-width: 720px)\" srcset=\"http:\/\/hoycordobaweb.com\/wp-content\/uploads\/2022\/09\/el-buen-registro-de-dani-alves-en-mexico-6.jpg\"><img itemprop=\"image\" src=\"http:\/\/hoycordobaweb.com\/wp-content\/uploads\/2022\/09\/el-buen-registro-de-dani-alves-en-mexico-6.jpg\" loading=\"lazy\" alt=\"Sus deseos de llegar a M\u00e9xico. (REUTERS\/Henry Romero)\">\n<\/picture><figcaption readability=\"2\">\n<p>Sus deseos de llegar a M\u00e9xico. (REUTERS\/Henry Romero)\n<\/p>\n<\/figcaption><\/div>\n<\/div>\n<div class=\"sp__SM\">\n<div class=\"content-new \">\n<span class=\"tit-mobile\">Mir\u00e1 tambi\u00e9n<\/span><\/p>\n<div class=\"mg\">\n<div class=\"wrap-figure\">\n<picture>\n<a href=\"https:\/\/www.ole.com.ar\/futbol-internacional\/america\/gareth-bale-carlos-vela-chicharito-hernandez-camisetas-vendidas-mls-2022_0_n1KkeJmQVy.html\" target=\"_self\" rel=\"noopener noreferrer\"><br \/>\n<img class=\"img-responsive\" alt=\"Bale le gan\u00f3 a Vela y Chicharito en camisetas m\u00e1s vendidas en la MLS\" src=\"http:\/\/hoycordobaweb.com\/wp-content\/uploads\/2022\/09\/el-buen-registro-de-dani-alves-en-mexico-7.jpg\" loading=\"lazy\"><br \/>\n<\/a>\n<\/picture>\n<\/div>\n<\/div><\/div>\n<\/div>\n<p>Fue ah\u00ed que se encarg\u00f3 de detallar por qu\u00e9 apost\u00f3 por su nuevo club y declar\u00f3: \u00abAhora vino otra vez (la posibilidad de jugar en Liga MX). <strong>Ah\u00ed fue cuando entend\u00ed que la vida no te insiste tanto si no es para que te decidas. Entonces fue cuando plane\u00e9 las cosas. Yo quer\u00eda venir a un equipo que no solo sea eso. Hay muchos que hacen dinero con esa plataforma y no est\u00e1n diciendo nada real a las personas\u00bb.<\/strong><\/p>\n<p>Y cerr\u00f3: <strong>\u00ab\u200bCuando se dio la oportunidad de venir a un club que representa a una Universidad Nacional, mis ganas se fueron al espacio. <\/strong>Eso fue lo que me ayud\u00f3 a decidir. No es el hecho de representar a un equipo de futbol, sino representar algo m\u00e1s\u00bb.<\/p>\n<div class=\"sp__SM\">\n<div class=\"content-new \">\n<span class=\"tit-mobile\">Mir\u00e1 tambi\u00e9n<\/span><\/p>\n<div class=\"mg\">\n<div class=\"wrap-figure\">\n<picture>\n<a href=\"https:\/\/www.ole.com.ar\/ecuador\/internacional\/graham-potter-chelsea-brighton-premier-league_0_LBZiH9dXf3.html\" target=\"_self\" rel=\"noopener noreferrer\"><br \/>\n<img class=\"img-responsive\" alt=\"Graham Potter fue presentado en Chelsea\" src=\"http:\/\/hoycordobaweb.com\/wp-content\/uploads\/2022\/09\/el-buen-registro-de-dani-alves-en-mexico-8.jpg\" loading=\"lazy\"><br \/>\n<\/a>\n<\/picture>\n<\/div>\n<\/div><\/div>\n<\/div>\n<div class=\"entry-tags\">\n<h2>TEMAS QUE APARECEN EN ESTA NOTA<\/h2>\n<\/p><\/div>\n","protected":false},"excerpt":{"rendered":"<p>La llegada de Dani Alves a M\u00e9xico gener\u00f3 un revuelo enorme y dej\u00f3 las expectativas por las nubes. Si bien el comienzo fue complicado y los resultados no se estaban logrando, Pumas UNAM enderez\u00f3 un poco el rumbo y viene sumando en la Liga MX. Y mucho tiene que ver el brasile\u00f1o, que tiene un [&hellip;]<\/p>\n","protected":false},"author":1,"featured_media":48383,"comment_status":"open","ping_status":"closed","sticky":false,"template":"","format":"standard","meta":[],"categories":[16],"tags":[],"_links":{"self":[{"href":"http:\/\/hoycordobaweb.com\/index.php\/wp-json\/wp\/v2\/posts\/48382"}],"collection":[{"href":"http:\/\/hoycordobaweb.com\/index.php\/wp-json\/wp\/v2\/posts"}],"about":[{"href":"http:\/\/hoycordobaweb.com\/index.php\/wp-json\/wp\/v2\/types\/post"}],"author":[{"embeddable":true,"href":"http:\/\/hoycordobaweb.com\/index.php\/wp-json\/wp\/v2\/users\/1"}],"replies":[{"embeddable":true,"href":"http:\/\/hoycordobaweb.com\/index.php\/wp-json\/wp\/v2\/comments?post=48382"}],"version-history":[{"count":0,"href":"http:\/\/hoycordobaweb.com\/index.php\/wp-json\/wp\/v2\/posts\/48382\/revisions"}],"wp:featuredmedia":[{"embeddable":true,"href":"http:\/\/hoycordobaweb.com\/index.php\/wp-json\/wp\/v2\/media\/48383"}],"wp:attachment":[{"href":"http:\/\/hoycordobaweb.com\/index.php\/wp-json\/wp\/v2\/media?parent=48382"}],"wp:term":[{"taxonomy":"category","embeddable":true,"href":"http:\/\/hoycordobaweb.com\/index.php\/wp-json\/wp\/v2\/categories?post=48382"},{"taxonomy":"post_tag","embeddable":true,"href":"http:\/\/hoycordobaweb.com\/index.php\/wp-json\/wp\/v2\/tags?post=48382"}],"curies":[{"name":"wp","href":"https:\/\/api.w.org\/{rel}","templated":true}]}}