{"id":48343,"date":"2022-09-12T23:28:00","date_gmt":"2022-09-12T23:28:00","guid":{"rendered":"http:\/\/hoycordobaweb.com\/index.php\/2022\/09\/12\/vizzotti-encabezo-una-nueva-reunion-del-consejo-federal-de-salud\/"},"modified":"2022-09-12T23:28:00","modified_gmt":"2022-09-12T23:28:00","slug":"vizzotti-encabezo-una-nueva-reunion-del-consejo-federal-de-salud","status":"publish","type":"post","link":"http:\/\/hoycordobaweb.com\/index.php\/2022\/09\/12\/vizzotti-encabezo-una-nueva-reunion-del-consejo-federal-de-salud\/","title":{"rendered":"Vizzotti encabez\u00f3 una nueva reuni\u00f3n del Consejo Federal de Salud"},"content":{"rendered":"<p><img src=\"http:\/\/hoycordobaweb.com\/wp-content\/uploads\/2022\/09\/vizzotti-encabezo-una-nueva-reunion-del-consejo-federal-de-salud.jpg\"><\/p>\n<div class=\"video_repositive\"> <a class=\"video_sticky\" href=\"javascript:void();\" onclick=\"removeStuckVideo(true);\"><i class=\"far fa-window-close\"><\/i><\/a> <\/p>\n<div id=\"DGdCGHxo9PY\" class=\"video_telam\" readability=\"6\">\n<div class=\"feature_article_inner\" readability=\"32\">\n<p><h2 class=\"text-center\">El COFESA en Puerto Madryn<\/h2>\n<\/p><\/div>\n<p>VER VIDEO <i class=\"fas fa-play\"><\/i><\/p>\n<\/p><\/div><\/div>\n<p>La ministra de Salud, Carla Vizzotti, encabez\u00f3 este lunes por la ma\u00f1ana, en la ciudad chubutense de Puerto Madryn, una nueva reuni\u00f3n del Consejo Federal de Salud (Cofesa), que convoca a los m\u00e1ximos responsables del \u00e1rea sanitaria de cada provincia, <strong>para coordinar acciones relacionadas con la nueva campa\u00f1a de vacunaci\u00f3n, dengue y chagas, viruela s\u00edmica y brote de Legionella<\/strong>.<\/p>\n<p>En el temario tambi\u00e9n figur\u00f3 <strong>la estrategia combinada sobre VIH, Infecciones de transmisi\u00f3n sexual (ITS) y Hepatitis Viral, y acciones para la prevenci\u00f3n de la transmisi\u00f3n materno infantil dentro del Plan de los 1.000 d\u00edas de Atenci\u00f3n y Cuidado Integral de la Salud durante el Embarazo y la Primera Infancia y la Red Gen\u00f3mica<\/strong>, se inform\u00f3 oficialmente.<\/p>\n<p>Al cierre de la inauguraci\u00f3n del encuentro, la ministra hizo entrega de 76 computadoras de un total de 153 destinadas a los agentes de salud de la provincia.<\/p>\n<p>Vizzotti indic\u00f3 que \u201c<strong>es una muestra de lo que venimos haciendo desde el primer d\u00eda con la convicci\u00f3n de que es la mejor forma de trabajar para construir la salud de manera colectiva\u201d<\/strong>.<\/p>\n<p>La ministra se refiri\u00f3 adem\u00e1s a la reciente incorporaci\u00f3n del exministro de Salud de Chubut, Fabi\u00e1n Puratich, como nuevo subsecretario de Integraci\u00f3n del Sistema de Salud y Atenci\u00f3n Primaria de la cartera sanitaria nacional, y de la nueva directora de Control de Enfermedades Transmisibles, la chubutense Teresa Strella.<\/p>\n<p>\u201cNuestro Gabinete refleja federalismo y paridad de g\u00e9nero, as\u00ed que esa convicci\u00f3n no es una palabra sino acciones concretas\u201d, asegur\u00f3.<\/p>\n<figure class=\"mb-3\"><img loading=\"lazy\" src=\"http:\/\/hoycordobaweb.com\/wp-content\/uploads\/2022\/09\/vizzotti-encabezo-una-nueva-reunion-del-consejo-federal-de-salud-2.jpg\" width=\"100%\" height=\"100%\" alt=\"La ministra Vizzotti en la apertura del Consejo en Puerto Madryn Foto Maxi Jonas\"><figcaption> La ministra Vizzotti en la apertura del Consejo, en Puerto Madryn. (Foto: Maxi Jonas) <\/figcaption><\/figure>\n<p>Pidi\u00f3 seguir \u00aben el camino de construir de manera colectiva, con el trabajo en conjunto entre Naci\u00f3n, Provincia y Municipios tal como pide la Organizaci\u00f3n Mundial de la Salud (OMS)\u00bb.<\/p>\n<p>Vizzotti hab\u00eda adelantado que trabajar\u00e1n acerca del \u00abintercambiando de informaci\u00f3n sobre enfermedades transmisibles\u00bb y tambi\u00e9n \u201cabordaremos el brote de Legionella en Tucum\u00e1n para compartir informaci\u00f3n con cada uno de ustedes\u00bb, sostuvo.<\/p>\n<p>Sobre el brote de Legionella, asegur\u00f3 que el que<strong> \u00abse detect\u00f3 en una cl\u00ednica de Tucum\u00e1n est\u00e1 circunscripto, no hay posibilidades de traslado al resto del pa\u00eds porque no se transmite de persona a persona, ni siquiera a la propia ciudad donde se detect\u00f3<\/strong>\u00ab.<\/p>\n<p>Respecto a las enfermedades transmisibles, puso el acento en la campa\u00f1a de vacunaci\u00f3n que se iniciar\u00e1 en octubre contra sarampi\u00f3n, rub\u00e9ola, paperas y poliomielitis.<\/p>\n<p>\u00abTambi\u00e9n estamos trabajando sobre las hepatitis virales, con el dengue previniendo la proximidad del verano y tambi\u00e9n con la prevenci\u00f3n y control de chagas vectorial\u00bb, sostuvo.<\/p>\n<p>La ministra describi\u00f3, adem\u00e1s, que est\u00e1n \u00abtrabajando muy fuerte en la reglamentaci\u00f3n de la ley de VIH y la de transmisi\u00f3n sexual, por lo que todos debemos unificar el discurso para promover el uso del preservativo para evitar enfermedades como s\u00edfilis y gonococo\u00bb (Neisseria Gonorrhoeae).<\/p>\n<p>Record\u00f3 que \u00ablas enfermedades de transmisi\u00f3n vertical, si se pueden diagnosticar a tiempo, la posibilidad de evoluci\u00f3n es totalmente distinta\u00bb.<\/p>\n<p>Respecto al coronavirus, dijo que <strong>\u00abhay n\u00fameros bajos vinculados con la estacionalidad, pero no hay que confundir el concepto porque la vacuna no elimina el virus, pero s\u00ed se traduce en menos hospitalizaciones y muertes\u00bb<\/strong>.<\/p>\n<h2 class> Otras voces <\/h2>\n<p>Por su parte el gobernador de Chubut, Mariano Arcioni, manifest\u00f3 que \u201ccuando uno ve la presencia y la concurrencia de todos ustedes, pone en valor y toma dimensi\u00f3n de lo que es la relevancia de un \u00e1mbito donde se discute, se buscan los consensos y se planifican las pol\u00edticas p\u00fablicas en materia de salud que repercuten en todas y cada una de las provincias\u201d.<\/p>\n<p>En el encuentro, que se realiz\u00f3 en el hotel Rayentray, el mandatario, en compa\u00f1\u00eda de la ministra de Salud de este distrito, Miryam Monasterolo, comparti\u00f3 que \u201cdesde el a\u00f1o 2006 no se hac\u00eda un Cofesa en la provincia de Chubut\u201d.<\/p>\n<p>Luego de la apertura, el subsecretario de Estrategias Sanitarias, Juan Manuel Castelli, dio detalles de la pr\u00f3xima Campa\u00f1a Nacional de Seguimiento contra sarampi\u00f3n, rub\u00e9ola, paperas y poliomielitis que se desarrollar\u00e1 entre el 1\u00b0 de octubre y hasta el 13 de noviembre con el fin de sostener la eliminaci\u00f3n de estas enfermedades en el pa\u00eds a trav\u00e9s de la aplicaci\u00f3n de las vacunas triple viral e inactivada antipoliomiel\u00edtica inyectable (IPV).<\/p>\n<p><strong>La campa\u00f1a est\u00e1 dirigida a ni\u00f1as y ni\u00f1os de 13 meses a 4 a\u00f1os, 11 meses y 29 d\u00edas y el prop\u00f3sito es alcanzar coberturas del 95% m\u00e1s con una dosis de vacuna triple viral y una de IPV en todas las jurisdicciones.&nbsp;<\/strong>Para ello, al 9 de septiembre Naci\u00f3n ya distribuy\u00f3 1.159.200 dosis de vacuna triple viral y 1.451.800 de IPV.<\/p>\n<p>A su turno, Strella present\u00f3 el trabajo para la gesti\u00f3n integrada destinada a alcanzar y sostener la transmisi\u00f3n materno infantil de s\u00edfilis, Chagas, VIH y hepatitis B e indic\u00f3 que se trata de la inclusi\u00f3n de la iniciativa ETMI Plus de la Organizaci\u00f3n Panamericana de la Salud (OPS) en el marco de la Ley 1000 D\u00edas.<\/p>\n<p>Afirm\u00f3 que uno de los prop\u00f3sitos principales es llegar al primer nivel de atenci\u00f3n en un abordaje integral en las distintas etapas de cuidado pregestacional, de embarazo y parto y los posteriores a partir del nacimiento<\/p>\n<figure class=\"mb-3\"><img loading=\"lazy\" src=\"http:\/\/hoycordobaweb.com\/wp-content\/uploads\/2022\/09\/vizzotti-encabezo-una-nueva-reunion-del-consejo-federal-de-salud-3.jpg\" width=\"100%\" height=\"100%\" alt=\"De la reunin participan funcionarios del rea de salud de todo el pas Foto Maxi Jonas\"><figcaption> De la reuni\u00f3n participan funcionarios del \u00e1rea de salud de todo el pa\u00eds. (Foto: Maxi Jonas) <\/figcaption><\/figure>\n<p>En materia de VIH,<strong> Vizzotti convoc\u00f3 a formar grupos de trabajo con las distintas direcciones jurisdiccionales a cargo del tema para el desarrollo de un plan articulado e integral.<\/strong><\/p>\n<p>Finalmente, como parte de las estrategias para el abordaje de enfermedades transmisibles, Castelli present\u00f3 los ejes priorizados para 2022-2023 por la Direcci\u00f3n de Control de Enfermedades Transmitidas por Vectores (DCETV) para el control de Chagas y dengue.<\/p>\n<p>Detall\u00f3 que en las provincias donde hay presencia del vector se sostiene de forma permanente una pol\u00edtica de abordaje territorial para la prevenci\u00f3n y control del Chagas, y agreg\u00f3 que los equipos t\u00e9cnicos trabajaron en m\u00e1s de 100.000 viviendas entre 2020 y 2022.<\/p>\n<p>Seg\u00fan informaron los organizadores, participaron del encuentro el ministro de salud de Buenos Aires, Nicol\u00e1s Kreplak; de Catamarca, Manuela \u00c1vila; de la ciudad de Buenos Aires, Fern\u00e1n Quir\u00f3s; de C\u00f3rdoba, Mar\u00eda Gabriela Barb\u00e1s; de Corrientes, Ricardo Cardozo; de Chaco, Carolina Paola Centeno, y de Entre R\u00edos, Sonia Vel\u00e1zquez, entre otros. <\/p>\n","protected":false},"excerpt":{"rendered":"<p>El COFESA en Puerto Madryn VER VIDEO La ministra de Salud, Carla Vizzotti, encabez\u00f3 este lunes por la ma\u00f1ana, en la ciudad chubutense de Puerto Madryn, una nueva reuni\u00f3n del Consejo Federal de Salud (Cofesa), que convoca a los m\u00e1ximos responsables del \u00e1rea sanitaria de cada provincia, para coordinar acciones relacionadas con la nueva campa\u00f1a [&hellip;]<\/p>\n","protected":false},"author":1,"featured_media":48344,"comment_status":"open","ping_status":"closed","sticky":false,"template":"","format":"standard","meta":[],"categories":[19],"tags":[],"_links":{"self":[{"href":"http:\/\/hoycordobaweb.com\/index.php\/wp-json\/wp\/v2\/posts\/48343"}],"collection":[{"href":"http:\/\/hoycordobaweb.com\/index.php\/wp-json\/wp\/v2\/posts"}],"about":[{"href":"http:\/\/hoycordobaweb.com\/index.php\/wp-json\/wp\/v2\/types\/post"}],"author":[{"embeddable":true,"href":"http:\/\/hoycordobaweb.com\/index.php\/wp-json\/wp\/v2\/users\/1"}],"replies":[{"embeddable":true,"href":"http:\/\/hoycordobaweb.com\/index.php\/wp-json\/wp\/v2\/comments?post=48343"}],"version-history":[{"count":0,"href":"http:\/\/hoycordobaweb.com\/index.php\/wp-json\/wp\/v2\/posts\/48343\/revisions"}],"wp:featuredmedia":[{"embeddable":true,"href":"http:\/\/hoycordobaweb.com\/index.php\/wp-json\/wp\/v2\/media\/48344"}],"wp:attachment":[{"href":"http:\/\/hoycordobaweb.com\/index.php\/wp-json\/wp\/v2\/media?parent=48343"}],"wp:term":[{"taxonomy":"category","embeddable":true,"href":"http:\/\/hoycordobaweb.com\/index.php\/wp-json\/wp\/v2\/categories?post=48343"},{"taxonomy":"post_tag","embeddable":true,"href":"http:\/\/hoycordobaweb.com\/index.php\/wp-json\/wp\/v2\/tags?post=48343"}],"curies":[{"name":"wp","href":"https:\/\/api.w.org\/{rel}","templated":true}]}}