{"id":48319,"date":"2022-09-12T23:20:31","date_gmt":"2022-09-12T23:20:31","guid":{"rendered":"https:\/\/www.ole.com.ar\/boca-juniors\/marcos-rojo-boca-river-foto-pinola_0_3mHUA6wyst.html"},"modified":"2022-09-12T23:20:31","modified_gmt":"2022-09-12T23:20:31","slug":"el-foton-de-rojo-y-pinola-que-se-hizo-viral-tras-el-super","status":"publish","type":"post","link":"http:\/\/hoycordobaweb.com\/index.php\/2022\/09\/12\/el-foton-de-rojo-y-pinola-que-se-hizo-viral-tras-el-super\/","title":{"rendered":"El fot\u00f3n de Rojo y Pinola que se hizo viral tras el S\u00faper"},"content":{"rendered":"<p><img src=\"http:\/\/hoycordobaweb.com\/wp-content\/uploads\/2022\/09\/el-foton-de-rojo-y-pinola-que-se-hizo-viral-tras-el-super.jpg\"><\/p>\n<p>La mirada fija, concentrada y desafiante a <strong><a alt=\"javier-pinola\" class=\"slug\" href=\"https:\/\/www.ole.com.ar\/tema\/javier-pinola.html\" target=\"_blank\" title=\"javier-pinola\" rel=\"noopener noreferrer\">Javier Pinola<\/a><\/strong>, en el sorteo de capitanes, se hace viral. <strong>\u201cOjo de tigre\u201d, la titula la cuenta oficial de <a alt=\"boca-juniors\" class=\"slug\" href=\"https:\/\/www.ole.com.ar\/tema\/boca-juniors.html\" target=\"_blank\" title=\"boca-juniors\" rel=\"noopener noreferrer\">Boca<\/a>.<\/strong> El protagonista es \u00e9l, <strong><a alt=\"marcos-rojo\" class=\"slug\" href=\"https:\/\/www.ole.com.ar\/tema\/marcos-rojo.html\" target=\"_blank\" title=\"marcos-rojo\" rel=\"noopener noreferrer\">Marcos Rojo<\/a>, el capit\u00e1n.<\/strong> Al que los hinchas le perdonan todo porque, claro, <strong>lo primero que le destacan es que juega como uno de ellos.<\/strong> Ah\u00ed podr\u00eda decirse que est\u00e1 el principal argumento.<\/p>\n<div class=\"sp__SM\">\n<div class=\"content-new \">\n<span class=\"tit-mobile\">Mir\u00e1 tambi\u00e9n<\/span><\/p>\n<div class=\"mg\">\n<div class=\"wrap-figure\">\n<picture>\n<a href=\"https:\/\/www.ole.com.ar\/boca-juniors\/practica-boca-dis-despues-super_0_d4mbZidG5G.html\" target=\"_self\" rel=\"noopener noreferrer\"><br \/>\n<img class=\"img-responsive\" alt=\"Boca: pr\u00e1ctica abierta y s\u00faper clima\" src=\"http:\/\/hoycordobaweb.com\/wp-content\/uploads\/2022\/09\/el-foton-de-rojo-y-pinola-que-se-hizo-viral-tras-el-super-2.jpg\" loading=\"lazy\"><br \/>\n<\/a>\n<\/picture>\n<\/div>\n<\/div><\/div>\n<\/div>\n<div class=\"sp__Normal\">\n<div class=\"image-embeb image-trigger\" readability=\"6.5\">\n<picture><source media=\"(min-width: 720px)\" srcset=\"http:\/\/hoycordobaweb.com\/wp-content\/uploads\/2022\/09\/el-foton-de-rojo-y-pinola-que-se-hizo-viral-tras-el-super-3.jpg\"><img itemprop=\"image\" src=\"http:\/\/hoycordobaweb.com\/wp-content\/uploads\/2022\/09\/el-foton-de-rojo-y-pinola-que-se-hizo-viral-tras-el-super-3.jpg\" loading=\"lazy\" alt=\"Foto viral: Rojo y Pinola en el sorteo de capitanes de Boca y River. Explotaron las redes (Prensa Boca).\">\n<\/picture><figcaption readability=\"3\">\n<p>Foto viral: Rojo y Pinola en el sorteo de capitanes de Boca y River. Explotaron las redes (Prensa Boca).\n<\/p>\n<\/figcaption><\/div>\n<\/div>\n<p>Porque el defensor, <a data-cke-saved-href=\"https:\/\/www.ole.com.ar\/futbol-primera\/rojo-expulsado-patadon-cabeza_0_QpI6vOTXBb.html\" target=\"_blank\" href=\"https:\/\/www.ole.com.ar\/futbol-primera\/rojo-expulsado-patadon-cabeza_0_QpI6vOTXBb.html\" rel=\"noopener noreferrer\"><strong>a pesar de haber visto la roja en el final con una s\u00faper patada a Nicol\u00e1s De la Cruz<\/strong><\/a>, a pesar de haber puesto en riesgo ah\u00ed el resultado (por dejarle a River un tiro libre en la \u00faltima jugada del partido y por dejar a su equipo con uno menos para defender ese 1-0), <strong>igual fue uno de los jugadores que la gente m\u00e1s destac\u00f3 en la victoria ante el Millonario.<\/strong><\/p>\n<div class=\"sp__SM\">\n<div class=\"content-new \">\n<span class=\"tit-mobile\">Mir\u00e1 tambi\u00e9n<\/span><\/p>\n<div class=\"mg\">\n<div class=\"wrap-figure\">\n<picture>\n<a href=\"https:\/\/www.ole.com.ar\/futbol-internacional\/boca-river-copa-conmebol-sudamericana_0_w8G9NEEwQx.html\" target=\"_self\" rel=\"noopener noreferrer\"><br \/>\n<img class=\"img-responsive\" alt=\"Boca y River pidieron que la Copa Conmebol valide como Sudamericana\" src=\"http:\/\/hoycordobaweb.com\/wp-content\/uploads\/2022\/09\/el-foton-de-rojo-y-pinola-que-se-hizo-viral-tras-el-super-4.jpg\" loading=\"lazy\"><br \/>\n<\/a>\n<\/picture>\n<\/div>\n<\/div><\/div>\n<\/div>\n<p><strong>Hay una qu\u00edmica especial y se nota.<\/strong> Tiene esa popularidad a prueba de todo. Aparece esa foto del sorteo en redes y explota, muchos se\u00f1alan que ah\u00ed, en ese gesto de Rojo, Boca empez\u00f3 a ganar el partido. Otros, incluso,<strong> le adjudican la decisi\u00f3n de romper el protocolo del ingreso al campo<\/strong> (el local no esper\u00f3 a River para que los dos equipos entraran juntos, como pide la Liga) y que, as\u00ed, ya <strong>empez\u00f3 a marcarle la cancha a su rival.<\/strong><\/p>\n<div class=\"sp__SM\">\n<div class=\"content-new \">\n<span class=\"tit-mobile\">Mir\u00e1 tambi\u00e9n<\/span><\/p>\n<div class=\"mg\">\n<div class=\"wrap-figure\">\n<picture>\n<a href=\"https:\/\/www.ole.com.ar\/boca-juniors\/riquelme-glait-chattas_0_v9qFr5Cdk9.html\" target=\"_self\" rel=\"noopener noreferrer\"><br \/>\n<img class=\"img-responsive\" alt=\"El ida y vuelta de Riquelme con dos periodistas de River\" src=\"http:\/\/hoycordobaweb.com\/wp-content\/uploads\/2022\/09\/el-foton-de-rojo-y-pinola-que-se-hizo-viral-tras-el-super-5.jpg\" loading=\"lazy\"><br \/>\n<\/a>\n<\/picture>\n<\/div>\n<\/div><\/div>\n<\/div>\n<p>Y hay quienes le marcan otro detalle en la previa, <strong>cuando en el calentamiento le cay\u00f3 de casualidad una de las pelotas que utilizaba el rival para la entrada en calor y, en vez de devolverla, el defensor la pate\u00f3 a la tribuna,<\/strong> mostrando ah\u00ed tambi\u00e9n que el cl\u00e1sico se jugar\u00eda con el cuchillo entre los dientes.<\/p>\n<p>Algo parecido se vio antes de arrancar el segundo tiempo, cuando en River entr\u00f3 Miguel Borja y el capit\u00e1n se acerc\u00f3 a Nicol\u00e1s&nbsp;Figal para decirle: <strong>\u201cA \u00e9ste con todo, eh\u201d.<\/strong> Y as\u00ed hacerle sentir el rigor al delantero colombiano. Y como si faltara algo, tambi\u00e9n se hizo viral un video en el que el capit\u00e1n, reci\u00e9n expulsado, va caminando alrededor de la cancha y viviendo el final del partido como un hincha m\u00e1s. <strong>\u201c\u00bfSeguro es hincha de Estudiantes?\u201d, se preguntaron varios.<\/strong><\/p>\n<p><strong>A todo eso hay que sumarle la buena racha del capit\u00e1n contra River. <\/strong>Un historial a favor de la que \u00e9l mismo sac\u00f3 pecho.<a data-cke-saved-href=\"https:\/\/www.ole.com.ar\/boca-juniors\/rojo-picante-respuesta-gallardo-comodos_0_0rq8R1D8BI.html\" target=\"_blank\" href=\"https:\/\/www.ole.com.ar\/boca-juniors\/rojo-picante-respuesta-gallardo-comodos_0_0rq8R1D8BI.html\" rel=\"noopener noreferrer\"><strong> \u201cNo s\u00e9 por qu\u00e9 Gallardo dijo que se sienten c\u00f3modos cuando vienen a la Bombonera si desde que yo estoy no ganaron nunca\u201d<\/strong><\/a>, asegur\u00f3 el central, que disput\u00f3 seis supercl\u00e1sicos, gan\u00f3 dos, empat\u00f3 tres (dos con victoria por penales) y perdi\u00f3 uno.<\/p>\n<div class=\"sp__SM\">\n<div class=\"content-new \">\n<span class=\"tit-mobile\">Mir\u00e1 tambi\u00e9n<\/span><\/p>\n<div class=\"mg\">\n<div class=\"wrap-figure\">\n<picture>\n<a href=\"https:\/\/www.ole.com.ar\/boca-juniors\/boca-twitch-ole-lucas-bendetto_0_c2gPit7izL.html\" target=\"_self\" rel=\"noopener noreferrer\"><br \/>\n<img class=\"img-responsive\" alt=\"Lucas Benedetto en el Twitch de Ol\u00e9: &quot;Pipa larg\u00f3 todo, fue un gran desahogo&quot;\" src=\"http:\/\/hoycordobaweb.com\/wp-content\/uploads\/2022\/09\/el-foton-de-rojo-y-pinola-que-se-hizo-viral-tras-el-super-6.jpg\" loading=\"lazy\"><br \/>\n<\/a>\n<\/picture>\n<\/div>\n<\/div><\/div>\n<\/div>\n<p>Este lunes en la vuelta al trabajo en Ezeiza, el central trabaj\u00f3 liviano. Por la roja, claro,&nbsp;<strong>no podr\u00e1 estar ante Lan\u00fas<\/strong> (\u00bfpodr\u00edan darle dos fechas por ser roja directa?).<strong> Seguro, Boca lo extra\u00f1ar\u00e1 a su s\u00faper capit\u00e1n&#8230;<\/strong><\/p>\n<div class=\"sp__SM\">\n<div class=\"content-new \">\n<span class=\"tit-mobile\">Mir\u00e1 tambi\u00e9n<\/span><\/p>\n<div class=\"mg\">\n<div class=\"wrap-figure\">\n<picture>\n<a href=\"https:\/\/www.ole.com.ar\/boca-juniors\/riquelme-boca-river_0_t4TPkZKCPV.html\" target=\"_self\" rel=\"noopener noreferrer\"><br \/>\n<img class=\"img-responsive\" alt=\"El palito de Riquelme a River: &quot;El contrario no pate\u00f3 al arco&quot;\" src=\"http:\/\/hoycordobaweb.com\/wp-content\/uploads\/2022\/09\/el-foton-de-rojo-y-pinola-que-se-hizo-viral-tras-el-super-7.jpg\" loading=\"lazy\"><br \/>\n<\/a>\n<\/picture>\n<\/div>\n<\/div><\/div>\n<\/div>\n<div class=\"sp__SM\">\n<div class=\"content-new \">\n<span class=\"tit-mobile\">Mir\u00e1 tambi\u00e9n<\/span><\/p>\n<div class=\"mg\">\n<div class=\"wrap-figure\">\n<picture>\n<a href=\"https:\/\/www.ole.com.ar\/futbol-primera\/beligoy-boca-river-herrera_0_cDF1SmNiR7.html\" target=\"_self\" rel=\"noopener noreferrer\"><br \/>\n<img class=\"img-responsive\" alt=\"Beligoy: el arbitraje y por qu\u00e9 no amonestaron por el festejo en el alambrado\" src=\"http:\/\/hoycordobaweb.com\/wp-content\/uploads\/2022\/09\/el-foton-de-rojo-y-pinola-que-se-hizo-viral-tras-el-super-8.jpg\" loading=\"lazy\"><br \/>\n<\/a>\n<\/picture>\n<\/div>\n<\/div><\/div>\n<\/div>\n<h2><strong>Los videos del supercl\u00e1sico<\/strong><\/h2>\n<div class=\"entry-tags\">\n<h2>TEMAS QUE APARECEN EN ESTA NOTA<\/h2>\n<\/p><\/div>\n","protected":false},"excerpt":{"rendered":"<p>La mirada fija, concentrada y desafiante a Javier Pinola, en el sorteo de capitanes, se hace viral. \u201cOjo de tigre\u201d, la titula la cuenta oficial de Boca. El protagonista es \u00e9l, Marcos Rojo, el capit\u00e1n. Al que los hinchas le perdonan todo porque, claro, lo primero que le destacan es que juega como uno de [&hellip;]<\/p>\n","protected":false},"author":1,"featured_media":48320,"comment_status":"open","ping_status":"closed","sticky":false,"template":"","format":"standard","meta":[],"categories":[16],"tags":[],"_links":{"self":[{"href":"http:\/\/hoycordobaweb.com\/index.php\/wp-json\/wp\/v2\/posts\/48319"}],"collection":[{"href":"http:\/\/hoycordobaweb.com\/index.php\/wp-json\/wp\/v2\/posts"}],"about":[{"href":"http:\/\/hoycordobaweb.com\/index.php\/wp-json\/wp\/v2\/types\/post"}],"author":[{"embeddable":true,"href":"http:\/\/hoycordobaweb.com\/index.php\/wp-json\/wp\/v2\/users\/1"}],"replies":[{"embeddable":true,"href":"http:\/\/hoycordobaweb.com\/index.php\/wp-json\/wp\/v2\/comments?post=48319"}],"version-history":[{"count":0,"href":"http:\/\/hoycordobaweb.com\/index.php\/wp-json\/wp\/v2\/posts\/48319\/revisions"}],"wp:featuredmedia":[{"embeddable":true,"href":"http:\/\/hoycordobaweb.com\/index.php\/wp-json\/wp\/v2\/media\/48320"}],"wp:attachment":[{"href":"http:\/\/hoycordobaweb.com\/index.php\/wp-json\/wp\/v2\/media?parent=48319"}],"wp:term":[{"taxonomy":"category","embeddable":true,"href":"http:\/\/hoycordobaweb.com\/index.php\/wp-json\/wp\/v2\/categories?post=48319"},{"taxonomy":"post_tag","embeddable":true,"href":"http:\/\/hoycordobaweb.com\/index.php\/wp-json\/wp\/v2\/tags?post=48319"}],"curies":[{"name":"wp","href":"https:\/\/api.w.org\/{rel}","templated":true}]}}