{"id":48270,"date":"2022-09-11T22:56:40","date_gmt":"2022-09-11T22:56:40","guid":{"rendered":"https:\/\/www.ole.com.ar\/futbol-internacional\/america\/jonathan-santos-gol-america-necaxa_0_o7xvR3LWYI.html"},"modified":"2022-09-11T22:56:40","modified_gmt":"2022-09-11T22:56:40","slug":"corto-una-sequia-de-un-ano-sin-hacer-goles-se-acordo-del-padre-y-lloro-en-plena-entrevista","status":"publish","type":"post","link":"http:\/\/hoycordobaweb.com\/index.php\/2022\/09\/11\/corto-una-sequia-de-un-ano-sin-hacer-goles-se-acordo-del-padre-y-lloro-en-plena-entrevista\/","title":{"rendered":"Cort\u00f3 una sequ\u00eda de un a\u00f1o sin hacer goles, se acord\u00f3 del padre y llor\u00f3 en plena entrevista"},"content":{"rendered":"<p><img src=\"http:\/\/hoycordobaweb.com\/wp-content\/uploads\/2022\/09\/corto-una-sequia-de-un-ano-sin-hacer-goles-se-acordo-del-padre-y-lloro-en-plena-entrevista.jpg\"><\/p>\n<p>Bajo las \u00f3rdenes t\u00e9cnicas del <a data-cke-saved-href=\"https:\/\/www.ole.com.ar\/futbol-internacional\/america\/fernando-ortiz-record-america-mexico_0_1kiVS04Dkg.html\" target=\"_blank\" href=\"https:\/\/www.ole.com.ar\/futbol-internacional\/america\/fernando-ortiz-record-america-mexico_0_1kiVS04Dkg.html\" rel=\"noopener noreferrer\"><strong>Tano Ortiz, quien ingres\u00f3 en la historia de Am\u00e9rica<\/strong><\/a> ya que su equipo logr\u00f3 una racha in\u00e9dita con el noveno triunfo seguido en el torneo mexicano, <strong>las <a data-cke-saved-href=\"https:\/\/www.ole.com.ar\/tema\/america.html\" target=\"_blank\" href=\"https:\/\/www.ole.com.ar\/tema\/america.html\" rel=\"noopener noreferrer\">\u00c1guilas<\/a> derrotaron a Necaxa por 2 a 1<\/strong>, como visitante. Con un partido menos que Rayados de Monterrey, <strong>est\u00e1n punteros del Torneo Apertura 2022 de la <a data-cke-saved-href=\"https:\/\/www.ole.com.ar\/tema\/mexico.html\" target=\"_blank\" href=\"https:\/\/www.ole.com.ar\/tema\/mexico.html\" rel=\"noopener noreferrer\">Liga MX<\/a><\/strong>.<\/p>\n<div class=\"sp__Normal\">\n<div class=\"image-embeb image-trigger\" readability=\"6\">\n<picture><source media=\"(min-width: 720px)\" srcset=\"http:\/\/hoycordobaweb.com\/wp-content\/uploads\/2022\/09\/corto-una-sequia-de-un-ano-sin-hacer-goles-se-acordo-del-padre-y-lloro-en-plena-entrevista-2.jpg\"><img itemprop=\"image\" src=\"http:\/\/hoycordobaweb.com\/wp-content\/uploads\/2022\/09\/corto-una-sequia-de-un-ano-sin-hacer-goles-se-acordo-del-padre-y-lloro-en-plena-entrevista-2.jpg\" loading=\"lazy\" alt=\"Los jugadores del Am\u00e9rica celebrando (Foto: EFE).\">\n<\/picture><figcaption readability=\"2\">\n<p>Los jugadores del Am\u00e9rica celebrando (Foto: EFE).\n<\/p>\n<\/figcaption><\/div>\n<\/div>\n<p> El uruguayo Facundo Batista puso el 1 a 0 para el Necaxa a los ocho minutos con un remate de taco dentro del \u00e1rea chica. <strong>Am\u00e9rica igual\u00f3 el marcador a los 13 del segundo tiempo con un disparo de media vuelta de <a data-cke-saved-href=\"https:\/\/www.ole.com.ar\/tema\/jonathan-dos-santos.html\" target=\"_blank\" href=\"https:\/\/www.ole.com.ar\/tema\/jonathan-dos-santos.html\" rel=\"noopener noreferrer\">Jonathan dos Santos<\/a> casi desde la l\u00ednea frontal de \u00e1rea<\/strong>. Finalmente, el colombiano Roger Mart\u00ednez, con un cabezazo al filo del \u00e1rea chica, le dio el 2 a 1 a las \u00c1guilas cuando faltaban 16 para el final del complemento.<\/p>\n<div class=\"sp__Normal\">\n<div class=\"image-embeb image-trigger\" readability=\"6\">\n<picture><source media=\"(min-width: 720px)\" srcset=\"http:\/\/hoycordobaweb.com\/wp-content\/uploads\/2022\/09\/corto-una-sequia-de-un-ano-sin-hacer-goles-se-acordo-del-padre-y-lloro-en-plena-entrevista-3.jpg\"><img itemprop=\"image\" src=\"http:\/\/hoycordobaweb.com\/wp-content\/uploads\/2022\/09\/corto-una-sequia-de-un-ano-sin-hacer-goles-se-acordo-del-padre-y-lloro-en-plena-entrevista-3.jpg\" loading=\"lazy\" alt=\"Los jugadores de Am\u00e9rica celebrando el gol anotado por Jonathan dos Santos (Foto: EFE).\">\n<\/picture><figcaption readability=\"2\">\n<p>Los jugadores de Am\u00e9rica celebrando el gol anotado por Jonathan dos Santos (Foto: EFE).\n<\/p>\n<\/figcaption><\/div>\n<\/div>\n<p>Despu\u00e9s del encuentro, el menor de los hermanos Dos Santos habl\u00f3 con TUDN y se produjo un momento m\u00e1s que emotivo: <strong>lleg\u00f3 al llanto al recordar a su padre Zizinho, que falleci\u00f3 el a\u00f1o pasado<\/strong>. Jonathan lleg\u00f3 a Am\u00e9rica a principios del 2022 y no se hab\u00eda podido afianzar como titular. Ahora <strong>lleg\u00f3 su primer gol con la camiseta de las \u00c1guilas<\/strong>. Su \u00faltimo tanto hab\u00eda sido con la camiseta de LA Galaxy ante Los Angeles FC el 9 de mayo del 2021.<\/p>\n<div class=\"sp__SM\">\n<div class=\"content-new \">\n<span class=\"tit-mobile\">Mir\u00e1 tambi\u00e9n<\/span><\/p>\n<div class=\"mg\">\n<div class=\"wrap-figure\">\n<picture>\n<a href=\"https:\/\/www.ole.com.ar\/futbol-internacional\/america\/fernando-ortiz-record-america-mexico_0_1kiVS04Dkg.html\" target=\"_self\" rel=\"noopener noreferrer\"><br \/>\n<img class=\"img-responsive\" alt=\"M\u00e9xico: un argentino bate r\u00e9cords y dos arqueros golean en cuesti\u00f3n de minutos\" src=\"http:\/\/hoycordobaweb.com\/wp-content\/uploads\/2022\/09\/corto-una-sequia-de-un-ano-sin-hacer-goles-se-acordo-del-padre-y-lloro-en-plena-entrevista-4.jpg\" loading=\"lazy\"><br \/>\n<\/a>\n<\/picture>\n<\/div>\n<\/div><\/div>\n<\/div>\n<h2><strong>La emoci\u00f3n de&nbsp;Jonathan Dos Santos<\/strong><\/h2>\n<p> \u00abEstoy feliz. No tengo palabras para describir el momento, lo m\u00e1s importante es ayudar al equipo y estamos en los libros del Club Am\u00e9rica y <mark>el gol va dedicado a mi familia, mi pap\u00e1, que me ve desde el cielo<\/mark>\u00ab, lanz\u00f3. Adem\u00e1s, agreg\u00f3: \u00abEstoy en el club de mis sue\u00f1os y <mark>mi pap\u00e1 quer\u00eda que estuviera aqu\u00ed. Este gol para para \u00e9l, estar\u00eda feliz vi\u00e9ndome<\/mark> y s\u00e9 que est\u00e1 en esp\u00edritu y estoy feliz, lloro de alegr\u00eda, no de tristeza. Muy dif\u00edcil que me vean llorar y a disfrutar por este momento\u00bb.<\/p>\n<div class=\"sp__SM\">\n<div class=\"content-new \">\n<span class=\"tit-mobile\">Mir\u00e1 tambi\u00e9n<\/span><\/p>\n<div class=\"mg\">\n<div class=\"wrap-figure\">\n<picture>\n<a href=\"https:\/\/www.ole.com.ar\/futbol-internacional\/america\/carlos-vela-mundial-qatar-2022_0_waXrGn4LJ9.html\" target=\"_self\" rel=\"noopener noreferrer\"><br \/>\n<img class=\"img-responsive\" alt=\"El motivo por el que Carlos Vela no quiere jugar el Mundial de Qatar 2022\" src=\"http:\/\/hoycordobaweb.com\/wp-content\/uploads\/2022\/09\/corto-una-sequia-de-un-ano-sin-hacer-goles-se-acordo-del-padre-y-lloro-en-plena-entrevista-5.jpg\" loading=\"lazy\"><br \/>\n<\/a>\n<\/picture>\n<\/div>\n<\/div><\/div>\n<\/div>\n<div class=\"sp__SM\">\n<div class=\"content-new \">\n<span class=\"tit-mobile\">Mir\u00e1 tambi\u00e9n<\/span><\/p>\n<div class=\"mg\">\n<div class=\"wrap-figure\">\n<picture>\n<a href=\"https:\/\/www.ole.com.ar\/futbol-internacional\/funes-mori-zague-critica-mexico-tri_0_0f7wj3gwV4.html\" target=\"_self\" rel=\"noopener noreferrer\"><br \/>\n<img class=\"img-responsive\" alt=\"Hist\u00f3rico del Tri critica a Funes Mori: &quot;En M\u00e9xico no tienes que demostrar nada y te convocan&quot;\" src=\"http:\/\/hoycordobaweb.com\/wp-content\/uploads\/2022\/09\/corto-una-sequia-de-un-ano-sin-hacer-goles-se-acordo-del-padre-y-lloro-en-plena-entrevista-6.jpg\" loading=\"lazy\"><br \/>\n<\/a>\n<\/picture>\n<\/div>\n<\/div><\/div>\n<\/div>\n<div class=\"sp__SM\">\n<div class=\"content-new \">\n<span class=\"tit-mobile\">Mir\u00e1 tambi\u00e9n<\/span><\/p>\n<div class=\"mg\">\n<div class=\"wrap-figure\">\n<picture>\n<a href=\"https:\/\/www.ole.com.ar\/futbol-internacional\/nico-ibanez-argentina-mexico-mundial-qatar_0_WXAwEDAnJF.html\" target=\"_self\" rel=\"noopener noreferrer\"><br \/>\n<img class=\"img-responsive\" alt=\"Es argentino pero quiere jugar para la selecci\u00f3n de M\u00e9xico: &quot;Ser\u00eda un orgullo&quot;\" src=\"http:\/\/hoycordobaweb.com\/wp-content\/uploads\/2022\/09\/corto-una-sequia-de-un-ano-sin-hacer-goles-se-acordo-del-padre-y-lloro-en-plena-entrevista-7.jpg\" loading=\"lazy\"><br \/>\n<\/a>\n<\/picture>\n<\/div>\n<\/div><\/div>\n<\/div>\n<div class=\"entry-tags\">\n<h2>TEMAS QUE APARECEN EN ESTA NOTA<\/h2>\n<\/p><\/div>\n","protected":false},"excerpt":{"rendered":"<p>Bajo las \u00f3rdenes t\u00e9cnicas del Tano Ortiz, quien ingres\u00f3 en la historia de Am\u00e9rica ya que su equipo logr\u00f3 una racha in\u00e9dita con el noveno triunfo seguido en el torneo mexicano, las \u00c1guilas derrotaron a Necaxa por 2 a 1, como visitante. Con un partido menos que Rayados de Monterrey, est\u00e1n punteros del Torneo Apertura [&hellip;]<\/p>\n","protected":false},"author":1,"featured_media":48271,"comment_status":"open","ping_status":"closed","sticky":false,"template":"","format":"standard","meta":[],"categories":[16],"tags":[],"_links":{"self":[{"href":"http:\/\/hoycordobaweb.com\/index.php\/wp-json\/wp\/v2\/posts\/48270"}],"collection":[{"href":"http:\/\/hoycordobaweb.com\/index.php\/wp-json\/wp\/v2\/posts"}],"about":[{"href":"http:\/\/hoycordobaweb.com\/index.php\/wp-json\/wp\/v2\/types\/post"}],"author":[{"embeddable":true,"href":"http:\/\/hoycordobaweb.com\/index.php\/wp-json\/wp\/v2\/users\/1"}],"replies":[{"embeddable":true,"href":"http:\/\/hoycordobaweb.com\/index.php\/wp-json\/wp\/v2\/comments?post=48270"}],"version-history":[{"count":0,"href":"http:\/\/hoycordobaweb.com\/index.php\/wp-json\/wp\/v2\/posts\/48270\/revisions"}],"wp:featuredmedia":[{"embeddable":true,"href":"http:\/\/hoycordobaweb.com\/index.php\/wp-json\/wp\/v2\/media\/48271"}],"wp:attachment":[{"href":"http:\/\/hoycordobaweb.com\/index.php\/wp-json\/wp\/v2\/media?parent=48270"}],"wp:term":[{"taxonomy":"category","embeddable":true,"href":"http:\/\/hoycordobaweb.com\/index.php\/wp-json\/wp\/v2\/categories?post=48270"},{"taxonomy":"post_tag","embeddable":true,"href":"http:\/\/hoycordobaweb.com\/index.php\/wp-json\/wp\/v2\/tags?post=48270"}],"curies":[{"name":"wp","href":"https:\/\/api.w.org\/{rel}","templated":true}]}}