{"id":48268,"date":"2022-09-11T23:04:39","date_gmt":"2022-09-11T23:04:39","guid":{"rendered":"https:\/\/www.ole.com.ar\/futbol-primera\/gallardo-boca-river-equivocarme-clasico_0_iDEUHvk1Sk.html"},"modified":"2022-09-11T23:04:39","modified_gmt":"2022-09-11T23:04:39","slug":"gallardo-tras-perder-con-boca-equivocarme-me-puedo-equivocar-siempre","status":"publish","type":"post","link":"http:\/\/hoycordobaweb.com\/index.php\/2022\/09\/11\/gallardo-tras-perder-con-boca-equivocarme-me-puedo-equivocar-siempre\/","title":{"rendered":"Gallardo tras perder con Boca: \u00abEquivocarme me puedo equivocar siempre\u00bb"},"content":{"rendered":"<p><img src=\"http:\/\/hoycordobaweb.com\/wp-content\/uploads\/2022\/09\/gallardo-tras-perder-con-boca-equivocarme-me-puedo-equivocar-siempre.jpg\"><\/p>\n<div><img src=\"http:\/\/hoycordobaweb.com\/wp-content\/uploads\/2022\/09\/gallardo-tras-perder-con-boca-equivocarme-me-puedo-equivocar-siempre.jpg\" class=\"ff-og-image-inserted\"><\/div>\n<p><a alt=\"marcelo-gallardo\" class=\"slug\" href=\"https:\/\/www.ole.com.ar\/tema\/marcelo-gallardo.html\" target=\"_blank\" title=\"marcelo-gallardo\" rel=\"noopener noreferrer\">Marcelo Gallardo<\/a> habl\u00f3 despu\u00e9s de la derrota de <a alt=\"river-plate\" class=\"slug\" href=\"https:\/\/www.ole.com.ar\/tema\/river-plate.html\" target=\"_blank\" title=\"river-plate\" rel=\"noopener noreferrer\">River <\/a>en la Bombonera y se mostr\u00f3 caliente por el resultado, que seg\u00fan dijo <a data-cke-saved-href=\"https:\/\/www.ole.com.ar\/futbol-primera\/boca-river-liga-profesional-fecha-18_0_0sdKLLF2w6.html\" target=\"_blank\" href=\"https:\/\/www.ole.com.ar\/futbol-primera\/boca-river-liga-profesional-fecha-18_0_0sdKLLF2w6.html\" rel=\"noopener noreferrer\">se defini\u00f3 por un detalle con la pelota parada de Benedetto<\/a>. Consultado por el planteo desde el inicio, el entrenador tuvo un cruce con un periodista: <strong>\u00abEquivocarme me puedo equivocar siempre, incluso haciendo las cosas bien\u00bb.<\/strong><\/p>\n<p><strong><\/strong>Cuando le repreguntaron por la l\u00ednea de cinco&nbsp;defensores, Gallardo retruc\u00f3 que<strong> \u00abel partido lo perdimos en el ST con l\u00ednea de cuatro\u00bb,<\/strong> y blanque\u00f3 que los cambios estaban pensados de antemano: \u00abLa idea era tener dos planes de juego: el que utilizamos en el primer tiempo y el que utilizamos en el segundo\u00bb.<\/p>\n<div class=\"sp__SM\">\n<div class=\"content-new no-img\">\n<span class=\"tit-mobile\">Mir\u00e1 tambi\u00e9n<\/span> <\/div>\n<\/div>\n<p>Noticia en desarrollo&#8230;<\/p>\n<h2><strong>Las estad\u00edsticas del partido<\/strong><\/h2>\n<p><opta-widget sport=\"football\" widget=\"timeline\" competition=\"724\" season=\"2022\" match=\"2287374\" template=\"normal\" live=\"true\" orientation=\"horizontal\" vertical_timebar_height=\"260\" show_match_header=\"true\" show_score=\"true\" show_crests=\"true\" show_assists=\"all\" show_team_formation=\"true\" show_clock=\"true\" show_period_dividers=\"true\" show_halftime_score=\"false\" show_date=\"true\" date_format=\"dddd D MMMM YYYY\" show_attendance=\"true\" show_images=\"true\" show_referee=\"true\" show_venue=\"true\" show_cards=\"all\" show_goals=\"true\" show_penalties_missed=\"true\" show_subs=\"false\" show_goals_combined=\"false\" show_shootouts=\"false\" show_competition_name=\"true\" competition_naming=\"full\" team_naming=\"full\" player_naming=\"full\" show_live=\"true\" show_logo=\"false\" show_title=\"true\" breakpoints=\"400, 700\"><\/opta-widget><opta-widget sport=\"football\" widget=\"matchstats\" competition=\"724\" season=\"2022\" match=\"2287374\" template=\"lineups\" live=\"true\" side=\"both\" column_count=\"1\" side_by_side=\"true\" show_match_header=\"true\" show_score=\"true\" show_halftime_score=\"false\" show_crests=\"false\" show_team_formation=\"true\" show_competition_name=\"true\" show_date=\"false\" date_format=\"dddd D MMMM YYYY\" order_by=\"position\" group_by_position=\"false\" show_position=\"true\" show_images=\"false\" show_key=\"false\" show_starters=\"true\" show_goalkeepers=\"true\" show_defenders=\"true\" show_midfielders=\"true\" show_forwards=\"true\" show_subs=\"true\" show_unused_subs=\"false\" show_managers=\"true\" show_captain=\"false\" show_match_events=\"true\" competition_naming=\"full\" team_naming=\"full\" player_naming=\"full\" show_live=\"false\" show_logo=\"false\" show_title=\"true\" breakpoints=\"400, 700\"><\/opta-widget><opta-widget widget=\"commentary\" competition=\"724\" season=\"2022\" match=\"2287374\" template=\"normal\" live=\"true\" data_type=\"auto\" order_by=\"time_descending\" show_event_icons=\"true\" show_minor_events=\"true\" fixed_height_comments=\"300\" show_live=\"true\" show_logo=\"false\" show_title=\"true\" breakpoints=\"400\" sport=\"football\"><\/opta-widget><opta-widget sport=\"football\" widget=\"heatmap\" competition=\"724\" season=\"2022\" match=\"2287374\" preselected_player template=\"normal\" live=\"true\" show_maps=\"all\" orientation=\"horizontal\" side=\"both\" dimension=\"2D\" one_direction=\"false\" show_match_header=\"true\" show_score=\"true\" show_halftime_score=\"false\" show_crests=\"false\" show_team_formation=\"true\" show_competition_name=\"true\" show_date=\"true\" date_format=\"dddd D MMMM YYYY\" show_team_sheets=\"true\" show_subs=\"true\" show_position=\"true\" show_timecontrols=\"true\" show_timecontrols_buttons=\"true\" show_timecontrols_bar=\"true\" show_tooltips=\"false\" competition_naming=\"full\" team_naming=\"full\" player_naming=\"full\" show_logo=\"false\" show_title=\"true\" breakpoints=\"400, 700\"><\/opta-widget><opta-widget widget=\"standings\" competition=\"724\" season=\"2022\" template=\"normal\" live=\"true\" default_nav=\"1\" side=\"combined\" data_detail=\"default\" show_key=\"true\" show_crests=\"true\" points_in_first_column=\"true\" lose_before_draw=\"false\" competition_naming=\"full\" team_naming=\"full\" date_format=\"dddd D MMMM YYYY\" sorting=\"false\" show_live=\"false\" show_relegation_average=\"true\" show_logo=\"true\" show_title=\"true\" breakpoints=\"382\" sport=\"football\"><\/opta-widget> <\/p>\n<div class=\"entry-tags\">\n<h2>TEMAS QUE APARECEN EN ESTA NOTA<\/h2>\n<\/p><\/div>\n","protected":false},"excerpt":{"rendered":"<p>Marcelo Gallardo habl\u00f3 despu\u00e9s de la derrota de River en la Bombonera y se mostr\u00f3 caliente por el resultado, que seg\u00fan dijo se defini\u00f3 por un detalle con la pelota parada de Benedetto. Consultado por el planteo desde el inicio, el entrenador tuvo un cruce con un periodista: \u00abEquivocarme me puedo equivocar siempre, incluso haciendo [&hellip;]<\/p>\n","protected":false},"author":1,"featured_media":48269,"comment_status":"open","ping_status":"closed","sticky":false,"template":"","format":"standard","meta":[],"categories":[16],"tags":[],"_links":{"self":[{"href":"http:\/\/hoycordobaweb.com\/index.php\/wp-json\/wp\/v2\/posts\/48268"}],"collection":[{"href":"http:\/\/hoycordobaweb.com\/index.php\/wp-json\/wp\/v2\/posts"}],"about":[{"href":"http:\/\/hoycordobaweb.com\/index.php\/wp-json\/wp\/v2\/types\/post"}],"author":[{"embeddable":true,"href":"http:\/\/hoycordobaweb.com\/index.php\/wp-json\/wp\/v2\/users\/1"}],"replies":[{"embeddable":true,"href":"http:\/\/hoycordobaweb.com\/index.php\/wp-json\/wp\/v2\/comments?post=48268"}],"version-history":[{"count":0,"href":"http:\/\/hoycordobaweb.com\/index.php\/wp-json\/wp\/v2\/posts\/48268\/revisions"}],"wp:featuredmedia":[{"embeddable":true,"href":"http:\/\/hoycordobaweb.com\/index.php\/wp-json\/wp\/v2\/media\/48269"}],"wp:attachment":[{"href":"http:\/\/hoycordobaweb.com\/index.php\/wp-json\/wp\/v2\/media?parent=48268"}],"wp:term":[{"taxonomy":"category","embeddable":true,"href":"http:\/\/hoycordobaweb.com\/index.php\/wp-json\/wp\/v2\/categories?post=48268"},{"taxonomy":"post_tag","embeddable":true,"href":"http:\/\/hoycordobaweb.com\/index.php\/wp-json\/wp\/v2\/tags?post=48268"}],"curies":[{"name":"wp","href":"https:\/\/api.w.org\/{rel}","templated":true}]}}