{"id":48220,"date":"2022-09-10T19:19:08","date_gmt":"2022-09-10T19:19:08","guid":{"rendered":"https:\/\/www.ole.com.ar\/futbol-internacional\/thomas-muller-empate-intensidad-hambre_0_wwzfCdxBWe.html"},"modified":"2022-09-10T19:19:08","modified_gmt":"2022-09-10T19:19:08","slug":"las-duras-declaraciones-de-muller-tras-el-empatenos-falto-intensidad-y-hambre","status":"publish","type":"post","link":"http:\/\/hoycordobaweb.com\/index.php\/2022\/09\/10\/las-duras-declaraciones-de-muller-tras-el-empatenos-falto-intensidad-y-hambre\/","title":{"rendered":"Las duras declaraciones de M\u00fcller tras el empate:\u00bbNos falt\u00f3 intensidad y hambre\u00bb"},"content":{"rendered":"<p><img src=\"http:\/\/hoycordobaweb.com\/wp-content\/uploads\/2022\/09\/las-duras-declaraciones-de-muller-tras-el-empatenos-falto-intensidad-y-hambre.jpg\"><\/p>\n<p><a alt=\"bayern-munich\" class=\"slug\" href=\"https:\/\/www.ole.com.ar\/tema\/bayern-munich.html\" target=\"_blank\" title=\"bayern-munich\" rel=\"noopener noreferrer\">Bayern Munich<\/a> empat\u00f3 2-2 contra el Stuttgart por la <a alt=\"bundesliga\" class=\"slug\" href=\"https:\/\/www.ole.com.ar\/tema\/bundesliga.html\" target=\"_blank\" title=\"bundesliga\" rel=\"noopener noreferrer\">Bundesliga <\/a>y el resultado despert\u00f3 la bronca de <a alt=\"thomas-muller\" class=\"slug\" href=\"https:\/\/www.ole.com.ar\/tema\/thomas-muller.html\" target=\"_blank\" title=\"thomas-muller\" rel=\"noopener noreferrer\">Thomas M\u00fcller<\/a>. El delantero alem\u00e1n confes\u00f3 que por primera vez en lo que va de la temporada se encontraba realmente molesto por el desempe\u00f1o del plantel y apunt\u00f3 con toda.<\/p>\n<div class=\"sp__SM\">\n<div class=\"content-new \">\n<span class=\"tit-mobile\">Mir\u00e1 tambi\u00e9n<\/span><\/p>\n<div class=\"mg\">\n<div class=\"wrap-figure\">\n<picture>\n<a href=\"https:\/\/www.ole.com.ar\/ecuador\/otros-deportes\/richard-carapaz-campeon-montana-vuelta-espana_0_7LYXJYlG3W.html\" target=\"_self\" rel=\"noopener noreferrer\"><br \/>\n<img class=\"img-responsive\" alt=\"Carapaz y una nueva proeza: campe\u00f3n de monta\u00f1a\" src=\"http:\/\/hoycordobaweb.com\/wp-content\/uploads\/2022\/09\/las-duras-declaraciones-de-muller-tras-el-empatenos-falto-intensidad-y-hambre-2.jpg\" loading=\"lazy\"><br \/>\n<\/a>\n<\/picture>\n<\/div>\n<\/div><\/div>\n<\/div>\n<p>Es que el equipo dirigido por&nbsp;Julian Nagelsmann hab\u00eda arrancado ganando a los 36 minutos. Luego a los 56 le igualaron el marcador. Y si bien tres minutos despu\u00e9s Jamal Musiala puso el 2-1, sobre el final del partido el Stuttgart igual\u00f3 tras anotar de penal.&nbsp;<\/p>\n<div class=\"sp__SM\">\n<div class=\"content-new \">\n<span class=\"tit-mobile\">Mir\u00e1 tambi\u00e9n<\/span><\/p>\n<div class=\"mg\">\n<div class=\"wrap-figure\">\n<picture>\n<a href=\"https:\/\/www.ole.com.ar\/ecuador\/internacional\/madrid_0_IqsdHMhxy5.html\" target=\"_self\" rel=\"noopener noreferrer\"><br \/>\n<img class=\"img-responsive\" alt=\"Madrid, \u00a1con los colores de Barcelona!\" src=\"http:\/\/hoycordobaweb.com\/wp-content\/uploads\/2022\/09\/las-duras-declaraciones-de-muller-tras-el-empatenos-falto-intensidad-y-hambre-3.jpg\" loading=\"lazy\"><br \/>\n<\/a>\n<\/picture>\n<\/div>\n<\/div><\/div>\n<\/div>\n<p> <strong>\u00abEstoy cabreado por primera vez en la temporada. Cabreado por nosotros mismos. Si est\u00e1s delante en el marcador y puedes reconquistar el liderato tienes que darlo todo en los \u00faltimos diez minutos\u00bb,<\/strong> declar\u00f3 M\u00fcller en di\u00e1logo con&nbsp;la cadena Sky.<\/p>\n<div class=\"sp__SM\">\n<div class=\"content-new \">\n<span class=\"tit-mobile\">Mir\u00e1 tambi\u00e9n<\/span><\/p>\n<div class=\"mg\">\n<div class=\"wrap-figure\">\n<picture>\n<a href=\"https:\/\/www.ole.com.ar\/ecuador\/internacional\/berlin-bundesliga_0_VIF6rLJQEm.html\" target=\"_self\" rel=\"noopener noreferrer\"><br \/>\n<img class=\"img-responsive\" alt=\"Con Piero titular: el Leverkusen empat\u00f3 y no levanta en la Bundesliga\" src=\"http:\/\/hoycordobaweb.com\/wp-content\/uploads\/2022\/09\/las-duras-declaraciones-de-muller-tras-el-empatenos-falto-intensidad-y-hambre-4.jpg\" loading=\"lazy\"><br \/>\n<\/a>\n<\/picture>\n<\/div>\n<\/div><\/div>\n<\/div>\n<p>El campe\u00f3n del mundo con Alemania en Brasil 2014 no dud\u00f3 en demostrar su repudio ante el rendimiento del conjunto en el sexto partido de la Bundesliga y agreg\u00f3: \u00abQue hayamos dejado que el Stuttgart llegara otra vez a nuestra \u00e1rea fue falta de intensidad, falta de hambre. <strong>Es la primera vez en esta temporada que siento que hemos regalado algo\u00bb.<\/strong><\/p>\n<div class=\"sp__SM\">\n<div class=\"content-new \">\n<span class=\"tit-mobile\">Mir\u00e1 tambi\u00e9n<\/span><\/p>\n<div class=\"mg\">\n<div class=\"wrap-figure\">\n<picture>\n<a href=\"https:\/\/www.ole.com.ar\/ecuador\/internacional\/flamengo-cuestiona-guayaquil-final-libertadores-dirigente-ecuador_0_DvqpCmm0FC.html\" target=\"_self\" rel=\"noopener noreferrer\"><br \/>\n<img class=\"img-responsive\" alt=\"Desde Flamengo cuestionaron Guayaquil y propusieron nuevas sedes\" src=\"http:\/\/hoycordobaweb.com\/wp-content\/uploads\/2022\/09\/las-duras-declaraciones-de-muller-tras-el-empatenos-falto-intensidad-y-hambre-5.jpg\" loading=\"lazy\"><br \/>\n<\/a>\n<\/picture>\n<\/div>\n<\/div><\/div>\n<\/div>\n<p>Si bien no es la primera vez que empatan en lo que va de este torneo, contra el Union Berl\u00edn y el Borussia M\u00f6nchengladbach, el Bayern hab\u00eda arrancado perdiendo y luego hab\u00eda logrado igualar. Justamente por eso es que&nbsp;M\u00fcller se mostr\u00f3 ofuscado ya que este s\u00e1bado el Bayern hab\u00eda estado dos veces por delante del marcador y termin\u00f3 llev\u00e1ndose un solo punto.<\/p>\n<div class=\"sp__SM\">\n<div class=\"content-new \">\n<span class=\"tit-mobile\">Mir\u00e1 tambi\u00e9n<\/span><\/p>\n<div class=\"mg\">\n<div class=\"wrap-figure\">\n<picture>\n<a href=\"https:\/\/www.ole.com.ar\/ecuador\/internacional\/gonzalo-plata-titular-90-minutos-convalladolid_0_ZlxV9rXkx7.html\" target=\"_self\" rel=\"noopener noreferrer\"><br \/>\n<img class=\"img-responsive\" alt=\"Amargo resultado para Valladolid en un buen partido de Plata\" src=\"http:\/\/hoycordobaweb.com\/wp-content\/uploads\/2022\/09\/las-duras-declaraciones-de-muller-tras-el-empatenos-falto-intensidad-y-hambre-6.jpg\" loading=\"lazy\"><br \/>\n<\/a>\n<\/picture>\n<\/div>\n<\/div><\/div>\n<\/div>\n<p>Tras el partido, le consultaron si algunos de los integrantes del equipo ten\u00edan la cabeza en el cruce contra el Barcelona por la Champions respondi\u00f3: \u00abQue cada cual saque sus conclusiones<strong>. Yo estoy cabreado porque lo que dimos hoy no fue suficiente. Todav\u00eda no somos l\u00edderes y eso es lo que queremos\u00bb.<\/strong><\/p>\n<div class=\"sp__SM\">\n<div class=\"content-new \">\n<span class=\"tit-mobile\">Mir\u00e1 tambi\u00e9n<\/span><\/p>\n<div class=\"mg\">\n<div class=\"wrap-figure\">\n<picture>\n<a href=\"https:\/\/www.ole.com.ar\/ecuador\/internacional\/jackson-porozo-troyes-francia-ligue-1-lens_0_Z6CQKvYfU3.html\" target=\"_self\" rel=\"noopener noreferrer\"><br \/>\n<img class=\"img-responsive\" alt=\"Porozo y una nueva ca\u00edda en la Ligue 1\" src=\"http:\/\/hoycordobaweb.com\/wp-content\/uploads\/2022\/09\/las-duras-declaraciones-de-muller-tras-el-empatenos-falto-intensidad-y-hambre-7.jpg\" loading=\"lazy\"><br \/>\n<\/a>\n<\/picture>\n<\/div>\n<\/div><\/div>\n<\/div>\n<div class=\"sp__SM\">\n<div class=\"content-new \">\n<span class=\"tit-mobile\">Mir\u00e1 tambi\u00e9n<\/span><\/p>\n<div class=\"mg\">\n<div class=\"wrap-figure\">\n<picture>\n<a href=\"https:\/\/www.ole.com.ar\/futbol-internacional\/inglaterra\/premier-ocasiones-fecha-suspendio_0_7SQZPixoAZ.html\" target=\"_self\" rel=\"noopener noreferrer\"><br \/>\n<img class=\"img-responsive\" alt=\"Las otras dos veces que se suspendi\u00f3 la Premier League\" src=\"http:\/\/hoycordobaweb.com\/wp-content\/uploads\/2022\/09\/las-duras-declaraciones-de-muller-tras-el-empatenos-falto-intensidad-y-hambre-8.jpg\" loading=\"lazy\"><br \/>\n<\/a>\n<\/picture>\n<\/div>\n<\/div><\/div>\n<\/div>\n<div class=\"entry-tags\">\n<h2>TEMAS QUE APARECEN EN ESTA NOTA<\/h2>\n<\/p><\/div>\n","protected":false},"excerpt":{"rendered":"<p>Bayern Munich empat\u00f3 2-2 contra el Stuttgart por la Bundesliga y el resultado despert\u00f3 la bronca de Thomas M\u00fcller. El delantero alem\u00e1n confes\u00f3 que por primera vez en lo que va de la temporada se encontraba realmente molesto por el desempe\u00f1o del plantel y apunt\u00f3 con toda. Mir\u00e1 tambi\u00e9n Es que el equipo dirigido por&nbsp;Julian [&hellip;]<\/p>\n","protected":false},"author":1,"featured_media":48221,"comment_status":"open","ping_status":"closed","sticky":false,"template":"","format":"standard","meta":[],"categories":[16],"tags":[],"_links":{"self":[{"href":"http:\/\/hoycordobaweb.com\/index.php\/wp-json\/wp\/v2\/posts\/48220"}],"collection":[{"href":"http:\/\/hoycordobaweb.com\/index.php\/wp-json\/wp\/v2\/posts"}],"about":[{"href":"http:\/\/hoycordobaweb.com\/index.php\/wp-json\/wp\/v2\/types\/post"}],"author":[{"embeddable":true,"href":"http:\/\/hoycordobaweb.com\/index.php\/wp-json\/wp\/v2\/users\/1"}],"replies":[{"embeddable":true,"href":"http:\/\/hoycordobaweb.com\/index.php\/wp-json\/wp\/v2\/comments?post=48220"}],"version-history":[{"count":0,"href":"http:\/\/hoycordobaweb.com\/index.php\/wp-json\/wp\/v2\/posts\/48220\/revisions"}],"wp:featuredmedia":[{"embeddable":true,"href":"http:\/\/hoycordobaweb.com\/index.php\/wp-json\/wp\/v2\/media\/48221"}],"wp:attachment":[{"href":"http:\/\/hoycordobaweb.com\/index.php\/wp-json\/wp\/v2\/media?parent=48220"}],"wp:term":[{"taxonomy":"category","embeddable":true,"href":"http:\/\/hoycordobaweb.com\/index.php\/wp-json\/wp\/v2\/categories?post=48220"},{"taxonomy":"post_tag","embeddable":true,"href":"http:\/\/hoycordobaweb.com\/index.php\/wp-json\/wp\/v2\/tags?post=48220"}],"curies":[{"name":"wp","href":"https:\/\/api.w.org\/{rel}","templated":true}]}}