{"id":48201,"date":"2022-09-10T20:51:00","date_gmt":"2022-09-10T20:51:00","guid":{"rendered":"http:\/\/hoycordobaweb.com\/index.php\/2022\/09\/10\/no-queremos-rupturas-con-europa-dijo-la-candidata-a-premier-de-la-derecha-italiana\/"},"modified":"2022-09-10T20:51:00","modified_gmt":"2022-09-10T20:51:00","slug":"no-queremos-rupturas-con-europa-dijo-la-candidata-a-premier-de-la-derecha-italiana","status":"publish","type":"post","link":"http:\/\/hoycordobaweb.com\/index.php\/2022\/09\/10\/no-queremos-rupturas-con-europa-dijo-la-candidata-a-premier-de-la-derecha-italiana\/","title":{"rendered":"\u00abNo queremos rupturas con Europa\u00bb, dijo la candidata a premier de la derecha italiana"},"content":{"rendered":"<p><img src=\"http:\/\/hoycordobaweb.com\/wp-content\/uploads\/2022\/09\/no-queremos-rupturas-con-europa-dijo-la-candidata-a-premier-de-la-derecha-italiana.jpg\"><\/p>\n<figure class=\"mb-3\"><img loading=\"lazy\" src=\"http:\/\/hoycordobaweb.com\/wp-content\/uploads\/2022\/09\/no-queremos-rupturas-con-europa-dijo-la-candidata-a-premier-de-la-derecha-italiana-2.jpg\" width=\"100%\" height=\"100%\" alt=\"Giorgia Meloni Foto AFP\"><figcaption> Giorgia Meloni. Foto: AFP. <\/figcaption><\/figure>\n<p> &nbsp;<\/p>\n<p><strong>Giorgia Meloni, l\u00edder de la fuerza conservadora y nacionalista Fratelli d&#8217;Italia <\/strong>(Hermanos de Italia), que encabeza todas las encuestas de cara a las<strong> elecciones del pr\u00f3ximo 25 de septiembre<\/strong>, se defini\u00f3 en entrevista con T\u00e9lam en Roma como parte de una \u00abderecha de Gobierno, moderna y occidental\u00bb y afirm\u00f3 que no busca \u00abrupturas con Europa\u00bb sino que quiere \u00abponer las necesidades de sus ciudadanos en el centro\u00bb.<\/p>\n<p>Meloni (Roma, 1977), que <strong>podr\u00eda convertirse en la primera premier mujer de la historia de Italia<\/strong>, a la cabeza de una coalici\u00f3n de derecha que tambi\u00e9n integran la Liga de Matteo Salvini y Fuerza Italia de Silvio Berlusconi, calific\u00f3 a Am\u00e9rica Latina como un \u00absocio estrat\u00e9gico\u00bb de su pa\u00eds, aunque advirti\u00f3 sobre un supuesto \u00abexpansionismo\u00bb chino en la regi\u00f3n.<\/p>\n<p>Considerada por expertos como parte de una \u00abderecha nacionalista\u00bb, no oculta sus propuestas para favorecer la llegada solo de los inmigrantes \u00abque realmente tienen derecho a la protecci\u00f3n humanitaria\u00bb y contener al resto en suelo africano o de dejar \u00abal mercado\u00bb la tarea de \u00abproducir riqueza\u00bb.<\/p>\n<p>Con Meloni encabezando todos los sondeos, sus socios de coalici\u00f3n ya definieron p\u00fablicamente que <strong>quien tenga m\u00e1s votos quedar\u00e1 en pole position para recibir el encargo del presidente Sergio Mattarella <\/strong>para la formaci\u00f3n del nuevo Gobierno.<\/p>\n<p>En las elecciones del 25 de septiembre se elegir\u00e1 a 400 diputados y 200 senadores, que luego deber\u00e1n votar un premier para reemplazar a Mario Draghi, quien tras un a\u00f1o y medio de Gobierno renunci\u00f3 a mediados de julio pero se mantiene a cargo de la \u00abadministraci\u00f3n ordinaria\u00bb de la gesti\u00f3n.<\/p>\n<blockquote class><p>Debemos comenzar con una fuerte respuesta a la crisis energ\u00e9tica porque demasiadas de nuestras empresas corren el riesgo de detenerse, con consecuencias sociales muy graves<\/p><\/blockquote>\n<p>Durante los \u00faltimos cinco a\u00f1os, la fuerza de Meloni fue la \u00fanica que no integr\u00f3 ning\u00fan Gobierno: ni los dos de Giuseppe Conte (primero con la Liga y el Movimiento Cinco Estrellas y luego con el Cinco Estrellas y el Partido Democr\u00e1tico), ni el Ejecutivo de Draghi, de \u00abunidad nacional\u00bb, con todos los grandes partidos menos Hermanos de Italia (HdI).<\/p>\n<p>Italia, que nunca ha tenido una premier mujer, ha visto pasar 67 gobiernos en sus 76 a\u00f1os como Rep\u00fablica, con una duraci\u00f3n promedio de apenas 13 meses.<\/p>\n<p><strong>-T\u00e9lam: Usted ha sido caracterizada como ultraderechista, posfascista, ultraconservadora. \u00bfC\u00f3mo se define?<\/strong><\/p>\n<p>-Giorgia Meloni: Estas son las definiciones que la izquierda italiana da de nosotros, especialmente en la campa\u00f1a electoral, y que el circuito medi\u00e1tico de izquierda relanza sin profundizar demasiado. Hermanos de Italia es el partido de los conservadores italianos, una derecha de Gobierno, moderna y occidental.<\/p>\n<p><strong>-T: Puede convertirse en la primera mujer premier de Italia. \u00bfCu\u00e1l es su relaci\u00f3n en general con el feminismo italiano?<\/strong><\/p>\n<p>-GM: En general no me gustan los \u00abismos\u00bb, que muchas veces llevan consigo una carga ideol\u00f3gica que aleja la soluci\u00f3n de los problemas. Adem\u00e1s, hoy en d\u00eda en el mundo del feminismo italiano, hist\u00f3ricamente ubicado en la izquierda, hay un debate abierto sobre muchos temas. Por ejemplo, sobre el alquiler de \u00fatero y sobre el riesgo de que cierto enfoque de la tem\u00e1tica LGTB acabe penalizando a las mujeres. Pero tambi\u00e9n hay discusi\u00f3n sobre c\u00f3mo relacionarse con la hip\u00f3tesis de la primera mujer premier en la historia de Italia, una mujer no izquierdista. Lo que me interesa es promover pol\u00edticas de conciliaci\u00f3n familia-trabajo y apoyar la maternidad: lo que yo me pude permitir, y por eso me considero una privilegiada, debe convertirse en norma para todas las mujeres.<\/p>\n<p><strong>-T: \u00bfQu\u00e9 relaci\u00f3n propone con Europa, tanto econ\u00f3mica como pol\u00edticamente?<\/strong><\/p>\n<p>-G: Primero la pandemia y ahora la guerra nos han demostrado que la Uni\u00f3n Europea no estaba preparada para shocks de esta magnitud. Y no lo hizo porque en las \u00faltimas d\u00e9cadas ha crecido la dimensi\u00f3n financiera y burocr\u00e1tica de la Uni\u00f3n sin que haya crecido al mismo ritmo la dimensi\u00f3n geopol\u00edtica y militar. Las pol\u00edticas de Bruselas han favorecido la deslocalizaci\u00f3n de muchas industrias europeas y el alineamiento de las cadenas de valor; adem\u00e1s, la ideolog\u00eda verde nos ha relegado a la dependencia del gas ruso. Ahora necesitamos cambiar este enfoque r\u00e1pidamente, volviendo a poner en el centro las necesidades de los ciudadanos europeos. Debemos comenzar con una fuerte respuesta a la crisis energ\u00e9tica porque demasiadas de nuestras empresas corren el riesgo de detenerse, con consecuencias sociales muy graves.<\/p>\n<p><strong>-T: \u00bfQu\u00e9 margen ve para poder hacer propuestas m\u00e1s duras pero que no sean vistas como gestos de ruptura?<\/strong><\/p>\n<p>-GM: Hermanos de Italia es parte fundamental de los Conservatorios Europeos, que tengo el honor de presidir. Una familia pol\u00edtica hist\u00f3rica perfectamente integrada en los mecanismos democr\u00e1ticos de la UE, que hoy expresan los primeros ministros de Polonia y Rep\u00fablica Checa. No queremos rupturas con Europa sino devolver a Italia al papel que se merece a nivel europeo e internacional para garantizar que el proyecto europeo no sea solo una conversaci\u00f3n a dos entre Francia y Alemania, sino que crezca de una manera m\u00e1s equilibrada respetando las competencias nacionales, as\u00ed como aportar nuestras ideas a algunos pasos muy importantes para el futuro de Europa, como la reforma del Pacto de Estabilidad y Crecimiento y la puesta en marcha de la transici\u00f3n digital y ecol\u00f3gica, que nos gustar\u00eda que fuera m\u00e1s gradual y atenta a las consecuencias econ\u00f3micas y sociales.<\/p>\n<p><strong>-T: \u00bfQu\u00e9 v\u00ednculo imagina con Am\u00e9rica Latina en caso de llegar al Gobierno?<\/strong><\/p>\n<p>-GM: Para nosotros, Am\u00e9rica Latina es un socio estrat\u00e9gico: nos une un v\u00ednculo hist\u00f3rico y cultural \u00fanico y una importante relaci\u00f3n econ\u00f3mica. La guerra en Ucrania no se trata solo de la integridad territorial de Kiev, sino que es un intento de subvertir el orden global contra Occidente, en beneficio de Rusia, China y otras potencias antidemocr\u00e1ticas. Esto tambi\u00e9n debe quedar claro en Am\u00e9rica Latina. El expansionismo chino tambi\u00e9n echa ra\u00edces en su continente, decenas de millones de latinoamericanos viven bajo dictaduras despiadadas, desde Cuba hasta Nicaragua y Venezuela. En cambio, queremos que Am\u00e9rica Latina siga siendo una parte integral de Occidente y naciones como Italia, con el centroderecha en el gobierno, podr\u00e1n hacer mucho en esta direcci\u00f3n. Creo que es la misma esperanza de millones de italianos con doble nacionalidad que viven en ese maravilloso continente.<\/p>\n<blockquote class><p>Primero la pandemia y ahora la guerra nos han demostrado que la Uni\u00f3n Europea no estaba preparada para shocks de esta magnitud. Y no lo hizo porque en las \u00faltimas d\u00e9cadas ha crecido la dimensi\u00f3n financiera y burocr\u00e1tica de la Uni\u00f3n sin que haya crecido al mismo ritmo la dimensi\u00f3n geopol\u00edtica y militar<\/p><\/blockquote>\n<p><strong>-T:\u00bfCu\u00e1les son las propuestas econ\u00f3micas de su fuerza?<\/strong><\/p>\n<p>-GM: Ahora necesitamos liberar la fuerza de nuestra econom\u00eda, apoyar a las empresas y familias contra el encarecimiento de la energ\u00eda, reducir los impuestos sobre el trabajo para aumentar el poder adquisitivo, reducir la burocracia para relanzar las inversiones, crear infraestructuras tangibles e intangibles, invertir en pol\u00edticas familiares. Nuestro gobierno podr\u00e1 hacerlo porque las fuerzas de centroderecha comparten valores y programas y ya gobiernan juntas en quince regiones.<\/p>\n<p><strong>-T: \u00bfQu\u00e9 papel imagina para el Estado en la gesti\u00f3n de la econom\u00eda y las empresas p\u00fablicas?<\/strong><\/p>\n<p>-GM: El Estado debe desempe\u00f1ar un papel central en la definici\u00f3n de opciones estrat\u00e9gicas y luego dejar la tarea de producir riqueza al mercado. Las redes de infraestructura deben ser de propiedad p\u00fablica y su gesti\u00f3n debe estar abierta a particulares competidores. Las empresas estrat\u00e9gicas nacionales deben ser protegidas de adquisiciones hostiles, mediante el fortalecimiento de una herramienta como la denominada acci\u00f3n de oro. Al mismo tiempo, se debe aligerar la presencia del Estado en el d\u00eda a d\u00eda de las empresas, especialmente medianas y peque\u00f1as, y de los profesionales: los impuestos y la burocracia matan a la empresa y al trabajo que queremos liberar. <\/p>\n","protected":false},"excerpt":{"rendered":"<p>Giorgia Meloni. Foto: AFP. &nbsp; Giorgia Meloni, l\u00edder de la fuerza conservadora y nacionalista Fratelli d&#8217;Italia (Hermanos de Italia), que encabeza todas las encuestas de cara a las elecciones del pr\u00f3ximo 25 de septiembre, se defini\u00f3 en entrevista con T\u00e9lam en Roma como parte de una \u00abderecha de Gobierno, moderna y occidental\u00bb y afirm\u00f3 que [&hellip;]<\/p>\n","protected":false},"author":1,"featured_media":48202,"comment_status":"open","ping_status":"closed","sticky":false,"template":"","format":"standard","meta":[],"categories":[24],"tags":[],"_links":{"self":[{"href":"http:\/\/hoycordobaweb.com\/index.php\/wp-json\/wp\/v2\/posts\/48201"}],"collection":[{"href":"http:\/\/hoycordobaweb.com\/index.php\/wp-json\/wp\/v2\/posts"}],"about":[{"href":"http:\/\/hoycordobaweb.com\/index.php\/wp-json\/wp\/v2\/types\/post"}],"author":[{"embeddable":true,"href":"http:\/\/hoycordobaweb.com\/index.php\/wp-json\/wp\/v2\/users\/1"}],"replies":[{"embeddable":true,"href":"http:\/\/hoycordobaweb.com\/index.php\/wp-json\/wp\/v2\/comments?post=48201"}],"version-history":[{"count":0,"href":"http:\/\/hoycordobaweb.com\/index.php\/wp-json\/wp\/v2\/posts\/48201\/revisions"}],"wp:featuredmedia":[{"embeddable":true,"href":"http:\/\/hoycordobaweb.com\/index.php\/wp-json\/wp\/v2\/media\/48202"}],"wp:attachment":[{"href":"http:\/\/hoycordobaweb.com\/index.php\/wp-json\/wp\/v2\/media?parent=48201"}],"wp:term":[{"taxonomy":"category","embeddable":true,"href":"http:\/\/hoycordobaweb.com\/index.php\/wp-json\/wp\/v2\/categories?post=48201"},{"taxonomy":"post_tag","embeddable":true,"href":"http:\/\/hoycordobaweb.com\/index.php\/wp-json\/wp\/v2\/tags?post=48201"}],"curies":[{"name":"wp","href":"https:\/\/api.w.org\/{rel}","templated":true}]}}