{"id":48164,"date":"2022-09-09T22:27:08","date_gmt":"2022-09-09T22:27:08","guid":{"rendered":"https:\/\/www.ole.com.ar\/futbol-internacional\/mbappe-reto-companero-pelota_0_6coa4W1e8n.html"},"modified":"2022-09-09T22:27:08","modified_gmt":"2022-09-09T22:27:08","slug":"video-viral-mbappe-reto-a-un-companero-por-no-darle-la-pelota","status":"publish","type":"post","link":"http:\/\/hoycordobaweb.com\/index.php\/2022\/09\/09\/video-viral-mbappe-reto-a-un-companero-por-no-darle-la-pelota\/","title":{"rendered":"Video viral: Mbapp\u00e9 ret\u00f3 a un compa\u00f1ero por no darle la pelota"},"content":{"rendered":"<p><img src=\"http:\/\/hoycordobaweb.com\/wp-content\/uploads\/2022\/09\/video-viral-mbappe-reto-a-un-companero-por-no-darle-la-pelota.jpg\"><\/p>\n<p><a alt=\"kylian-mbappe\" class=\"slug\" href=\"https:\/\/www.ole.com.ar\/tema\/kylian-mbappe.html\" target=\"_blank\" title=\"kylian-mbappe\" rel=\"noopener noreferrer\">Kylian Mbapp\u00e9<\/a> viene de una seguidilla de hechos que lo pusieron en el foco de la escena por diversos motivos. Desde su salida fallida al Real Madrid hasta los rumores de sus diferencias con jugadores del plantel del Par\u00eds Saint Germain. <strong>Ahora una c\u00e1mara captur\u00f3 el momento exacto de una discusi\u00f3n entre Kylian y Hakimi.<\/strong><\/p>\n<div class=\"sp__Normal htmlLibre\">\n<div class=\"embed-responsive-c\" readability=\"8.2591093117409\">\n<blockquote class=\"twitter-tweet\" readability=\"10.736842105263\">\n<p lang=\"es\" dir=\"ltr\">Mbappe: viste el video ? Ten\u00edas que darme el pase.<\/p>\n<p>Hakimi: si, lo lamento. Lo he visto<\/p>\n<p>Mbappe: no basta solo con lamentarlo, tienes que darme los pases.<\/p>\n<p>Tremenda bala hemos esquivado.<a href=\"https:\/\/t.co\/vMc6pD2Mvt\">pic.twitter.com\/vMc6pD2Mvt<\/a><\/p>\n<p>\u2014 Trunks (@trunksRM) <a href=\"https:\/\/twitter.com\/trunksRM\/status\/1568181443091746821?ref_src=twsrc%5Etfw\">September 9, 2022<\/a><\/p><\/blockquote><\/div>\n<\/div>\n<p>Si bien no se sabe exactamente cu\u00e1ndo fue capturado el video, r\u00e1pidamente se difundi\u00f3 en redes sociales y portales de noticias de distintas partes del mundo lo que no colabor\u00f3 a la imagen del delantero de 23 a\u00f1os.<\/p>\n<div class=\"sp__SM\">\n<div class=\"content-new \">\n<span class=\"tit-mobile\">Mir\u00e1 tambi\u00e9n<\/span><\/p>\n<div class=\"mg\">\n<div class=\"wrap-figure\">\n<picture>\n<a href=\"https:\/\/www.ole.com.ar\/futbol-internacional\/francia\/mbappe-tuit-racista-mbappe-multa_0_NOoTWTDZzM.html\" target=\"_self\" rel=\"noopener noreferrer\"><br \/>\n<img class=\"img-responsive\" alt=\"Francia: multaron a un adolescente por un tuit racista contra Mbapp\u00e9\" src=\"http:\/\/hoycordobaweb.com\/wp-content\/uploads\/2022\/09\/video-viral-mbappe-reto-a-un-companero-por-no-darle-la-pelota-2.jpg\" loading=\"lazy\"><br \/>\n<\/a>\n<\/picture>\n<\/div>\n<\/div><\/div>\n<\/div>\n<p>En la conversaci\u00f3n se puede escuchar cuando Mbapp\u00e9 le dice a su compa\u00f1ero:\u00bbTe lo juro, mira el v\u00eddeo\u00bb. Ante lo cual \u00e9l responde:&nbsp; \u00abSi es como dices, lo siento\u00bb. La respuesta del Kylian fue lo que despert\u00f3 las cr\u00edticas ya que le manifest\u00f3:<strong> \u00abNo es suficiente con decir lo siento. Me la tienes que dar\u00bb.<\/strong><\/p>\n<div class=\"sp__SM\">\n<div class=\"content-new no-img\">\n<span class=\"tit-mobile\">Mir\u00e1 tambi\u00e9n<\/span> <\/div>\n<\/div>\n<h2><strong>\u00bfCu\u00e1nto acept\u00f3 Mbapp\u00e9 para quedarse en el PSG?<\/strong><\/h2>\n<div class=\"sp__SM\">\n<div class=\"content-new \">\n<span class=\"tit-mobile\">Mir\u00e1 tambi\u00e9n<\/span><\/p>\n<div class=\"mg\">\n<div class=\"wrap-figure\">\n<picture>\n<a href=\"https:\/\/www.ole.com.ar\/futbol-internacional\/francia\/mbappe-derrota-psg-vs-bayern-munich_0_hymm3ZzrCB.html\" target=\"_self\" rel=\"noopener noreferrer\"><br \/>\n<img class=\"img-responsive\" alt=\"Mbapp\u00e9 cont\u00f3 cu\u00e1l fue la derrota que m\u00e1s sufri\u00f3: &quot;Tuve ganas de llorar&quot;\" src=\"http:\/\/hoycordobaweb.com\/wp-content\/uploads\/2022\/09\/video-viral-mbappe-reto-a-un-companero-por-no-darle-la-pelota-3.jpg\" loading=\"lazy\"><br \/>\n<\/a>\n<\/picture>\n<\/div>\n<\/div><\/div>\n<\/div>\n<p>Desde el New York Times informaron que al jugador de 23 a\u00f1os le ofrecieron un contrato multimillonario: <strong>cobrar\u00e1 250 millones de d\u00f3lares por tres temporadas, aproximadamente 83 millones por a\u00f1o. <\/strong>Pero eso no es todo, ya que recibi\u00f3 125 millones por renovar, siendo este el mayor pago realizado a un futbolista sin contrato en la historia del deporte.<\/p>\n<div class=\"sp__SM\">\n<div class=\"content-new \">\n<span class=\"tit-mobile\">Mir\u00e1 tambi\u00e9n<\/span><\/p>\n<div class=\"mg\">\n<div class=\"wrap-figure\">\n<picture>\n<a href=\"https:\/\/www.ole.com.ar\/futbol-internacional\/francia\/galtier-relacion-neymar-mbappe-messi_0_fnAX6xTYzr.html\" target=\"_self\" rel=\"noopener noreferrer\"><br \/>\n<img class=\"img-responsive\" alt=\"Galtier habl\u00f3 sobre la relaci\u00f3n Neymar - Mbapp\u00e9 y \u00bfle da descanso a Messi?\" src=\"http:\/\/hoycordobaweb.com\/wp-content\/uploads\/2022\/09\/video-viral-mbappe-reto-a-un-companero-por-no-darle-la-pelota-4.jpg\" loading=\"lazy\"><br \/>\n<\/a>\n<\/picture>\n<\/div>\n<\/div><\/div>\n<\/div>\n<p>A pesar de todos estos millones que le ofrecieron, Mbapp\u00e9 asegur\u00f3 que su decisi\u00f3n de extender su v\u00ednculo con el Paris Saint-Germain no tuvo nada que ver con la plata. <strong>\u00abDonde vaya me van a dar dinero\u00bb, coment\u00f3 Kiki, haciendo referencia a que en cualquier club que vaya le pagar\u00edan lo mismo.<\/strong><\/p>\n<div class=\"entry-tags\">\n<h2>TEMAS QUE APARECEN EN ESTA NOTA<\/h2>\n<\/p><\/div>\n","protected":false},"excerpt":{"rendered":"<p>Kylian Mbapp\u00e9 viene de una seguidilla de hechos que lo pusieron en el foco de la escena por diversos motivos. Desde su salida fallida al Real Madrid hasta los rumores de sus diferencias con jugadores del plantel del Par\u00eds Saint Germain. Ahora una c\u00e1mara captur\u00f3 el momento exacto de una discusi\u00f3n entre Kylian y Hakimi. [&hellip;]<\/p>\n","protected":false},"author":1,"featured_media":48165,"comment_status":"open","ping_status":"closed","sticky":false,"template":"","format":"standard","meta":[],"categories":[16],"tags":[],"_links":{"self":[{"href":"http:\/\/hoycordobaweb.com\/index.php\/wp-json\/wp\/v2\/posts\/48164"}],"collection":[{"href":"http:\/\/hoycordobaweb.com\/index.php\/wp-json\/wp\/v2\/posts"}],"about":[{"href":"http:\/\/hoycordobaweb.com\/index.php\/wp-json\/wp\/v2\/types\/post"}],"author":[{"embeddable":true,"href":"http:\/\/hoycordobaweb.com\/index.php\/wp-json\/wp\/v2\/users\/1"}],"replies":[{"embeddable":true,"href":"http:\/\/hoycordobaweb.com\/index.php\/wp-json\/wp\/v2\/comments?post=48164"}],"version-history":[{"count":0,"href":"http:\/\/hoycordobaweb.com\/index.php\/wp-json\/wp\/v2\/posts\/48164\/revisions"}],"wp:featuredmedia":[{"embeddable":true,"href":"http:\/\/hoycordobaweb.com\/index.php\/wp-json\/wp\/v2\/media\/48165"}],"wp:attachment":[{"href":"http:\/\/hoycordobaweb.com\/index.php\/wp-json\/wp\/v2\/media?parent=48164"}],"wp:term":[{"taxonomy":"category","embeddable":true,"href":"http:\/\/hoycordobaweb.com\/index.php\/wp-json\/wp\/v2\/categories?post=48164"},{"taxonomy":"post_tag","embeddable":true,"href":"http:\/\/hoycordobaweb.com\/index.php\/wp-json\/wp\/v2\/tags?post=48164"}],"curies":[{"name":"wp","href":"https:\/\/api.w.org\/{rel}","templated":true}]}}