{"id":48127,"date":"2022-09-08T18:06:56","date_gmt":"2022-09-08T18:06:56","guid":{"rendered":"https:\/\/www.trendencias.com\/tendencias\/asi-zapatos-otono-que-combinan-todo"},"modified":"2022-09-08T18:06:56","modified_gmt":"2022-09-08T18:06:56","slug":"asi-son-los-zapatos-de-otono-que-combinan-con-todo","status":"publish","type":"post","link":"http:\/\/hoycordobaweb.com\/index.php\/2022\/09\/08\/asi-son-los-zapatos-de-otono-que-combinan-con-todo\/","title":{"rendered":"As\u00ed son los zapatos de oto\u00f1o que combinan con todo"},"content":{"rendered":"<p>Comienza la cuenta atr\u00e1s para el oto\u00f1o, y aunque todav\u00eda nos quedan d\u00edas de verano, cada vez se nota que las temperaturas son m\u00e1s frescas. Para estos d\u00edas de entretiempo es complicado acertar con el calzado porque con la sandalia podemos tener fr\u00edo y con el bot\u00edn calor.<\/p>\n<p><!-- BREAK 1 --><\/p>\n<p>Una alternativa muy acertada para los estilismos de entretiempo son los <a href=\"https:\/\/www.trendencias.com\/shopping\/manual-uso-merceditas-mary-jane-cinco-modelos-muy-inspiradores\">zapatos &#8216;mary jane&#8217;, <\/a>el calzado que arrasa entre las francesas y que son esenciales en sus<em> looks. <\/em>Las cl\u00e1sicas merceditas se reinventan en clave <em>millennial <\/em>y este es el resultado. Lo que est\u00e1 claro es que <a href=\"https:\/\/www.trendencias.com\/shopping\/siete-mocasines-bailarinas-merceditas-planas-que-nos-recuerdan-que-estilo-no-esta-renido-comodidad\">el estilo no est\u00e1 re\u00f1ido con la comodidad,<\/a>.<\/p>\n<p><!-- BREAK 2 --> <\/p>\n<div class=\"video-boost-container article-asset-normal\"> <span class=\"video-boost-title\">Rosal\u00eda AF1 Espardille Zapatillas Nike<\/span>\n<\/div>\n<div class=\"article-asset article-asset-normal article-asset-center\">\n<div class=\"desvio-container\">\n<div class=\"desvio\">\n<div class=\"desvio-figure js-desvio-figure\"> <a href=\"https:\/\/www.trendencias.com\/zapatos-mujer\/bailarinas-azul-marino-perfecto-fondo-armario-como-combinarlas\"> <img alt=\"Las bailarinas azul marino son el perfecto fondo de armario: c\u00f3mo combinarlas\" src=\"http:\/\/hoycordobaweb.com\/wp-content\/uploads\/2022\/09\/asi-son-los-zapatos-de-otono-que-combinan-con-todo.jpg\"> <\/a> <\/div><\/div><\/div>\n<\/div>\n<div class=\"article-asset-image article-asset-normal article-asset-center\">\n<div class=\"asset-content\">\n<div class=\"base-wrapper-image\"> <img class=\"sf-lazy centro_sinmarco\" data-sf-srcset=\"http:\/\/hoycordobaweb.com\/wp-content\/uploads\/2022\/09\/asi-son-los-zapatos-de-otono-que-combinan-con-todo-1.jpg 450w, http:\/\/hoycordobaweb.com\/wp-content\/uploads\/2022\/09\/asi-son-los-zapatos-de-otono-que-combinan-con-todo-12.jpg 681w,http:\/\/hoycordobaweb.com\/wp-content\/uploads\/2022\/09\/asi-son-los-zapatos-de-otono-que-combinan-con-todo-13.jpg 1024w, http:\/\/hoycordobaweb.com\/wp-content\/uploads\/2022\/09\/asi-son-los-zapatos-de-otono-que-combinan-con-todo-14.jpg 1366w,\" data-sf-src=\"http:\/\/hoycordobaweb.com\/wp-content\/uploads\/2022\/09\/asi-son-los-zapatos-de-otono-que-combinan-con-todo-1.jpg\" alt=\"Look\"> <noscript><img alt=\"Look\" class=\"centro_sinmarco\" src=\"http:\/\/hoycordobaweb.com\/wp-content\/uploads\/2022\/09\/asi-son-los-zapatos-de-otono-que-combinan-con-todo-1.jpg\"><\/noscript> <\/div><\/div>\n<\/div>\n<p>Zapatos que nos recuerdan a nuestra infancia, que son c\u00f3modos, la mayor\u00eda de tac\u00f3n medio (tambi\u00e9n hay hueco para tacones altos), que resultan perfectos para el d\u00eda d\u00eda por su versatilidad. Y si encima eres amante de llevar tacones, este modelo te va a resultar ideal para los d\u00edas todoterreno.<\/p>\n<p><!-- BREAK 3 --><\/p>\n<div class=\"article-asset-image article-asset-normal article-asset-center\">\n<div class=\"asset-content\">\n<div class=\"base-wrapper-image\"> <img class=\"sf-lazy centro_sinmarco\" data-sf-srcset=\"http:\/\/hoycordobaweb.com\/wp-content\/uploads\/2022\/09\/asi-son-los-zapatos-de-otono-que-combinan-con-todo-2.jpg 450w, http:\/\/hoycordobaweb.com\/wp-content\/uploads\/2022\/09\/asi-son-los-zapatos-de-otono-que-combinan-con-todo-15.jpg 681w,http:\/\/hoycordobaweb.com\/wp-content\/uploads\/2022\/09\/asi-son-los-zapatos-de-otono-que-combinan-con-todo-16.jpg 1024w, http:\/\/hoycordobaweb.com\/wp-content\/uploads\/2022\/09\/asi-son-los-zapatos-de-otono-que-combinan-con-todo-17.jpg 1366w,\" data-sf-src=\"http:\/\/hoycordobaweb.com\/wp-content\/uploads\/2022\/09\/asi-son-los-zapatos-de-otono-que-combinan-con-todo-2.jpg\" alt=\"Babies Cuir Verni\"> <noscript><img alt=\"Babies Cuir Verni\" class=\"centro_sinmarco\" src=\"http:\/\/hoycordobaweb.com\/wp-content\/uploads\/2022\/09\/asi-son-los-zapatos-de-otono-que-combinan-con-todo-2.jpg\"><\/noscript> <\/div><\/div>\n<\/div>\n<p>Este calzado es el predilecto de expertas en moda como <a href=\"https:\/\/www.trendencias.com\/tag\/alexa-chung\">Alexa Chung<\/a> o <a href=\"https:\/\/www.trendencias.com\/tag\/jeanne-damas\">Jeanne Damas<\/a>, y firmas como <strong>Chanel o Miu Miu <\/strong>apuestan en sus colecciones por estos zapatos de fondo de armario. Tambi\u00e9n firmas como la francesa <strong>Carel<\/strong> o espa\u00f1olas como<strong> Nodaleto o Augusta<\/strong> nos proponen modelos que se reinventan cada temporada y se adaptan en cierto modo a las tendencias del momento.<\/p>\n<p><!-- BREAK 4 --><\/p>\n<ul>\n<li>Zapatos de charol granate con triple hebilla de <strong>Carel.<\/strong> Su precio es de <a href=\"https:\/\/www.carel.fr\/fr\/babies\/464-4589-babies-cuir-verni-bordeaux.html#\/pointure-38\">395 euros.<\/a><\/li>\n<\/ul>\n<div class=\"article-asset-image article-asset-normal article-asset-center\">\n<div class=\"asset-content\">\n<div class=\"base-wrapper-image\"> <img class=\"sf-lazy centro_sinmarco\" data-sf-srcset=\"http:\/\/hoycordobaweb.com\/wp-content\/uploads\/2022\/09\/asi-son-los-zapatos-de-otono-que-combinan-con-todo-3.jpg 450w, http:\/\/hoycordobaweb.com\/wp-content\/uploads\/2022\/09\/asi-son-los-zapatos-de-otono-que-combinan-con-todo-18.jpg 681w,http:\/\/hoycordobaweb.com\/wp-content\/uploads\/2022\/09\/asi-son-los-zapatos-de-otono-que-combinan-con-todo-19.jpg 1024w, http:\/\/hoycordobaweb.com\/wp-content\/uploads\/2022\/09\/asi-son-los-zapatos-de-otono-que-combinan-con-todo-20.jpg 1366w,\" data-sf-src=\"http:\/\/hoycordobaweb.com\/wp-content\/uploads\/2022\/09\/asi-son-los-zapatos-de-otono-que-combinan-con-todo-3.jpg\" alt=\"0062290849\"> <noscript><img alt=\"0062290849\" class=\"centro_sinmarco\" src=\"http:\/\/hoycordobaweb.com\/wp-content\/uploads\/2022\/09\/asi-son-los-zapatos-de-otono-que-combinan-con-todo-3.jpg\"><\/noscript> <\/div><\/div>\n<\/div>\n<p>Zapatos negros de tac\u00f3n ancho m\u00e1s alto con un hebilla y puntera cuadrada de <strong>Augusta. <\/strong>Su precio es de <a href=\"https:\/\/augustathebrand.com\/products\/anita-black\">230 euros.<\/a><\/p>\n<p><!-- BREAK 5 --><\/p>\n<div class=\"article-asset-image article-asset-normal article-asset-center\">\n<div class=\"asset-content\">\n<div class=\"base-wrapper-image\"> <img class=\"sf-lazy centro_sinmarco\" data-sf-srcset=\"http:\/\/hoycordobaweb.com\/wp-content\/uploads\/2022\/09\/asi-son-los-zapatos-de-otono-que-combinan-con-todo-4.jpg 450w, http:\/\/hoycordobaweb.com\/wp-content\/uploads\/2022\/09\/asi-son-los-zapatos-de-otono-que-combinan-con-todo-21.jpg 681w,http:\/\/hoycordobaweb.com\/wp-content\/uploads\/2022\/09\/asi-son-los-zapatos-de-otono-que-combinan-con-todo-22.jpg 1024w, http:\/\/hoycordobaweb.com\/wp-content\/uploads\/2022\/09\/asi-son-los-zapatos-de-otono-que-combinan-con-todo-23.jpg 1366w,\" data-sf-src=\"http:\/\/hoycordobaweb.com\/wp-content\/uploads\/2022\/09\/asi-son-los-zapatos-de-otono-que-combinan-con-todo-4.jpg\" alt=\"Augustathebrand\"> <noscript><img alt=\"Augustathebrand\" class=\"centro_sinmarco\" src=\"http:\/\/hoycordobaweb.com\/wp-content\/uploads\/2022\/09\/asi-son-los-zapatos-de-otono-que-combinan-con-todo-4.jpg\"><\/noscript> <\/div><\/div>\n<\/div>\n<p>Zapatos plateados de tac\u00f3n bajo con un hebilla de <strong>Augusta. <\/strong>Su precio es de <a href=\"https:\/\/augustathebrand.com\/products\/emilia-silver\">190 euros.<\/a><\/p>\n<p><!-- BREAK 6 --><\/p>\n<div class=\"article-asset-image article-asset-normal article-asset-center\">\n<div class=\"asset-content\">\n<div class=\"base-wrapper-image\"> <img class=\"sf-lazy centro_sinmarco\" data-sf-srcset=\"http:\/\/hoycordobaweb.com\/wp-content\/uploads\/2022\/09\/asi-son-los-zapatos-de-otono-que-combinan-con-todo-5.jpg 450w, http:\/\/hoycordobaweb.com\/wp-content\/uploads\/2022\/09\/asi-son-los-zapatos-de-otono-que-combinan-con-todo-24.jpg 681w,http:\/\/hoycordobaweb.com\/wp-content\/uploads\/2022\/09\/asi-son-los-zapatos-de-otono-que-combinan-con-todo-25.jpg 1024w, http:\/\/hoycordobaweb.com\/wp-content\/uploads\/2022\/09\/asi-son-los-zapatos-de-otono-que-combinan-con-todo-26.jpg 1366w,\" data-sf-src=\"http:\/\/hoycordobaweb.com\/wp-content\/uploads\/2022\/09\/asi-son-los-zapatos-de-otono-que-combinan-con-todo-5.jpg\" alt=\"Clementine\"> <noscript><img alt=\"Clementine\" class=\"centro_sinmarco\" src=\"http:\/\/hoycordobaweb.com\/wp-content\/uploads\/2022\/09\/asi-son-los-zapatos-de-otono-que-combinan-con-todo-5.jpg\"><\/noscript> <\/div><\/div>\n<\/div>\n<p>Bailarinas combinadas bronce y de puntera de charol negro con una hebilla de <strong>Pretty Ballerinas.<\/strong> Su precio es de <a href=\"https:\/\/www.prettyballerinas.es\/120591-clementine.html\">269 euros.<\/a><\/p>\n<p><!-- BREAK 7 --><\/p>\n<div class=\"article-asset-image article-asset-normal article-asset-center\">\n<div class=\"asset-content\">\n<div class=\"base-wrapper-image\"> <img class=\"sf-lazy centro_sinmarco\" data-sf-srcset=\"http:\/\/hoycordobaweb.com\/wp-content\/uploads\/2022\/09\/asi-son-los-zapatos-de-otono-que-combinan-con-todo-6.jpg 450w, http:\/\/hoycordobaweb.com\/wp-content\/uploads\/2022\/09\/asi-son-los-zapatos-de-otono-que-combinan-con-todo-27.jpg 681w,http:\/\/hoycordobaweb.com\/wp-content\/uploads\/2022\/09\/asi-son-los-zapatos-de-otono-que-combinan-con-todo-28.jpg 1024w, http:\/\/hoycordobaweb.com\/wp-content\/uploads\/2022\/09\/asi-son-los-zapatos-de-otono-que-combinan-con-todo-29.jpg 1366w,\" data-sf-src=\"http:\/\/hoycordobaweb.com\/wp-content\/uploads\/2022\/09\/asi-son-los-zapatos-de-otono-que-combinan-con-todo-6.jpg\" alt=\"Ella\"> <noscript><img alt=\"Ella\" class=\"centro_sinmarco\" src=\"http:\/\/hoycordobaweb.com\/wp-content\/uploads\/2022\/09\/asi-son-los-zapatos-de-otono-que-combinan-con-todo-6.jpg\"><\/noscript> <\/div><\/div>\n<\/div>\n<p>Bailarinas de<em> tweed <\/em>con puntera de charol negro y detalles de perlas de <strong>Pretty Ballerinas.<\/strong> Su precio es de <a href=\"https:\/\/www.prettyballerinas.es\/120550-ella.html\">249 euros.<\/a><\/p>\n<p><!-- BREAK 8 --><\/p>\n<div class=\"article-asset-image article-asset-normal article-asset-center\">\n<div class=\"asset-content\">\n<div class=\"base-wrapper-image\"> <img class=\"sf-lazy centro_sinmarco\" data-sf-srcset=\"http:\/\/hoycordobaweb.com\/wp-content\/uploads\/2022\/09\/asi-son-los-zapatos-de-otono-que-combinan-con-todo-7.jpg 450w, http:\/\/hoycordobaweb.com\/wp-content\/uploads\/2022\/09\/asi-son-los-zapatos-de-otono-que-combinan-con-todo-30.jpg 681w,http:\/\/hoycordobaweb.com\/wp-content\/uploads\/2022\/09\/asi-son-los-zapatos-de-otono-que-combinan-con-todo-31.jpg 1024w, http:\/\/hoycordobaweb.com\/wp-content\/uploads\/2022\/09\/asi-son-los-zapatos-de-otono-que-combinan-con-todo-32.jpg 1366w,\" data-sf-src=\"http:\/\/hoycordobaweb.com\/wp-content\/uploads\/2022\/09\/asi-son-los-zapatos-de-otono-que-combinan-con-todo-7.jpg\" alt=\"Augustathebrand 30062290748\"> <noscript><img alt=\"Augustathebrand 30062290748\" class=\"centro_sinmarco\" src=\"http:\/\/hoycordobaweb.com\/wp-content\/uploads\/2022\/09\/asi-son-los-zapatos-de-otono-que-combinan-con-todo-7.jpg\"><\/noscript> <\/div><\/div>\n<\/div>\n<p>Zapatos de charol rojo de <strong>Augusta. <\/strong>Su precio es de <a href=\"https:\/\/augustathebrand.com\/products\/emilia-glossy-red\">190 euros.<\/a><\/p>\n<p><!-- BREAK 9 --><\/p>\n<div class=\"article-asset-image article-asset-normal article-asset-center\">\n<div class=\"asset-content\">\n<div class=\"base-wrapper-image\"> <img class=\"sf-lazy centro_sinmarco\" data-sf-srcset=\"http:\/\/hoycordobaweb.com\/wp-content\/uploads\/2022\/09\/asi-son-los-zapatos-de-otono-que-combinan-con-todo-8.jpg 450w, http:\/\/hoycordobaweb.com\/wp-content\/uploads\/2022\/09\/asi-son-los-zapatos-de-otono-que-combinan-con-todo-33.jpg 681w,http:\/\/hoycordobaweb.com\/wp-content\/uploads\/2022\/09\/asi-son-los-zapatos-de-otono-que-combinan-con-todo-34.jpg 1024w, http:\/\/hoycordobaweb.com\/wp-content\/uploads\/2022\/09\/asi-son-los-zapatos-de-otono-que-combinan-con-todo-35.jpg 1366w,\" data-sf-src=\"http:\/\/hoycordobaweb.com\/wp-content\/uploads\/2022\/09\/asi-son-los-zapatos-de-otono-que-combinan-con-todo-8.jpg\" alt=\"Smithfuschiasatin\"> <noscript><img alt=\"Smithfuschiasatin\" class=\"centro_sinmarco\" src=\"http:\/\/hoycordobaweb.com\/wp-content\/uploads\/2022\/09\/asi-son-los-zapatos-de-otono-que-combinan-con-todo-8.jpg\"><\/noscript> <\/div><\/div>\n<\/div>\n<p>M\u00e1s vanguarditas y atrevidos son estos zapatos fucsias de tac\u00f3n ancho de <strong>Nodaleto.<\/strong> Su precio es de <a href=\"https:\/\/nodaleto.com\/products\/bulla-smith-fuchsia-satin?info=details\">595 euros.<\/a><\/p>\n<p><!-- BREAK 10 --><\/p>\n<div class=\"article-asset-image article-asset-normal article-asset-center\">\n<div class=\"asset-content\">\n<div class=\"base-wrapper-image\"> <img class=\"sf-lazy centro_sinmarco\" data-sf-srcset=\"http:\/\/hoycordobaweb.com\/wp-content\/uploads\/2022\/09\/asi-son-los-zapatos-de-otono-que-combinan-con-todo-9.jpg 450w, http:\/\/hoycordobaweb.com\/wp-content\/uploads\/2022\/09\/asi-son-los-zapatos-de-otono-que-combinan-con-todo-36.jpg 681w,http:\/\/hoycordobaweb.com\/wp-content\/uploads\/2022\/09\/asi-son-los-zapatos-de-otono-que-combinan-con-todo-37.jpg 1024w, http:\/\/hoycordobaweb.com\/wp-content\/uploads\/2022\/09\/asi-son-los-zapatos-de-otono-que-combinan-con-todo-38.jpg 1366w,\" data-sf-src=\"http:\/\/hoycordobaweb.com\/wp-content\/uploads\/2022\/09\/asi-son-los-zapatos-de-otono-que-combinan-con-todo-9.jpg\" alt=\"Babies Cuir Platine\"> <noscript><img alt=\"Babies Cuir Platine\" class=\"centro_sinmarco\" src=\"http:\/\/hoycordobaweb.com\/wp-content\/uploads\/2022\/09\/asi-son-los-zapatos-de-otono-que-combinan-con-todo-9.jpg\"><\/noscript> <\/div><\/div>\n<\/div>\n<p>Zapatos dorados de doble hebilla de <strong>Carel. <\/strong>Su precio es de <a href=\"https:\/\/www.carel.fr\/fr\/babies\/4876-17565-babies-cuir-platine.html#\/pointure-38\">395 euros.<\/a><\/p>\n<p><!-- BREAK 11 --><\/p>\n<div class=\"article-asset-image article-asset-normal article-asset-center\">\n<div class=\"asset-content\">\n<div class=\"base-wrapper-image\"> <img class=\"sf-lazy centro_sinmarco\" data-sf-srcset=\"http:\/\/hoycordobaweb.com\/wp-content\/uploads\/2022\/09\/asi-son-los-zapatos-de-otono-que-combinan-con-todo-10.jpg 450w, http:\/\/hoycordobaweb.com\/wp-content\/uploads\/2022\/09\/asi-son-los-zapatos-de-otono-que-combinan-con-todo-39.jpg 681w,http:\/\/hoycordobaweb.com\/wp-content\/uploads\/2022\/09\/asi-son-los-zapatos-de-otono-que-combinan-con-todo-40.jpg 1024w, http:\/\/hoycordobaweb.com\/wp-content\/uploads\/2022\/09\/asi-son-los-zapatos-de-otono-que-combinan-con-todo-41.jpg 1366w,\" data-sf-src=\"http:\/\/hoycordobaweb.com\/wp-content\/uploads\/2022\/09\/asi-son-los-zapatos-de-otono-que-combinan-con-todo-10.jpg\" alt=\"Babies Cuir Verni Noir\"> <noscript><img alt=\"Babies Cuir Verni Noir\" class=\"centro_sinmarco\" src=\"http:\/\/hoycordobaweb.com\/wp-content\/uploads\/2022\/09\/asi-son-los-zapatos-de-otono-que-combinan-con-todo-10.jpg\"><\/noscript> <\/div><\/div>\n<\/div>\n<p>Bailarina de charol negro de triple hebilla de<strong> Carel.<\/strong> Su precio es de <a href=\"https:\/\/www.carel.fr\/fr\/babies\/1-10-babies-cuir-verni-noir.html#\/pointure-385\">395 euros.<\/a><\/p>\n<p><!-- BREAK 12 --><\/p>\n<p>Fotos | Imaxtree, Nodaleto, Pretty Ballerinas, Carel, Augusta<\/p>\n","protected":false},"excerpt":{"rendered":"<p>Comienza la cuenta atr\u00e1s para el oto\u00f1o, y aunque todav\u00eda nos quedan d\u00edas de verano, cada vez se nota que las temperaturas son m\u00e1s frescas. Para estos d\u00edas de entretiempo es complicado acertar con el calzado porque con la sandalia podemos tener fr\u00edo y con el bot\u00edn calor. Una alternativa muy acertada para los estilismos [&hellip;]<\/p>\n","protected":false},"author":1,"featured_media":48128,"comment_status":"closed","ping_status":"closed","sticky":false,"template":"","format":"standard","meta":[],"categories":[1],"tags":[],"_links":{"self":[{"href":"http:\/\/hoycordobaweb.com\/index.php\/wp-json\/wp\/v2\/posts\/48127"}],"collection":[{"href":"http:\/\/hoycordobaweb.com\/index.php\/wp-json\/wp\/v2\/posts"}],"about":[{"href":"http:\/\/hoycordobaweb.com\/index.php\/wp-json\/wp\/v2\/types\/post"}],"author":[{"embeddable":true,"href":"http:\/\/hoycordobaweb.com\/index.php\/wp-json\/wp\/v2\/users\/1"}],"replies":[{"embeddable":true,"href":"http:\/\/hoycordobaweb.com\/index.php\/wp-json\/wp\/v2\/comments?post=48127"}],"version-history":[{"count":0,"href":"http:\/\/hoycordobaweb.com\/index.php\/wp-json\/wp\/v2\/posts\/48127\/revisions"}],"wp:featuredmedia":[{"embeddable":true,"href":"http:\/\/hoycordobaweb.com\/index.php\/wp-json\/wp\/v2\/media\/48128"}],"wp:attachment":[{"href":"http:\/\/hoycordobaweb.com\/index.php\/wp-json\/wp\/v2\/media?parent=48127"}],"wp:term":[{"taxonomy":"category","embeddable":true,"href":"http:\/\/hoycordobaweb.com\/index.php\/wp-json\/wp\/v2\/categories?post=48127"},{"taxonomy":"post_tag","embeddable":true,"href":"http:\/\/hoycordobaweb.com\/index.php\/wp-json\/wp\/v2\/tags?post=48127"}],"curies":[{"name":"wp","href":"https:\/\/api.w.org\/{rel}","templated":true}]}}