{"id":48105,"date":"2022-09-08T22:49:43","date_gmt":"2022-09-08T22:49:43","guid":{"rendered":"https:\/\/www.ole.com.ar\/futbol-primera\/central-visita-argentinos-liga_0_8mUzjEcivP.html"},"modified":"2022-09-08T22:49:43","modified_gmt":"2022-09-08T22:49:43","slug":"central-visita-a-un-bicho-que-quiere-prenderse","status":"publish","type":"post","link":"http:\/\/hoycordobaweb.com\/index.php\/2022\/09\/08\/central-visita-a-un-bicho-que-quiere-prenderse\/","title":{"rendered":"Central visita a un Bicho que quiere prenderse"},"content":{"rendered":"<p><img src=\"http:\/\/hoycordobaweb.com\/wp-content\/uploads\/2022\/09\/central-visita-a-un-bicho-que-quiere-prenderse.jpg\"><\/p>\n<p>Como jugadores, fueron compa\u00f1eros en la Selecci\u00f3n Argentina, jugando juntos el Mundial de 2006 y un a\u00f1o m\u00e1s tarde la final de la Copa Am\u00e9rica 2007, entre otras cosas. Y ahora, <strong>siendo entrenadores, ser\u00e1 la primera vez que se enfrenten: el <a alt=\"argentinos-juniors\" class=\"slug\" href=\"https:\/\/www.ole.com.ar\/tema\/argentinos-juniors.html\" target=\"_blank\" title=\"argentinos-juniors\" rel=\"noopener noreferrer\">Argentinos<\/a> de Gabriel Milito recibe en La Paternal al <a alt=\"rosario-central\" class=\"slug\" href=\"https:\/\/www.ole.com.ar\/tema\/rosario-central.html\" target=\"_blank\" title=\"rosario-central\" rel=\"noopener noreferrer\">Central <\/a>de Carlos Tevez.<\/strong> Un duelo de realidades diferentes, porque en la LPF, el Bicho va octavo con 27 unidades, a seis de los punteros Atl\u00e9tico Tucum\u00e1n y Gimnasia, mientras que el Canalla, con 22, va 17\u00b0. Pero no por eso deja de ser un duelo en el que ninguno se puede descuidar.<\/p>\n<div class=\"sp__Normal\">\n<div class=\"image-embeb image-trigger\" readability=\"6\">\n<picture><source media=\"(min-width: 720px)\" srcset=\"http:\/\/hoycordobaweb.com\/wp-content\/uploads\/2022\/09\/central-visita-a-un-bicho-que-quiere-prenderse-2.jpg\"><img itemprop=\"image\" src=\"http:\/\/hoycordobaweb.com\/wp-content\/uploads\/2022\/09\/central-visita-a-un-bicho-que-quiere-prenderse-2.jpg\" loading=\"lazy\" alt=\"Carlos Tevez en el partido ante Banfield.\">\n<\/picture><figcaption readability=\"2\">\n<p>Carlos Tevez en el partido ante Banfield.\n<\/p>\n<\/figcaption><\/div>\n<\/div>\n<p> Por el lado del Bicho, en la semana Miguel Torr\u00e9n estuvo haci\u00e9ndose estudios por una molestia y ayer se confirm\u00f3 que sufri\u00f3 un desgarro vasto interno en el muslo derecho. Al capit\u00e1n lo reemplazar\u00e1 Marco Di Cesare, el pibe de 20 a\u00f1os surgido de la cantera.<\/p>\n<div class=\"sp__Normal\">\n<div class=\"image-embeb image-trigger\" readability=\"6\">\n<picture><source media=\"(min-width: 720px)\" srcset=\"http:\/\/hoycordobaweb.com\/wp-content\/uploads\/2022\/09\/central-visita-a-un-bicho-que-quiere-prenderse-3.jpg\"><img itemprop=\"image\" src=\"http:\/\/hoycordobaweb.com\/wp-content\/uploads\/2022\/09\/central-visita-a-un-bicho-que-quiere-prenderse-3.jpg\" loading=\"lazy\" alt=\"Gabriel Milito. prensa Argentinos Juniors\">\n<\/picture><figcaption readability=\"2\">\n<p>Gabriel Milito. prensa Argentinos Juniors\n<\/p>\n<\/figcaption><\/div>\n<\/div>\n<p>Mientras que el Apache har\u00eda una modificaci\u00f3n importante en el 11: <strong>todo indica que Jorge Broun volver\u00e1 al arco del Canalla tras casi 10 meses de ausencia en lugar de Gaspar Servio.<\/strong>&nbsp;Fatura jug\u00f3 su \u00faltimo partido el 25 de noviembre del a\u00f1o pasado, en la victoria por 4 a 1&nbsp;sobre Col\u00f3n, en Santa Fe, y luego pas\u00f3 por quir\u00f3fano debido a la&nbsp;rotura del ligamento cruzado anterior de la rodilla derecha.<\/p>\n<div class=\"sp__Normal\">\n<div class=\"image-embeb image-trigger\" readability=\"6.5\">\n<picture><source media=\"(min-width: 720px)\" srcset=\"http:\/\/hoycordobaweb.com\/wp-content\/uploads\/2022\/09\/central-visita-a-un-bicho-que-quiere-prenderse-4.jpg\"><img itemprop=\"image\" src=\"http:\/\/hoycordobaweb.com\/wp-content\/uploads\/2022\/09\/central-visita-a-un-bicho-que-quiere-prenderse-4.jpg\" loading=\"lazy\" alt=\"Jorge Broun, en Central. REUTERS\/Alexandre Schneider\">\n<\/picture><figcaption readability=\"3\">\n<p>Jorge Broun, en Central. REUTERS\/Alexandre Schneider\n<\/p>\n<\/figcaption><\/div>\n<\/div>\n<h2><strong>Probables formaciones<\/strong><\/h2>\n<p><mark>Argentinos:<\/mark> Federico Lanzillota; Kevin Mac Allister, Miguel Torr\u00e9n, Lucas Villalba y Leonel Gonz\u00e1lez; Javier Cabrera, Franco Moyano y Luciano S\u00e1nchez; Alan Rodr\u00edguez; Gabriel \u00c1valos y Nicol\u00e1s Reniero. DT: Gabriel Milito.<\/p>\n<p> <mark>Rosario Central:<\/mark> Jorge Broun; Facundo Almada, Javier B\u00e1ez, Juan Gabriel Rodr\u00edguez, Lautaro Blanco; Alan Marinelli, Kevin Ortiz, Francis Mac Allister, Ignacio Malcorra; Facundo Buonanotte y Alejo Veliz. DT: Carlos Tevez<\/p>\n<p><opta-widget sport=\"football\" widget=\"timeline\" competition=\"724\" season=\"2022\" match=\"2287378\" template=\"normal\" live=\"true\" orientation=\"horizontal\" vertical_timebar_height=\"260\" show_match_header=\"true\" show_score=\"true\" show_crests=\"true\" show_assists=\"all\" show_team_formation=\"true\" show_clock=\"true\" show_period_dividers=\"true\" show_halftime_score=\"false\" show_date=\"true\" date_format=\"dddd D MMMM YYYY\" show_attendance=\"true\" show_images=\"true\" show_referee=\"true\" show_venue=\"true\" show_cards=\"all\" show_goals=\"true\" show_penalties_missed=\"true\" show_subs=\"false\" show_goals_combined=\"false\" show_shootouts=\"false\" show_competition_name=\"true\" competition_naming=\"full\" team_naming=\"full\" player_naming=\"full\" show_live=\"true\" show_logo=\"false\" show_title=\"true\" breakpoints=\"400, 700\"><\/opta-widget><opta-widget sport=\"football\" widget=\"matchstats\" competition=\"724\" season=\"2022\" match=\"2287378\" template=\"lineups\" live=\"true\" side=\"both\" column_count=\"1\" side_by_side=\"true\" show_match_header=\"true\" show_score=\"true\" show_halftime_score=\"false\" show_crests=\"false\" show_team_formation=\"true\" show_competition_name=\"true\" show_date=\"false\" date_format=\"dddd D MMMM YYYY\" order_by=\"position\" group_by_position=\"false\" show_position=\"true\" show_images=\"false\" show_key=\"false\" show_starters=\"true\" show_goalkeepers=\"true\" show_defenders=\"true\" show_midfielders=\"true\" show_forwards=\"true\" show_subs=\"true\" show_unused_subs=\"false\" show_managers=\"true\" show_captain=\"false\" show_match_events=\"true\" competition_naming=\"full\" team_naming=\"full\" player_naming=\"full\" show_live=\"false\" show_logo=\"false\" show_title=\"true\" breakpoints=\"400, 700\"><\/opta-widget><opta-widget widget=\"commentary\" competition=\"724\" season=\"2022\" match=\"2287378\" template=\"normal\" live=\"true\" data_type=\"auto\" order_by=\"time_descending\" show_event_icons=\"true\" show_minor_events=\"true\" fixed_height_comments=\"300\" show_live=\"true\" show_logo=\"false\" show_title=\"true\" breakpoints=\"400\" sport=\"football\"><\/opta-widget><opta-widget sport=\"football\" widget=\"heatmap\" competition=\"724\" season=\"2022\" match=\"2287378\" preselected_player template=\"normal\" live=\"true\" show_maps=\"all\" orientation=\"horizontal\" side=\"both\" dimension=\"2D\" one_direction=\"false\" show_match_header=\"true\" show_score=\"true\" show_halftime_score=\"false\" show_crests=\"false\" show_team_formation=\"true\" show_competition_name=\"true\" show_date=\"true\" date_format=\"dddd D MMMM YYYY\" show_team_sheets=\"true\" show_subs=\"true\" show_position=\"true\" show_timecontrols=\"true\" show_timecontrols_buttons=\"true\" show_timecontrols_bar=\"true\" show_tooltips=\"false\" competition_naming=\"full\" team_naming=\"full\" player_naming=\"full\" show_logo=\"false\" show_title=\"true\" breakpoints=\"400, 700\"><\/opta-widget><opta-widget widget=\"standings\" competition=\"724\" season=\"2022\" template=\"normal\" live=\"true\" default_nav=\"1\" side=\"combined\" data_detail=\"default\" show_key=\"true\" show_crests=\"true\" points_in_first_column=\"true\" lose_before_draw=\"false\" competition_naming=\"full\" team_naming=\"full\" date_format=\"dddd D MMMM YYYY\" sorting=\"false\" show_live=\"false\" show_relegation_average=\"true\" show_logo=\"true\" show_title=\"true\" breakpoints=\"382\" sport=\"football\"><\/opta-widget> <\/p>\n<div class=\"entry-tags\">\n<h2>TEMAS QUE APARECEN EN ESTA NOTA<\/h2>\n<\/p><\/div>\n","protected":false},"excerpt":{"rendered":"<p>Como jugadores, fueron compa\u00f1eros en la Selecci\u00f3n Argentina, jugando juntos el Mundial de 2006 y un a\u00f1o m\u00e1s tarde la final de la Copa Am\u00e9rica 2007, entre otras cosas. Y ahora, siendo entrenadores, ser\u00e1 la primera vez que se enfrenten: el Argentinos de Gabriel Milito recibe en La Paternal al Central de Carlos Tevez. Un [&hellip;]<\/p>\n","protected":false},"author":1,"featured_media":48106,"comment_status":"open","ping_status":"closed","sticky":false,"template":"","format":"standard","meta":[],"categories":[16],"tags":[],"_links":{"self":[{"href":"http:\/\/hoycordobaweb.com\/index.php\/wp-json\/wp\/v2\/posts\/48105"}],"collection":[{"href":"http:\/\/hoycordobaweb.com\/index.php\/wp-json\/wp\/v2\/posts"}],"about":[{"href":"http:\/\/hoycordobaweb.com\/index.php\/wp-json\/wp\/v2\/types\/post"}],"author":[{"embeddable":true,"href":"http:\/\/hoycordobaweb.com\/index.php\/wp-json\/wp\/v2\/users\/1"}],"replies":[{"embeddable":true,"href":"http:\/\/hoycordobaweb.com\/index.php\/wp-json\/wp\/v2\/comments?post=48105"}],"version-history":[{"count":0,"href":"http:\/\/hoycordobaweb.com\/index.php\/wp-json\/wp\/v2\/posts\/48105\/revisions"}],"wp:featuredmedia":[{"embeddable":true,"href":"http:\/\/hoycordobaweb.com\/index.php\/wp-json\/wp\/v2\/media\/48106"}],"wp:attachment":[{"href":"http:\/\/hoycordobaweb.com\/index.php\/wp-json\/wp\/v2\/media?parent=48105"}],"wp:term":[{"taxonomy":"category","embeddable":true,"href":"http:\/\/hoycordobaweb.com\/index.php\/wp-json\/wp\/v2\/categories?post=48105"},{"taxonomy":"post_tag","embeddable":true,"href":"http:\/\/hoycordobaweb.com\/index.php\/wp-json\/wp\/v2\/tags?post=48105"}],"curies":[{"name":"wp","href":"https:\/\/api.w.org\/{rel}","templated":true}]}}