{"id":48037,"date":"2022-09-06T12:30:00","date_gmt":"2022-09-06T12:30:00","guid":{"rendered":"https:\/\/fm-comunicar.com.ar\/contenido\/19572\/comenzo-la-postulacion-de-candidatos-para-los-premios-pio-leon-2022"},"modified":"2022-09-06T12:30:00","modified_gmt":"2022-09-06T12:30:00","slug":"comenzo-la-postulacion-de-candidatos-para-los-premios-pio-leon","status":"publish","type":"post","link":"http:\/\/hoycordobaweb.com\/index.php\/2022\/09\/06\/comenzo-la-postulacion-de-candidatos-para-los-premios-pio-leon\/","title":{"rendered":"Comenz\u00f3 la postulaci\u00f3n de candidatos para los Premios P\u00edo Le\u00f3n"},"content":{"rendered":"<p>Se abri\u00f3 la votaci\u00f3n online para que vecinos y vecinas propongan personas o instituciones que merezcan ser reconocidos en el nuevo aniversario de la ciudad. Los galardonados se dar\u00e1n a conocer el 28 de septiembre.<img src=\"http:\/\/hoycordobaweb.com\/wp-content\/uploads\/2022\/09\/comenzo-la-postulacion-de-candidatos-para-los-premios-pio-leon.jpg\"><\/p>\n","protected":false},"excerpt":{"rendered":"<p>Se abri\u00f3 la votaci\u00f3n online para que vecinos y vecinas propongan personas o instituciones que merezcan ser reconocidos en el nuevo aniversario de la ciudad. Los galardonados se dar\u00e1n a conocer el 28 de septiembre.<\/p>\n","protected":false},"author":1,"featured_media":48038,"comment_status":"closed","ping_status":"closed","sticky":false,"template":"","format":"standard","meta":[],"categories":[18],"tags":[],"_links":{"self":[{"href":"http:\/\/hoycordobaweb.com\/index.php\/wp-json\/wp\/v2\/posts\/48037"}],"collection":[{"href":"http:\/\/hoycordobaweb.com\/index.php\/wp-json\/wp\/v2\/posts"}],"about":[{"href":"http:\/\/hoycordobaweb.com\/index.php\/wp-json\/wp\/v2\/types\/post"}],"author":[{"embeddable":true,"href":"http:\/\/hoycordobaweb.com\/index.php\/wp-json\/wp\/v2\/users\/1"}],"replies":[{"embeddable":true,"href":"http:\/\/hoycordobaweb.com\/index.php\/wp-json\/wp\/v2\/comments?post=48037"}],"version-history":[{"count":0,"href":"http:\/\/hoycordobaweb.com\/index.php\/wp-json\/wp\/v2\/posts\/48037\/revisions"}],"wp:featuredmedia":[{"embeddable":true,"href":"http:\/\/hoycordobaweb.com\/index.php\/wp-json\/wp\/v2\/media\/48038"}],"wp:attachment":[{"href":"http:\/\/hoycordobaweb.com\/index.php\/wp-json\/wp\/v2\/media?parent=48037"}],"wp:term":[{"taxonomy":"category","embeddable":true,"href":"http:\/\/hoycordobaweb.com\/index.php\/wp-json\/wp\/v2\/categories?post=48037"},{"taxonomy":"post_tag","embeddable":true,"href":"http:\/\/hoycordobaweb.com\/index.php\/wp-json\/wp\/v2\/tags?post=48037"}],"curies":[{"name":"wp","href":"https:\/\/api.w.org\/{rel}","templated":true}]}}