{"id":48000,"date":"2022-09-06T12:07:48","date_gmt":"2022-09-06T12:07:48","guid":{"rendered":"https:\/\/manoamanocba.com.ar\/?p=5704"},"modified":"2022-09-06T12:07:48","modified_gmt":"2022-09-06T12:07:48","slug":"septiembre-en-el-teatro-real-conoce-la-grilla-de-espectaculos-y-ciclos","status":"publish","type":"post","link":"http:\/\/hoycordobaweb.com\/index.php\/2022\/09\/06\/septiembre-en-el-teatro-real-conoce-la-grilla-de-espectaculos-y-ciclos\/","title":{"rendered":"Septiembre en el Teatro Real: conoc\u00e9 la grilla de espect\u00e1culos y ciclos"},"content":{"rendered":"<div><img src=\"http:\/\/hoycordobaweb.com\/wp-content\/uploads\/2022\/09\/septiembre-en-el-teatro-real-conoce-la-grilla-de-espectaculos-y-ciclos.jpg\" class=\"ff-og-image-inserted\"><\/div>\n<p>Septiembre ya est\u00e1 en marcha y el Teatro Real trae actividades para todos los gustos. M\u00fasica y teatro para disfrutar en el mes de la primavera, tanto en el espacio de San Jer\u00f3nimo 66 como en el Buen Pastor (Av. Hip\u00f3lito Yrigoyen 325) y el Centro Cultural C\u00f3rdoba (Av. Poeta Leopoldo Lugones 401).<\/p>\n<p>Entre las propuestas musicales se encuentra&nbsp;<strong>Frankenstein, el musical;<\/strong>&nbsp;<strong>Woody Allen Night;<\/strong>&nbsp;<strong>5 Sentidos;<\/strong>&nbsp;y&nbsp;<strong>Canto a Angelelli<\/strong>. Adem\u00e1s, desde Buenos Aires, desembarca en la sala Carlos Gim\u00e9nez Dani La Chepi, con su espect\u00e1culo&nbsp;<strong>Solo vos<\/strong>.<\/p>\n<p>Los elencos estables tambi\u00e9n estar\u00e1n presente en la programaci\u00f3n de septiembre con el estreno de&nbsp;<strong>Poseid\u00f3n y la Mar Chiquita<\/strong>, del Teatro Estable de T\u00edteres; y continuar\u00e1n en cartelera&nbsp;<strong>Phillia<\/strong>&nbsp;y&nbsp;<strong>La Catrina<\/strong>. La Comedia Cordobesa por su parte, subir\u00e1 a escena en Laguna Larga con&nbsp;<strong>Malvinas, 74 d\u00edas\/1982<\/strong>.<\/p>\n<p>A continuaci\u00f3n, la agenda completa de actividades que la Agencia C\u00f3rdoba Cultura presenta a trav\u00e9s del Teatro Real a lo largo de septiembre.<\/p>\n<h4><span class=\"has-inline-color has-black-color\">\u201cFrankenstein, el musical\u201d<\/span><\/h4>\n<p>Obra pionera en el g\u00e9nero en nuestra ciudad, regresa al escenario del Teatro Real para celebrar los 20 a\u00f1os desde su estreno. Con una renovada e impactante puesta y 40 artistas cordobeses en escena.<\/p>\n<p><strong>Duraci\u00f3n:&nbsp;<\/strong>150 minutos \/&nbsp;<strong>Edad recomendada<\/strong>: mayores de 12 a\u00f1os \/&nbsp;<strong>Entradas numeradas<\/strong>: $3.300. Disponibles en&nbsp;<a href=\"https:\/\/ventas.autoentrada.com\/\" target=\"_blank\" rel=\"noreferrer noopener\">autoentrada.com<\/a>&nbsp;y en boleter\u00eda del teatro&nbsp;\/ Sala Carlos Gim\u00e9nez.<\/p>\n<ul>\n<li><em>Viernes 16 a las 21<\/em><\/li>\n<\/ul>\n<h4><span class=\"has-inline-color has-black-color\">\u201cWoody Allen Night\u201d, por Paris Jazz Club<\/span><\/h4>\n<p>En el espect\u00e1culo se interpretar\u00e1n canciones que Woody Allen escogi\u00f3 para sus pel\u00edculas, reviviendo la atm\u00f3sfera y sonoridad tan caracter\u00edsticas de pel\u00edculas como Midnight in Paris, Sweet and Lowdown, Blue Jasmine y Manhattan entre otras. Jazz caracter\u00edstico de New Orleans, New York y Par\u00eds al mejor estilo de Sidney Bechet, Glenn Miller, Cole Porter, Gershwin y dem\u00e1s \u00edconos de la \u00e9poca. La m\u00fasica en vivo es acompa\u00f1ada por proyecciones de escenas de las pel\u00edculas. El show cuenta tambi\u00e9n con intervenciones humor\u00edsticas, mon\u00f3logos y stand up.<\/p>\n<p><strong>Duraci\u00f3n:<\/strong>&nbsp;80 minutos \/&nbsp;<strong>Edad recomendada:<\/strong>&nbsp;todo p\u00fablico \/&nbsp;<strong>Entradas:<\/strong>&nbsp;Platea y sillas: $2.500, Primer nivel: $2.200, Segundo nivel: $1.900, Tercer nivel: $1.600. Disponibles en&nbsp;<a href=\"https:\/\/ventas.autoentrada.com\/\" target=\"_blank\" rel=\"noreferrer noopener\">autoentrada.com<\/a>&nbsp;y en boleter\u00eda del teatro \/ Sala Carlos Gim\u00e9nez<\/p>\n<ul>\n<li><em>Martes 13 a las 20<\/em><\/li>\n<\/ul>\n<h4><span class=\"has-inline-color has-black-color\">\u201cMalvinas, 74 d\u00edas \/ 1982\u201d<\/span><\/h4>\n<p><strong>Comedia Cordobesa en el Centro Cultural de Laguna Larga.<\/strong><\/p>\n<p>La obra se inspira libremente en sucesos ocurridos durante la Guerra de Malvinas y en las \u00e9picas de sus protagonistas, ex combatientes de Argentina e Inglaterra que han compartido sus visiones en sitios virtuales que funcionan como un archivo vivo.<\/p>\n<p><strong>Edad recomendada:<\/strong>&nbsp;mayores de 12 a\u00f1os \/&nbsp;<strong>Duraci\u00f3n<\/strong>: 55 minutos \/ En el Centro Cultural de Laguna Larga.<\/p>\n<ul>\n<li><em>S\u00e1bado 17 a las 21<\/em><\/li>\n<\/ul>\n<h4><span class=\"has-inline-color has-black-color\">\u201cSolo vos\u201d, de Dani la Chepi<\/span><\/h4>\n<p>\u00abUn cautivador y estimulante espect\u00e1culo musical en el que Dani La Chepi recorre junto al p\u00fablico las delirantes e hilarantes vivencias y reflexiones que le provoc\u00f3 el aislamiento\u00bb, adelanta la sinopsis oficial.<\/p>\n<p><strong>Duraci\u00f3n<\/strong>: 90 minutos \/&nbsp;<strong>Edad recomendada:<\/strong>&nbsp;todo p\u00fablico \/&nbsp;<strong>Entradas:&nbsp;<\/strong>Platea y sillas $3.400, 1\u00b0 Nivel $3.000, 2\u00b0 Nivel $2.800, 3\u00b0 Nivel $2.600. Disponibles en&nbsp;<a href=\"https:\/\/ventas.autoentrada.com\/\" target=\"_blank\" rel=\"noreferrer noopener\">autoentrada.com<\/a>&nbsp;y en boleter\u00eda del teatro \/ Sala Carlos Gim\u00e9nez<\/p>\n<ul>\n<li><em>Domingo 18 y 25 a las 17<\/em><\/li>\n<\/ul>\n<h4><span class=\"has-inline-color has-black-color\">\u201cPoseid\u00f3n y la Mar Chiquita\u201d, Teatro Estable de T\u00edteres<\/span><\/h4>\n<p>\u201cNavegando en altamar, el valiente Capit\u00e1n Beta naufraga tras una tormenta y aparece en las aguas de la Mar Chiquita. Poseid\u00f3n, el dios de todos los mares, acudir\u00e1 en su ayuda. El hundimiento de un barco puede ser el comienzo de nuevas y extra\u00f1as aventuras. Una historia en la que no faltar\u00e1n flamencos, zorros, sapos, lenguados, ara\u00f1as, alguna que otra serpiente, y por supuesto\u2026 mosquitos, muchos mosquitos, \u2018una banda\u2019 de mosquitos\u201d, adelanta la sinopsis oficial.<\/p>\n<p><strong>Duraci\u00f3n:&nbsp;<\/strong>50 minutos \/&nbsp;<strong>Edad recomendada<\/strong>: mayores de 6 a\u00f1os \/&nbsp;<strong>Entradas<\/strong>: Disponibles en&nbsp;<a href=\"https:\/\/ventas.autoentrada.com\/\" target=\"_blank\" rel=\"noreferrer noopener\">autoentrada.com<\/a>&nbsp;y en boleter\u00eda del teatro \/ Sala Carlos Gim\u00e9nez<\/p>\n<ul>\n<li><em>Mi\u00e9rcoles 21 a las 20:30<\/em><\/li>\n<\/ul>\n<h4><span class=\"has-inline-color has-black-color\">\u201c25 a\u00f1os\u201d, por 5 Sentidos<\/span><\/h4>\n<p>5 Sentidos festeja los 25 a\u00f1os con la m\u00fasica, el conjunto folcl\u00f3rico cordob\u00e9s recorrer\u00e1 sus 8 discos y contar\u00e1 con la presencia de invitados especiales, a su vez se grabar\u00e1 disco y video en vivo.<\/p>\n<p><strong>Duraci\u00f3n:<\/strong>&nbsp;150 minutos \/&nbsp;<strong>Edad recomendada:<\/strong>&nbsp;todo p\u00fablico \/&nbsp;<strong>Entradas<\/strong>: $1500. Disponibles en&nbsp;<a href=\"https:\/\/ventas.autoentrada.com\/\" target=\"_blank\" rel=\"noreferrer noopener\">autoentrada.com<\/a>&nbsp;y en boleter\u00eda del teatro \/ Sala Carlos Gim\u00e9nez<\/p>\n<ul>\n<li><em>S\u00e1bado 24 a las 21<\/em><\/li>\n<\/ul>\n<h4><span class=\"has-inline-color has-black-color\">\u201cCanto a Angelelli\u201d<\/span><\/h4>\n<p>\u201cEl 4 de agosto de 1976 Monse\u00f1or Enrique Angelelli era asesinado a manos de militares del tercer cuerpo del Ej\u00e9rcito, que fraguaron su muerte como un accidente automovil\u00edstico. Al conmemorarse 46 a\u00f1os de su desaparici\u00f3n f\u00edsica, damos a conocer el pr\u00f3ximo estreno de Canto a Angelelli, cantata compuesta por Luis P\u00e9rez. Se trata de una suite de Aires Argentinos sobre el poema&nbsp;<strong>Oraci\u00f3n a mi sacerdocio<\/strong>&nbsp;de Enrique Angelelli y textos de la Misa Cat\u00f3lica\u201d, adelanta la sinopsis oficial.<\/p>\n<p><strong>Duraci\u00f3n:<\/strong>&nbsp;60 minutos \/&nbsp;<strong>Edad recomendada:<\/strong>&nbsp;todo p\u00fablico \/&nbsp;<strong>Entradas:&nbsp;<\/strong>Platea $1.500, 1\u00b0 nivel $1.200, 2\u00b0 nivel 1.000, 3\u00b0 nivel $800. Disponibles en&nbsp;<a href=\"https:\/\/ventas.autoentrada.com\/\" target=\"_blank\" rel=\"noreferrer noopener\">autoentrada.com<\/a>&nbsp;y en boleter\u00eda del teatro \/ Sala Carlos Gim\u00e9nez<\/p>\n<ul>\n<li><em>S\u00e1bados 17 y 24 a las 17<\/em><\/li>\n<\/ul>\n<p><strong>Ciclo \u201cEl Real en el Centro Cultural C\u00f3rdoba\u201d.&nbsp;<\/strong><\/p>\n<h4><span class=\"has-inline-color has-black-color\">\u201cPhilia\u201d, del Teatro Estable de T\u00edteres<\/span><\/h4>\n<p>\u201cPhilia es una ni\u00f1a que juega y lleva a sus aventuras de sue\u00f1o y deseo por los caminos de la experimentaci\u00f3n, la observaci\u00f3n, la imaginaci\u00f3n, lo asertivo y lo que no lo es; pudiendo probar si volar es humano o s\u00f3lo pertenece al mundo de los insectos, de los p\u00e1jaros o de alg\u00fan diente de le\u00f3n que danza al son del viento\u201d, adelanta la sinopsis oficial.<\/p>\n<p><strong>Duraci\u00f3n:<\/strong>&nbsp;45 minutos \/&nbsp;<strong>Edad recomendada<\/strong>: + 5 a\u00f1os \/&nbsp;<strong>Entradas:<\/strong>&nbsp;$500. Disponibles en&nbsp;<a href=\"https:\/\/ventas.autoentrada.com\/\" target=\"_blank\" rel=\"noreferrer noopener\">autoentrada.com<\/a>&nbsp;y en boleter\u00eda del teatro \/ Auditorio del Centro Cultural C\u00f3rdoba<\/p>\n<ul>\n<li><em>Viernes 2 y 9 a las 20<\/em><\/li>\n<\/ul>\n<p><strong>Ciclo \u201cEl Real en el Buen Pastor\u201d&nbsp;<\/strong><\/p>\n<h4><span class=\"has-inline-color has-black-color\">\u201cLa Catrina\u201d, por la Comedia Cordobesa y el Teatro Estable de T\u00edteres<\/span><\/h4>\n<p>\u201cLa Catrina, representaci\u00f3n de la muerte por el pueblo Mejicano, es el nombre que le pusimos a nuestra obra de t\u00edteres para adultos. Con un agregado: La muerte viva o recuerdos de Do\u00f1a Francisca. Do\u00f1a Francisca nos relatar\u00e1 sus recuerdos, de infancia, adolescencia y ya adulta. En sus recuerdos la muerte tiene su presencia, ya que la busca y no la encuentra. La muerte pone en evidencia la importancia de la vida, por eso una muerte viva como dice el Sabalero (cantante uruguayo), jam\u00e1s una muerte mansa\u201d, adelanta la sinopsis oficial.<\/p>\n<p><strong>Duraci\u00f3n:&nbsp;<\/strong>50 minutos \/&nbsp;<strong>Edad recomendada:<\/strong>&nbsp;mayores 16 de a\u00f1os \/&nbsp;<strong>Entradas:<\/strong>&nbsp;$500. Disponibles en&nbsp;<a href=\"https:\/\/ventas.autoentrada.com\/\" target=\"_blank\" rel=\"noreferrer noopener\">autoentrada.com<\/a>&nbsp;y en boleter\u00eda del teatro \/ Capilla del Buen Pastor<\/p>\n<ul>\n<li><em>S\u00e1bados 3 y 10 a las 17<\/em><\/li>\n<\/ul>\n<h4><span class=\"has-inline-color has-black-color\">\u201cIl Sole Blu\u201d, por la Comedia Infanto Juvenil<\/span><\/h4>\n<p>\u201cDos personajes m\u00fasicos, definidos por la necesidad de existir e interpretar piezas musicales, m\u00e1gicamente aparecen en un mundo de partituras. Descubren que el lugar est\u00e1 repleto de instrumentos musicales. All\u00ed se aventurar\u00e1n e intentar\u00e1n dar lectura y ejecuci\u00f3n a una particular y descomunal sinfon\u00eda. En est\u00e9tica de clown, con pases de humor, haciendo f\u00e1cil lo dif\u00edcil y muy dif\u00edcil lo f\u00e1cil, estos personajes nos llevar\u00e1n a navegar por el mundo m\u00e1gico de la m\u00fasica y sus encantos\u201d, adelanta la sinopsis oficial.<\/p>\n<p><strong>Duraci\u00f3n:<\/strong>&nbsp;50 minutos \/&nbsp;<strong>Edad:<\/strong>&nbsp;a partir de los 3 a\u00f1os \/&nbsp;<strong>Entradas:<\/strong>&nbsp;$500. Disponibles en<a href=\"https:\/\/ventas.autoentrada.com\/\" target=\"_blank\" rel=\"noreferrer noopener\">&nbsp;autoentrada.com<\/a>&nbsp;y en boleter\u00eda del teatro \/ Capilla del Buen Pastor<\/p>\n","protected":false},"excerpt":{"rendered":"<p>Septiembre ya est\u00e1 en marcha y el Teatro Real trae actividades para todos los gustos. M\u00fasica y teatro para disfrutar en el mes de la primavera, tanto en el espacio de San Jer\u00f3nimo 66 como en el Buen Pastor (Av. Hip\u00f3lito Yrigoyen 325) y el Centro Cultural C\u00f3rdoba (Av. Poeta Leopoldo Lugones 401). Entre las [&hellip;]<\/p>\n","protected":false},"author":1,"featured_media":48001,"comment_status":"closed","ping_status":"closed","sticky":false,"template":"","format":"standard","meta":[],"categories":[19],"tags":[],"_links":{"self":[{"href":"http:\/\/hoycordobaweb.com\/index.php\/wp-json\/wp\/v2\/posts\/48000"}],"collection":[{"href":"http:\/\/hoycordobaweb.com\/index.php\/wp-json\/wp\/v2\/posts"}],"about":[{"href":"http:\/\/hoycordobaweb.com\/index.php\/wp-json\/wp\/v2\/types\/post"}],"author":[{"embeddable":true,"href":"http:\/\/hoycordobaweb.com\/index.php\/wp-json\/wp\/v2\/users\/1"}],"replies":[{"embeddable":true,"href":"http:\/\/hoycordobaweb.com\/index.php\/wp-json\/wp\/v2\/comments?post=48000"}],"version-history":[{"count":0,"href":"http:\/\/hoycordobaweb.com\/index.php\/wp-json\/wp\/v2\/posts\/48000\/revisions"}],"wp:featuredmedia":[{"embeddable":true,"href":"http:\/\/hoycordobaweb.com\/index.php\/wp-json\/wp\/v2\/media\/48001"}],"wp:attachment":[{"href":"http:\/\/hoycordobaweb.com\/index.php\/wp-json\/wp\/v2\/media?parent=48000"}],"wp:term":[{"taxonomy":"category","embeddable":true,"href":"http:\/\/hoycordobaweb.com\/index.php\/wp-json\/wp\/v2\/categories?post=48000"},{"taxonomy":"post_tag","embeddable":true,"href":"http:\/\/hoycordobaweb.com\/index.php\/wp-json\/wp\/v2\/tags?post=48000"}],"curies":[{"name":"wp","href":"https:\/\/api.w.org\/{rel}","templated":true}]}}