{"id":47956,"date":"2022-09-05T22:30:09","date_gmt":"2022-09-05T22:30:09","guid":{"rendered":"https:\/\/www.ole.com.ar\/racing\/liga-profesional_0_6V3MNARWOa.html"},"modified":"2022-09-05T22:30:09","modified_gmt":"2022-09-05T22:30:09","slug":"gago-dos-buenas-y-una-mala","status":"publish","type":"post","link":"http:\/\/hoycordobaweb.com\/index.php\/2022\/09\/05\/gago-dos-buenas-y-una-mala\/","title":{"rendered":"Gago: dos buenas y una mala"},"content":{"rendered":"<p><img src=\"http:\/\/hoycordobaweb.com\/wp-content\/uploads\/2022\/09\/gago-dos-buenas-y-una-mala.jpg\"><\/p>\n<p>La victoria ante Argentinos fue tan apretada como necesaria. <mark>Podr\u00eda significar, si Racing se mantiene en la misma sinton\u00eda, el despegue que lo lleve a tener un segundo tramo de la Liga Profesional m\u00e1s regular y, sobre todo, con contundencia para convertir lo que suele generar en ofensiva.<\/mark><\/p>\n<p> Tras la derrota ante San Lorenzo, que lo dej\u00f3 groggy, el plantel hizo un juramento que no podr\u00e1 cumplir: sumar los 15 puntos que se ven\u00edan por delante. Por ahora, sac\u00f3 cuatro de seis y se volvi\u00f3 a acomodar en el lote de los que pelean.<strong> La pr\u00f3xima estaci\u00f3n ser\u00e1 La Plata, ante el complicado Estudiantes. Y de cara al choque de este&nbsp;viernes (a las 20.30) ante el Pincha, Fernando Gago tuvo novedades&#8230;<\/strong><\/p>\n<div class=\"sp__Normal\">\n<div class=\"image-embeb image-trigger\" readability=\"6\">\n<picture><source media=\"(min-width: 720px)\" srcset=\"http:\/\/hoycordobaweb.com\/wp-content\/uploads\/2022\/09\/gago-dos-buenas-y-una-mala-2.jpg\"><img itemprop=\"image\" src=\"http:\/\/hoycordobaweb.com\/wp-content\/uploads\/2022\/09\/gago-dos-buenas-y-una-mala-2.jpg\" loading=\"lazy\" alt=\"Mat\u00edas Rojas est\u00e1 listo.\">\n<\/picture><figcaption readability=\"2\">\n<p>Mat\u00edas Rojas est\u00e1 listo.\n<\/p>\n<\/figcaption><\/div>\n<\/div>\n<p><strong>La parte positiva lleg\u00f3 con el alta definitiva de Mat\u00edas Rojas y Johan Carbonero, quienes ayer realizaron trabajos t\u00e1cticos a la par del grupo<\/strong>. El paraguayo, que se hab\u00eda ganado un lugar como extremo derecho, hab\u00eda sufrido una entesopat\u00eda en el aductor derecho (inflamaci\u00f3n en la inserci\u00f3n del m\u00fasculo con el pubis) ante el Cicl\u00f3n y debi\u00f3 ver desde afuera los choques ante Talleres y Argentinos.<\/p>\n<div class=\"sp__SM\">\n<div class=\"content-new \">\n<span class=\"tit-mobile\">Mir\u00e1 tambi\u00e9n<\/span><\/p>\n<div class=\"mg\">\n<div class=\"wrap-figure\">\n<picture>\n<a href=\"https:\/\/www.ole.com.ar\/futbol-primera\/racing-femenino-rocio-bueno_0_kNKPLNOz7z.html\" target=\"_self\" rel=\"noopener noreferrer\"><br \/>\n<img class=\"img-responsive\" alt=\"Racing y una operaci\u00f3n hist\u00f3rica para el f\u00fatbol femenino en Argentina\" src=\"http:\/\/hoycordobaweb.com\/wp-content\/uploads\/2022\/09\/gago-dos-buenas-y-una-mala-3.jpg\" loading=\"lazy\"><br \/>\n<\/a>\n<\/picture>\n<\/div>\n<\/div><\/div>\n<\/div>\n<p>El colombiano hab\u00eda tenido un desgarro en el cl\u00e1sico ante Boca por la 13\u00b0 fecha. No es menor que Pintita pueda tener a disposici\u00f3n a dos jugadores que suele utilizar por afuera: con la partida de <a data-cke-saved-href=\"https:\/\/www.ole.com.ar\/racing\/racing-quiere-maxi-moralez_0_scN2ZSqCfd.html\" target=\"_blank\" href=\"https:\/\/www.ole.com.ar\/racing\/racing-quiere-maxi-moralez_0_scN2ZSqCfd.html\" rel=\"noopener noreferrer\"><strong>Tom\u00e1s Chancalay al f\u00fatbol de Emiratos \u00c1rabes<\/strong><\/a>, hay poco recambio por las bandas, un sector que Racing suele explotar mucho en ese juego abierto y ancho que propone el t\u00e9cnico.<\/p>\n<div class=\"sp__Normal\">\n<div class=\"image-embeb image-trigger\" readability=\"6\">\n<picture><source media=\"(min-width: 720px)\" srcset=\"http:\/\/hoycordobaweb.com\/wp-content\/uploads\/2022\/09\/gago-dos-buenas-y-una-mala-4.jpg\"><img itemprop=\"image\" src=\"http:\/\/hoycordobaweb.com\/wp-content\/uploads\/2022\/09\/gago-dos-buenas-y-una-mala-4.jpg\" loading=\"lazy\" alt=\"Carbonero se desgarr\u00f3 ante Boca (Foto: ALEJANDRO PAGNI \/ AFP)\">\n<\/picture><figcaption readability=\"2\">\n<p>Carbonero se desgarr\u00f3 ante Boca (Foto: ALEJANDRO PAGNI \/ AFP)\n<\/p>\n<\/figcaption><\/div>\n<\/div>\n<p> De hecho, aunque el entrenador suele ser cauto con los regresos de los jugadores que se recuperan de lesiones, <strong>es probable que mande a Rojas desde el arranque para armar el tridente con Hauche por la izquierda y Copetti por el centro<\/strong>.<\/p>\n<h2>Mal pero no tan mal&#8230;<\/h2>\n<p><mark><strong>La parte negativa es que Gonzalo Piovi sufri\u00f3 un esguince en la rodilla izquierda<\/strong>. Si bien es severo y estar\u00e1 parado al menos durante un mes, los estudios descartaron lesiones en el ligamento, que era lo que m\u00e1s preocupaba al jugador y al cuerpo t\u00e9cnico<\/mark>.<\/p>\n<p>El lateral tuvo que pedir el cambio luego de trabar con Javier Cabrera, donde se le dobl\u00f3 la rodilla. Pas\u00f3 el fin de semana con mucha preocupaci\u00f3n, pero ahora ve la mitad del vaso que est\u00e1 llena. Eugenio Mena, que lo reemplaz\u00f3 ante el Bicho, ocupar\u00e1 ese sector.<\/p>\n<h2>La mente en el Pincha<\/h2>\n<p>Ser\u00e1 una semana corta de trabajo. Y el entrenador deber\u00e1 aprovechar para mejorar el d\u00e9ficit del equipo: la falta de contundencia. <strong>M\u00e1s all\u00e1 de que Gago relativiz\u00f3 el tema y hasta se compar\u00f3 con un gigante de Europa (\u00ab<a data-cke-saved-href=\"https:\/\/www.ole.com.ar\/racing\/gago-racing-argentinos_0_UtQ6g3TVTw.html\" target=\"_blank\" href=\"https:\/\/www.ole.com.ar\/racing\/gago-racing-argentinos_0_UtQ6g3TVTw.html\" rel=\"noopener noreferrer\">El Real Madrid <\/a>gener\u00f3 95 situaciones de gol en tres partidos y convirti\u00f3 siete. Nosotros generamos 50 e hicimos 10&#8243;, dijo), sabe que ante un equipo como Estudiantes no puede fallar.<\/strong><\/p>\n<h2>El equipo<\/h2>\n<p>Habr\u00e1 que ver qu\u00e9 movimientos realiza hoy el t\u00e9cnico en el entrenamiento. <strong>Ya est\u00e1 listo para volver Leonardo Sigali, quien cumpli\u00f3 dos fechas de suspensi\u00f3n por una roja ante San Lorenzo<\/strong>. Seguramente le devolver\u00e1 el puesto (saldr\u00eda Jonathan Galv\u00e1n). <mark>En el medio, <a data-cke-saved-href=\"https:\/\/www.ole.com.ar\/racing\/frente-racing_0_F8rchWVJ9o.html\" target=\"_blank\" href=\"https:\/\/www.ole.com.ar\/racing\/frente-racing_0_F8rchWVJ9o.html\" rel=\"noopener noreferrer\"><strong>Emiliano Vecchio<\/strong><\/a> pide pista a lo loco, mientras que en el ataque volver\u00eda Mat\u00edas Rojas.<\/mark><\/p>\n<div class=\"sp__SM\">\n<div class=\"content-new \">\n<span class=\"tit-mobile\">Mir\u00e1 tambi\u00e9n<\/span><\/p>\n<div class=\"mg\">\n<div class=\"wrap-figure\">\n<picture>\n<a href=\"https:\/\/www.ole.com.ar\/racing\/gago-vecchio-racing-campeon-diferencial-_0_w1KbC5GZVg.html\" target=\"_self\" rel=\"noopener noreferrer\"><br \/>\n<img class=\"img-responsive\" alt=\"La palabra de Gago, el f\u00fatbol de Vecchio\" src=\"http:\/\/hoycordobaweb.com\/wp-content\/uploads\/2022\/09\/gago-dos-buenas-y-una-mala-5.jpg\" loading=\"lazy\"><br \/>\n<\/a>\n<\/picture>\n<\/div>\n<\/div><\/div>\n<\/div>\n<p>De este modo, Racing formar\u00eda con <strong><mark>Gabriel Arias; Facundo Mura, Leonardo Sigali, Emiliano Ins\u00faa, Eugenio Mena; Lolo Miranda, An\u00edbal Moreno, Emiliano Vecchio o Carlos Alcaraz; Mat\u00edas Rojas, Enzo Copetti y Gabriel Hauche.<\/mark><\/strong><\/p>\n<div class=\"entry-tags\">\n<h2>TEMAS QUE APARECEN EN ESTA NOTA<\/h2>\n<\/p><\/div>\n","protected":false},"excerpt":{"rendered":"<p>La victoria ante Argentinos fue tan apretada como necesaria. Podr\u00eda significar, si Racing se mantiene en la misma sinton\u00eda, el despegue que lo lleve a tener un segundo tramo de la Liga Profesional m\u00e1s regular y, sobre todo, con contundencia para convertir lo que suele generar en ofensiva. Tras la derrota ante San Lorenzo, que [&hellip;]<\/p>\n","protected":false},"author":1,"featured_media":47957,"comment_status":"open","ping_status":"closed","sticky":false,"template":"","format":"standard","meta":[],"categories":[16],"tags":[],"_links":{"self":[{"href":"http:\/\/hoycordobaweb.com\/index.php\/wp-json\/wp\/v2\/posts\/47956"}],"collection":[{"href":"http:\/\/hoycordobaweb.com\/index.php\/wp-json\/wp\/v2\/posts"}],"about":[{"href":"http:\/\/hoycordobaweb.com\/index.php\/wp-json\/wp\/v2\/types\/post"}],"author":[{"embeddable":true,"href":"http:\/\/hoycordobaweb.com\/index.php\/wp-json\/wp\/v2\/users\/1"}],"replies":[{"embeddable":true,"href":"http:\/\/hoycordobaweb.com\/index.php\/wp-json\/wp\/v2\/comments?post=47956"}],"version-history":[{"count":0,"href":"http:\/\/hoycordobaweb.com\/index.php\/wp-json\/wp\/v2\/posts\/47956\/revisions"}],"wp:featuredmedia":[{"embeddable":true,"href":"http:\/\/hoycordobaweb.com\/index.php\/wp-json\/wp\/v2\/media\/47957"}],"wp:attachment":[{"href":"http:\/\/hoycordobaweb.com\/index.php\/wp-json\/wp\/v2\/media?parent=47956"}],"wp:term":[{"taxonomy":"category","embeddable":true,"href":"http:\/\/hoycordobaweb.com\/index.php\/wp-json\/wp\/v2\/categories?post=47956"},{"taxonomy":"post_tag","embeddable":true,"href":"http:\/\/hoycordobaweb.com\/index.php\/wp-json\/wp\/v2\/tags?post=47956"}],"curies":[{"name":"wp","href":"https:\/\/api.w.org\/{rel}","templated":true}]}}