{"id":47910,"date":"2022-09-04T14:24:51","date_gmt":"2022-09-04T14:24:51","guid":{"rendered":"https:\/\/www.ole.com.ar\/futbol-internacional\/pity-martinez-pericarditis-nassr-_0_9DBOCriZQb.html"},"modified":"2022-09-04T14:24:51","modified_gmt":"2022-09-04T14:24:51","slug":"pity-martinez-desmintio-el-rumor-sobre-la-rescision-y-prometio-volver-mas-fuerte-que-nunca","status":"publish","type":"post","link":"http:\/\/hoycordobaweb.com\/index.php\/2022\/09\/04\/pity-martinez-desmintio-el-rumor-sobre-la-rescision-y-prometio-volver-mas-fuerte-que-nunca\/","title":{"rendered":"Pity Mart\u00ednez desminti\u00f3 el rumor sobre la rescisi\u00f3n y prometi\u00f3 volver \u00abm\u00e1s fuerte que nunca\u00bb"},"content":{"rendered":"<p><img src=\"http:\/\/hoycordobaweb.com\/wp-content\/uploads\/2022\/09\/pity-martinez-desmintio-el-rumor-sobre-la-rescision-y-prometio-volver-mas-fuerte-que-nunca.jpg\"><\/p>\n<p>Un d\u00eda despu\u00e9s de que se corriera el rumor de que el <a alt=\"al-nassr\" class=\"slug\" href=\"https:\/\/www.ole.com.ar\/tema\/al-nassr.html\" target=\"_blank\" title=\"al-nassr\" rel=\"noopener noreferrer\">Al-Nassr<\/a> de Arabia Saudita manejaba la posiblidad de rescindirle el contrato a <strong><a alt=\"gonzalo-martinez\" class=\"slug\" href=\"https:\/\/www.ole.com.ar\/tema\/gonzalo-martinez.html\" target=\"_blank\" title=\"gonzalo-martinez\" rel=\"noopener noreferrer\">Gonzalo Mart\u00ednez<\/a><\/strong> debido a una seria <strong>afecci\u00f3n card\u00edaca<\/strong>, el futbolista surgido&nbsp;de <a alt=\"huracan\" class=\"slug\" href=\"https:\/\/www.ole.com.ar\/tema\/huracan.html\" target=\"_blank\" title=\"huracan\" rel=\"noopener noreferrer\">Hurac\u00e1n<\/a>, de exitos\u00edsimo paso por&nbsp;<a alt=\"river-plate\" class=\"slug\" href=\"https:\/\/www.ole.com.ar\/tema\/river-plate.html\" target=\"_blank\" title=\"river-plate\" rel=\"noopener noreferrer\">River<\/a>, desminti\u00f3 la informaci\u00f3n vertida por la prensa saud\u00ed y viralizada en redes y <strong>aclar\u00f3&nbsp;el motivo por el cual no juega<\/strong> desde el pasado 29 de julio.<\/p>\n<div class=\"sp__SM\">\n<div class=\"content-new \">\n<span class=\"tit-mobile\">Mir\u00e1 tambi\u00e9n<\/span><\/p>\n<div class=\"mg\">\n<div class=\"wrap-figure\">\n<picture>\n<a href=\"https:\/\/www.ole.com.ar\/river-plate\/river-malaga-pity-ramiro-funes-mori_0_R83ySl1RQW.html\" target=\"_self\" rel=\"noopener noreferrer\"><br \/>\n<img class=\"img-responsive\" alt=\"Los regalos de la Filial de River en M\u00e1laga al Pity Mart\u00ednez y Funes Mori\" src=\"http:\/\/hoycordobaweb.com\/wp-content\/uploads\/2022\/09\/pity-martinez-desmintio-el-rumor-sobre-la-rescision-y-prometio-volver-mas-fuerte-que-nunca-2.jpg\" loading=\"lazy\"><br \/>\n<\/a>\n<\/picture>\n<\/div>\n<\/div><\/div>\n<\/div>\n<p>Fue a trav\u00e9s de un posteo en Instagram que el Pity, de 29 a\u00f1os,&nbsp;<strong>inform\u00f3 que su inactividad se debe a una pericarditis<\/strong>.&nbsp;<mark>\u00abPronto estar\u00e9 en las canchas y m\u00e1s fuerte que nunca. Es una pericarditis y hay que tratarla, nada m\u00e1s\u00bb, public\u00f3<\/mark> el autor del recordad\u00edsimo tercer tanto de River&nbsp;a Boca en&nbsp;Madrid, por la final de la Copa Libertadores 2018.<\/p>\n<div class=\"sp__SM\">\n<div class=\"content-new \">\n<span class=\"tit-mobile\">Mir\u00e1 tambi\u00e9n<\/span><\/p>\n<div class=\"mg\">\n<div class=\"wrap-figure\">\n<picture>\n<a href=\"https:\/\/www.ole.com.ar\/fuera-de-juego\/pity-martinez-funes-mori-maluma_0_jCGlQlhOIG.html\" target=\"_self\" rel=\"noopener noreferrer\"><br \/>\n<img class=\"img-responsive\" alt=\"Pity Mart\u00ednez y Funes Mori junto a Maluma\" src=\"http:\/\/hoycordobaweb.com\/wp-content\/uploads\/2022\/09\/pity-martinez-desmintio-el-rumor-sobre-la-rescision-y-prometio-volver-mas-fuerte-que-nunca-3.jpg\" loading=\"lazy\"><br \/>\n<\/a>\n<\/picture>\n<\/div>\n<\/div><\/div>\n<\/div>\n<p>El mendocino,&nbsp;campe\u00f3n tanto con la camiseta del Globo como la de la Banda, se expres\u00f3 luego de que la prensa de Arabia Saudita informara que&nbsp;debido al problema card\u00edaco&nbsp;el club&nbsp;estaba analizando la rescisi\u00f3n del contrato y que incluso exist\u00eda la posibilidad de que el futbolista no pudiera continuar con su carrera.<\/p>\n<div class=\"sp__Normal\">\n<div class=\"image-embeb image-trigger\" readability=\"6.5\">\n<picture><source media=\"(min-width: 720px)\" srcset=\"http:\/\/hoycordobaweb.com\/wp-content\/uploads\/2022\/09\/pity-martinez-desmintio-el-rumor-sobre-la-rescision-y-prometio-volver-mas-fuerte-que-nunca-4.jpg\"><img itemprop=\"image\" src=\"http:\/\/hoycordobaweb.com\/wp-content\/uploads\/2022\/09\/pity-martinez-desmintio-el-rumor-sobre-la-rescision-y-prometio-volver-mas-fuerte-que-nunca-4.jpg\" loading=\"lazy\" alt=\"El Pity Mart\u00ednez desminti\u00f3 las versiones que hablaban de una posible rescisi\u00f3n de contrato a causa de una grave afecci\u00f3n card\u00edaca.\">\n<\/picture><figcaption readability=\"3\">\n<p>El Pity Mart\u00ednez desminti\u00f3 las versiones que hablaban de una posible rescisi\u00f3n de contrato a causa de una grave afecci\u00f3n card\u00edaca.\n<\/p>\n<\/figcaption><\/div>\n<\/div>\n<p>\u00ab<strong>No me maten que tengo para rato<\/strong>\u00ab, agreg\u00f3 Mart\u00ednez en el mismo texto publicado en una historia de la red social de la camarita.<\/p>\n<p><mark>La pericarditis es la inflamaci\u00f3n de la serosa que rodea al coraz\u00f3n<\/mark> y seg\u00fan la Sociedad Argentina de Cardiolog\u00eda <strong>necesita un m\u00ednimo de dos semanas de reposo deportivo<\/strong>.<\/p>\n<div class=\"sp__Normal\">\n<div class=\"image-embeb image-trigger\" readability=\"6\">\n<picture><source media=\"(min-width: 720px)\" srcset=\"http:\/\/hoycordobaweb.com\/wp-content\/uploads\/2022\/09\/pity-martinez-desmintio-el-rumor-sobre-la-rescision-y-prometio-volver-mas-fuerte-que-nunca-5.jpg\"><img itemprop=\"image\" src=\"http:\/\/hoycordobaweb.com\/wp-content\/uploads\/2022\/09\/pity-martinez-desmintio-el-rumor-sobre-la-rescision-y-prometio-volver-mas-fuerte-que-nunca-5.jpg\" loading=\"lazy\" alt=\"El Pity Mart\u00ednez sufre de pericarditis.\">\n<\/picture><figcaption readability=\"2\">\n<p>El Pity Mart\u00ednez sufre de pericarditis.\n<\/p>\n<\/figcaption><\/div>\n<\/div>\n<p>El Pity&nbsp;no jug\u00f3 para Al-Nassr en las primeras dos fechas de la liga saud\u00ed. Su \u00faltimo partido fue el pasado 29 de julio en un amistoso ante Las Palmas durante la pretemporada en Espa\u00f1a.<\/p>\n<div class=\"entry-tags\">\n<h2>TEMAS QUE APARECEN EN ESTA NOTA<\/h2>\n<\/p><\/div>\n","protected":false},"excerpt":{"rendered":"<p>Un d\u00eda despu\u00e9s de que se corriera el rumor de que el Al-Nassr de Arabia Saudita manejaba la posiblidad de rescindirle el contrato a Gonzalo Mart\u00ednez debido a una seria afecci\u00f3n card\u00edaca, el futbolista surgido&nbsp;de Hurac\u00e1n, de exitos\u00edsimo paso por&nbsp;River, desminti\u00f3 la informaci\u00f3n vertida por la prensa saud\u00ed y viralizada en redes y aclar\u00f3&nbsp;el motivo [&hellip;]<\/p>\n","protected":false},"author":1,"featured_media":47911,"comment_status":"open","ping_status":"closed","sticky":false,"template":"","format":"standard","meta":[],"categories":[16],"tags":[],"_links":{"self":[{"href":"http:\/\/hoycordobaweb.com\/index.php\/wp-json\/wp\/v2\/posts\/47910"}],"collection":[{"href":"http:\/\/hoycordobaweb.com\/index.php\/wp-json\/wp\/v2\/posts"}],"about":[{"href":"http:\/\/hoycordobaweb.com\/index.php\/wp-json\/wp\/v2\/types\/post"}],"author":[{"embeddable":true,"href":"http:\/\/hoycordobaweb.com\/index.php\/wp-json\/wp\/v2\/users\/1"}],"replies":[{"embeddable":true,"href":"http:\/\/hoycordobaweb.com\/index.php\/wp-json\/wp\/v2\/comments?post=47910"}],"version-history":[{"count":0,"href":"http:\/\/hoycordobaweb.com\/index.php\/wp-json\/wp\/v2\/posts\/47910\/revisions"}],"wp:featuredmedia":[{"embeddable":true,"href":"http:\/\/hoycordobaweb.com\/index.php\/wp-json\/wp\/v2\/media\/47911"}],"wp:attachment":[{"href":"http:\/\/hoycordobaweb.com\/index.php\/wp-json\/wp\/v2\/media?parent=47910"}],"wp:term":[{"taxonomy":"category","embeddable":true,"href":"http:\/\/hoycordobaweb.com\/index.php\/wp-json\/wp\/v2\/categories?post=47910"},{"taxonomy":"post_tag","embeddable":true,"href":"http:\/\/hoycordobaweb.com\/index.php\/wp-json\/wp\/v2\/tags?post=47910"}],"curies":[{"name":"wp","href":"https:\/\/api.w.org\/{rel}","templated":true}]}}