{"id":47874,"date":"2022-09-03T22:40:00","date_gmt":"2022-09-03T22:40:00","guid":{"rendered":"http:\/\/hoycordobaweb.com\/index.php\/2022\/09\/03\/el-entorno-de-sabag-montiel-bajo-la-lupa-de-la-justicia\/"},"modified":"2022-09-03T22:40:00","modified_gmt":"2022-09-03T22:40:00","slug":"el-entorno-de-sabag-montiel-bajo-la-lupa-de-la-justicia","status":"publish","type":"post","link":"http:\/\/hoycordobaweb.com\/index.php\/2022\/09\/03\/el-entorno-de-sabag-montiel-bajo-la-lupa-de-la-justicia\/","title":{"rendered":"El entorno de Sabag Montiel bajo la lupa de la justicia"},"content":{"rendered":"<p><img src=\"http:\/\/hoycordobaweb.com\/wp-content\/uploads\/2022\/09\/el-entorno-de-sabag-montiel-bajo-la-lupa-de-la-justicia.jpg\"><\/p>\n<figure class=\"mb-3\"><img loading=\"lazy\" src=\"http:\/\/hoycordobaweb.com\/wp-content\/uploads\/2022\/09\/el-entorno-de-sabag-montiel-bajo-la-lupa-de-la-justicia-2.jpg\" width=\"100%\" height=\"100%\" alt=\"El momento del ataque\"><figcaption> El momento del ataque. <\/figcaption><\/figure>\n<p>La investigaci\u00f3n judicial sobre <strong><a href=\"https:\/\/www.telam.com.ar\/notas\/202209\/603562-persona-armada-casa-cristina-fernandez-kirchner.html\" target=\"_blank\" rel=\"noopener noreferrer\">el atentado contra la vida de la vicepresidenta Cristina Fern\u00e1ndez de Kirchner<\/a><\/strong>, que llevan adelante <strong><a href=\"https:\/\/www.telam.com.ar\/notas\/202209\/603706-justicia-declaracion-indagatoria-atacante-cristina-fernandez-de-kirchner.html\" target=\"_blank\" rel=\"noopener noreferrer\">la jueza Mar\u00eda Eugenia Capuchetti y el fiscal Carlos R\u00edvolo<\/a><\/strong>, buscar\u00e1 en los pr\u00f3ximos d\u00edas responder si el agresor detenido actu\u00f3 solo y cu\u00e1l fue el recorrido que hizo en los momentos previos al ataque.<\/p>\n<p>Tambi\u00e9n se analizan los mensajes recibidos por el sospechoso en su celular; el acceso al arma que utiliz\u00f3; su perfil y el de su \u201centorno violento\u201d.<\/p>\n<h2 class>Las redes sociales<\/h2>\n<p>La posible participaci\u00f3n de <strong><a href=\"https:\/\/www.telam.com.ar\/notas\/202209\/603771-atentado-cristina-tatuaje-agresor-arma.html\" target=\"_blank\" rel=\"noopener noreferrer\">Fernando Andr\u00e9 Sabag Montiel<\/a><\/strong> en foros digitales y redes sociales en las que se comparte contenido neonazi es uno de los elementos enfocados con particular atenci\u00f3n por parte de los investigadores que dieron intervenci\u00f3n para esa parte de la pesquisa a la <strong>Unidad Fiscal Especializada en Cibercrimen (UFECI<\/strong>) que encabeza el fiscal Horacio Azzolin.<\/p>\n<p>Si bien trascendi\u00f3 que <strong>el perfil de Instagram de Sabag Montiel hab\u00eda sido ocultado por la firma Meta, para evitar difundir contenidos de personas que revindiquen la violencia, esa informaci\u00f3n a\u00fan no fue formalizada en el expediente<\/strong> y los investigadores intentan determinar si alguien de confianza del agresor lleg\u00f3 a manipular contenidos en las horas posteriores al ataque.<\/p>\n<p>Un dato que est\u00e1 bajo an\u00e1lisis es que las redes sociales del agresor registraron movimientos despu\u00e9s de las 23 horas del jueves, cuando Sabag Montiel llevaba dos horas detenido.<\/p>\n<p>Quienes monitorearon sus redes durante aquella noche y la madrugada del viernes aseguran que los perfiles del atacante fueron modificados.<\/p>\n<p>\u201cEstamos trabajando muy fuertemente en el perfil del agresor\u201d, asegur\u00f3 ante T\u00e9lam una fuente de la investigaci\u00f3n, mientras que otro de los voceros consultado puso \u00e9nfasis que los contactos de Sabag Montiel con otra gente de caracter\u00edsticas violentas, que hubieran podido estar al tanto de los planes del sospechoso.<\/p>\n<figure class=\"mb-3\"><img loading=\"lazy\" src=\"http:\/\/hoycordobaweb.com\/wp-content\/uploads\/2022\/09\/el-entorno-de-sabag-montiel-bajo-la-lupa-de-la-justicia-3.jpg\" width=\"100%\" height=\"100%\" alt=\"Sabag Montiel en sus redes sociales \"><figcaption> Sabag Montiel en sus redes sociales. <\/figcaption><\/figure>\n<h2 class>El arma<\/h2>\n<p>En las primeras 48 horas de investigaci\u00f3n, el expediente acumul\u00f3 2.000 p\u00e1ginas que contienen algunas certezas escalofriantes:<strong> el arma, que finalmente fall\u00f3 por motivos a\u00fan no esclarecidos<\/strong>, no solo estaba \u201capta para el disparo\u201d sino que tambi\u00e9n <strong>hab\u00eda sido percutada poco tiempo antes<\/strong>, algo que surge de los restos de p\u00f3lvora que se le detectaron, informaron fuentes judiciales.<\/p>\n<p>\u00bfC\u00f3mo lleg\u00f3 esa pistola Bersa calibre 32 a las manos del agresor? \u00bfQu\u00e9 fue lo que hizo el atacante las horas previas? \u00bfQu\u00e9 camino tom\u00f3 para llegar hasta la casa de la vicepresidenta para intentar asesinarla? \u00bfActu\u00f3 solo o respond\u00eda ordenes de alguien m\u00e1s? \u00bfPor qu\u00e9 fall\u00f3 la custodia?<\/p>\n<p>\u201cTodas las hip\u00f3tesis est\u00e1n abiertas, todas esas son preguntas que se hace la investigaci\u00f3n\u201d, afirm\u00f3 a T\u00e9lam una fuente judicial que explica que durante s\u00e1bado y domingo un equipo trabajar\u00e1 espec\u00edficamente con la informaci\u00f3n que ya fue colectada.<\/p>\n<p>Se trata de un relevamiento que incluye c\u00e1maras de seguridad, llamadas entrantes y salientes y los datos obtenidos del tel\u00e9fono Samsung del atacante y de una computadora HP que le fue secuestrada.<\/p>\n<p>El arma, pudo confirmar T\u00e9lam, pertenec\u00eda a un vecino del imputado que falleci\u00f3 en 2021 y ahora los investigadores intentan determinar si el acusado se la hab\u00eda pedido prestada, si se la rob\u00f3 o si pas\u00f3 por manos de alguien m\u00e1s.<\/p>\n<h2 class>El perfil del atacante<\/h2>\n<p>Sabag Montiel, de 35 a\u00f1os, nacido en Brasil y radicado en Argentina desde 1993 ya fue indagado por la jueza Capuchetti y el fiscal R\u00edvolo.<\/p>\n<p>Se mostr\u00f3 silencioso y llamativamente tranquilo; se neg\u00f3 a declarar y tan solo coment\u00f3 que el moret\u00f3n del hematoma que tiene en uno de sus ojos fue producto de un golpe que recibi\u00f3 en el momento que lo redujeron los manifestantes que lograron su detenci\u00f3n.<\/p>\n<figure class=\"mb-3\"><img loading=\"lazy\" src=\"http:\/\/hoycordobaweb.com\/wp-content\/uploads\/2022\/09\/el-entorno-de-sabag-montiel-bajo-la-lupa-de-la-justicia-4.jpg\" width=\"100%\" height=\"100%\" alt=\"El arma del atacante\"><figcaption> El arma del atacante. <\/figcaption><\/figure>\n<p>La indagatoria se hizo en el anochecer del viernes en la sede de la Polic\u00eda Federal, ubicada en la calle Cavia y el imputado eligi\u00f3 ser representado por el defensor oficial Juan Mart\u00edn Hermida.<\/p>\n<p>La elecci\u00f3n del lugar de la indagatoria pone de relieve que los magistrados consideraron que era muy riesgoso trasladar al agresor desde esa sede en Palermo hacia los tribunales federales de Comodoro Py en el barrio porte\u00f1o de Retiro y entonces prefirieron movilizarse ellos, algo que no es habitual.<\/p>\n<p>En relaci\u00f3n a la defensa, el dato llamativo fue que en la ma\u00f1ana del viernes, un hombre de apellido Barreiro se present\u00f3 en la sede policial de Cavia para pedir una entrevista con Sabag Montiel y asegur\u00f3 ser un abogado privado enviado por la familia.<\/p>\n<p>Pero el imputado lo rechaz\u00f3 y nadie ratific\u00f3 en p\u00fablico que la familia del detenido le haya enviado un letrado para representarlo.<\/p>\n<p>Los investigadores ya reunieron unas 24 declaraciones testimoniales, adem\u00e1s de haber obtenido las c\u00e1maras de seguridad de la zona y decenas de videos de producci\u00f3n personal que salieron de los tel\u00e9fonos celulares de quienes se hab\u00edan acercado el jueves a saludar a la Vicepresidenta .<\/p>\n<figure class=\"mb-3\"><img loading=\"lazy\" src=\"http:\/\/hoycordobaweb.com\/wp-content\/uploads\/2022\/09\/el-entorno-de-sabag-montiel-bajo-la-lupa-de-la-justicia-5.jpg\" width=\"100%\" height=\"100%\" alt=\"Sabag y su novia\"><figcaption> Sabag y su novia. <\/figcaption><\/figure>\n<p>La propia Cristina Fern\u00e1ndez de Kirchner ya declar\u00f3 como v\u00edctima en el expediente: cont\u00f3 su mirada de los hechos, no hizo mayores referencias pol\u00edticas y no pidi\u00f3 ser querellante, lo que le habr\u00eda dado la posibilidad de intervenir activamente en el expediente.<\/p>\n<p>El dato saliente de la testimonial de la Vicepresidenta fue que cont\u00f3 que no se dio cuenta lo que hab\u00eda pasado hasta un rato despu\u00e9s, cuando estando en su casa pudo ver los hechos por televisi\u00f3n, confirmaron a T\u00e9lam fuentes judiciales y allegados a la exmandataria.<\/p>\n<div class=\"card col-md-10 offset-md-1 mb-4\">\n<h3 class=\"pt-2\">Relacionadas<\/h3>\n<\/p><\/div>\n","protected":false},"excerpt":{"rendered":"<p>El momento del ataque. La investigaci\u00f3n judicial sobre el atentado contra la vida de la vicepresidenta Cristina Fern\u00e1ndez de Kirchner, que llevan adelante la jueza Mar\u00eda Eugenia Capuchetti y el fiscal Carlos R\u00edvolo, buscar\u00e1 en los pr\u00f3ximos d\u00edas responder si el agresor detenido actu\u00f3 solo y cu\u00e1l fue el recorrido que hizo en los momentos [&hellip;]<\/p>\n","protected":false},"author":1,"featured_media":47875,"comment_status":"open","ping_status":"closed","sticky":false,"template":"","format":"standard","meta":[],"categories":[19],"tags":[],"_links":{"self":[{"href":"http:\/\/hoycordobaweb.com\/index.php\/wp-json\/wp\/v2\/posts\/47874"}],"collection":[{"href":"http:\/\/hoycordobaweb.com\/index.php\/wp-json\/wp\/v2\/posts"}],"about":[{"href":"http:\/\/hoycordobaweb.com\/index.php\/wp-json\/wp\/v2\/types\/post"}],"author":[{"embeddable":true,"href":"http:\/\/hoycordobaweb.com\/index.php\/wp-json\/wp\/v2\/users\/1"}],"replies":[{"embeddable":true,"href":"http:\/\/hoycordobaweb.com\/index.php\/wp-json\/wp\/v2\/comments?post=47874"}],"version-history":[{"count":0,"href":"http:\/\/hoycordobaweb.com\/index.php\/wp-json\/wp\/v2\/posts\/47874\/revisions"}],"wp:featuredmedia":[{"embeddable":true,"href":"http:\/\/hoycordobaweb.com\/index.php\/wp-json\/wp\/v2\/media\/47875"}],"wp:attachment":[{"href":"http:\/\/hoycordobaweb.com\/index.php\/wp-json\/wp\/v2\/media?parent=47874"}],"wp:term":[{"taxonomy":"category","embeddable":true,"href":"http:\/\/hoycordobaweb.com\/index.php\/wp-json\/wp\/v2\/categories?post=47874"},{"taxonomy":"post_tag","embeddable":true,"href":"http:\/\/hoycordobaweb.com\/index.php\/wp-json\/wp\/v2\/tags?post=47874"}],"curies":[{"name":"wp","href":"https:\/\/api.w.org\/{rel}","templated":true}]}}