{"id":47856,"date":"2022-09-03T21:58:03","date_gmt":"2022-09-03T21:58:03","guid":{"rendered":"https:\/\/www.ole.com.ar\/futbol-internacional\/libertadores\/flamengo-libertadores-velez-rotacion_0_agRZE58GoW.html"},"modified":"2022-09-03T21:58:03","modified_gmt":"2022-09-03T21:58:03","slug":"flamengo-no-se-confia-del-4-0-y-rota-en-el-brasileirao","status":"publish","type":"post","link":"http:\/\/hoycordobaweb.com\/index.php\/2022\/09\/03\/flamengo-no-se-confia-del-4-0-y-rota-en-el-brasileirao\/","title":{"rendered":"Flamengo no se conf\u00eda del 4-0 y rota en el Brasileirao"},"content":{"rendered":"<p><img src=\"http:\/\/hoycordobaweb.com\/wp-content\/uploads\/2022\/09\/flamengo-no-se-confia-del-4-0-y-rota-en-el-brasileirao.jpg\"><\/p>\n<p>Lo abultado del 4-0 y la abrumadora superioridad futbol\u00edstica que mostr\u00f3 <a alt=\"flamengo\" class=\"slug\" href=\"https:\/\/www.ole.com.ar\/tema\/flamengo.html\" target=\"_blank\" title=\"flamengo\" rel=\"noopener noreferrer\">Flamengo <\/a>en la ida de la <a alt=\"copa-libertadores\" class=\"slug\" href=\"https:\/\/www.ole.com.ar\/tema\/copa-libertadores.html\" target=\"_blank\" title=\"copa-libertadores\" rel=\"noopener noreferrer\">Copa Libertadores<\/a> frente a <a alt=\"velez\" class=\"slug\" href=\"https:\/\/www.ole.com.ar\/tema\/velez.html\" target=\"_blank\" title=\"velez\" rel=\"noopener noreferrer\">V\u00e9lez<\/a> hacen pensar que el elenco brasile\u00f1o ya tiene un pie y medio en la final\u00edsima. Sin embargo, en el Mengao hacen o\u00eddos sordos, no se conf\u00edan. Por caso, este domingo recibir\u00e1n a Cear\u00e1 por el Brasileirao y el DT Dorival J\u00fanior pondr\u00e1 mayor\u00eda de suplentes: no quiere sorpresas y guardar\u00e1 lo mejor para la revancha copera del mi\u00e9rcoles.<\/p>\n<h2><strong>Los cuatro goles de Fla ante V\u00e9lez<\/strong><\/h2>\n<p>Ubicado en la segunda posici\u00f3n con 43 puntos y a siete del l\u00edder, Palmeiras, el conjunto carioca presentar\u00e1 una formaci\u00f3n alternativa, aunque no por eso menos importante. De hecho, en la delantera se mantendr\u00e1 <strong>Gabigol<\/strong>, uno de los que pilares del 4-0 a V\u00e9lez en Liniers y que tendr\u00e1 acci\u00f3n por el Brasileirao. <strong>\u00bfY por qu\u00e9 no lo cuida el DT? Todo indica que el goleador no estar\u00e1 en la revancha del mi\u00e9rcoles 7 de septiembre (21.30 en R\u00edo de Janeiro).<\/strong><\/p>\n<p><mark>\u00bfEl motivo?<\/mark> <strong>Gabigol<\/strong> est\u00e1 en capilla por acumulaci\u00f3n de amarillas y en caso de recibir una amonestaci\u00f3n frente a V\u00e9lez <mark>-y el Fla consiga llegar a la final- <\/mark>se perder\u00e1 el match decisivo de la Libertadores. Por ende, Dorival no quiere sorpresas y lo guardar\u00eda, al igual que con <strong>Thiago Maia<\/strong>.<\/p>\n<div class=\"sp__Normal\">\n<div class=\"image-embeb image-trigger\" readability=\"6.5\">\n<picture><source media=\"(min-width: 720px)\" srcset=\"http:\/\/hoycordobaweb.com\/wp-content\/uploads\/2022\/09\/flamengo-no-se-confia-del-4-0-y-rota-en-el-brasileirao-2.jpg\"><img itemprop=\"image\" src=\"http:\/\/hoycordobaweb.com\/wp-content\/uploads\/2022\/09\/flamengo-no-se-confia-del-4-0-y-rota-en-el-brasileirao-2.jpg\" loading=\"lazy\" alt=\"Dorival Junior, DT de Fla (AP Photo\/Gustavo Garello)\">\n<\/picture><figcaption readability=\"3\">\n<p>Dorival Junior, DT de Fla (AP Photo\/Gustavo Garello)\n<\/p>\n<\/figcaption><\/div>\n<\/div>\n<p>En tanto, el arquero seguir\u00e1 siendo <strong>Santos<\/strong> y los otros que se mantendr\u00e1n del 11 de la ida ser\u00e1n los dos defensores de la zaga: <strong>David Luiz y L\u00e9o Pereira<\/strong>. Y esta decisi\u00f3n tambi\u00e9n refiere a que ambos centrales est\u00e1n suspendidos y no podr\u00e1n estar ante<a alt=\"velez\" class=\"slug\" href=\"https:\/\/www.ole.com.ar\/tema\/velez.html\" target=\"_blank\" title=\"velez\" rel=\"noopener noreferrer\"> V\u00e9lez<\/a> en el Maracan\u00e1.<\/p>\n<p>En tanto, <strong>Arturo Vidal <\/strong>era uno de los que ten\u00eda chance de jugar ante Cear\u00e1, aunque finalmente no ser\u00eda de la partida a sabiendas de que el chileno ser\u00e1 el reemplazante de Thiago Maia vs. los argentinos. Los que s\u00ed descansar\u00e1n ser\u00e1n Rodinei, Filipe Lu\u00eds, Jo\u00e3o Gomes, Arrascaeta, \u00c9verton Ribeiro y <a href=\"https:\/\/www.ole.com.ar\/futbol-internacional\/libertadores\/pedro-flamengo-goleador-libertadores_0_djwpjAhly0.html\" target=\"_blank\" rel=\"noopener noreferrer\">Pedro, el autor del hat-trick en el Amalfitani y la figura de Fla<\/a>.<\/p>\n<p>As\u00ed las cosas, <a alt=\"flamengo\" class=\"slug\" href=\"https:\/\/www.ole.com.ar\/tema\/flamengo.html\" target=\"_blank\" title=\"flamengo\" rel=\"noopener noreferrer\">Flamengo<\/a> saldr\u00eda ante Cear\u00e1 con Santos; Varela, David Luiz, L\u00e9o Pereira, Ayrton; Erick Pulgar, Diego, Victor Hugo, Cebolinha; Marinho y Gabigol. <strong>Atento, V\u00e9lez..<\/strong><\/p>\n<div class=\"sp__SM\">\n<div class=\"content-new \">\n<span class=\"tit-mobile\">Mir\u00e1 tambi\u00e9n<\/span><\/p>\n<div class=\"mg\">\n<div class=\"wrap-figure\">\n<picture>\n<a href=\"https:\/\/www.ole.com.ar\/futbol-internacional\/libertadores\/pedro-flamengo-goleador-libertadores_0_djwpjAhly0.html\" target=\"_self\" rel=\"noopener noreferrer\"><br \/>\n<img class=\"img-responsive\" alt=\"\u00bfQui\u00e9n es Pedro, el goleador de Fla y de la Libertadores?\" src=\"http:\/\/hoycordobaweb.com\/wp-content\/uploads\/2022\/09\/flamengo-no-se-confia-del-4-0-y-rota-en-el-brasileirao-3.jpg\" loading=\"lazy\"><br \/>\n<\/a>\n<\/picture>\n<\/div>\n<\/div><\/div>\n<\/div>\n<div class=\"sp__SM\">\n<div class=\"content-new \">\n<span class=\"tit-mobile\">Mir\u00e1 tambi\u00e9n<\/span><\/p>\n<div class=\"mg\">\n<div class=\"wrap-figure\">\n<picture>\n<a href=\"https:\/\/www.ole.com.ar\/futbol-internacional\/libertadores\/ss_0_vejjyRltdS.html\" target=\"_self\" rel=\"noopener noreferrer\"><br \/>\n<img class=\"img-responsive\" alt=\"\u00bfCu\u00e1nto cuesta el s\u00faper plantel de Flamengo?\" src=\"http:\/\/hoycordobaweb.com\/wp-content\/uploads\/2022\/09\/flamengo-no-se-confia-del-4-0-y-rota-en-el-brasileirao-4.jpg\" loading=\"lazy\"><br \/>\n<\/a>\n<\/picture>\n<\/div>\n<\/div><\/div>\n<\/div>\n<div class=\"entry-tags\">\n<h2>TEMAS QUE APARECEN EN ESTA NOTA<\/h2>\n<\/p><\/div>\n","protected":false},"excerpt":{"rendered":"<p>Lo abultado del 4-0 y la abrumadora superioridad futbol\u00edstica que mostr\u00f3 Flamengo en la ida de la Copa Libertadores frente a V\u00e9lez hacen pensar que el elenco brasile\u00f1o ya tiene un pie y medio en la final\u00edsima. Sin embargo, en el Mengao hacen o\u00eddos sordos, no se conf\u00edan. Por caso, este domingo recibir\u00e1n a Cear\u00e1 [&hellip;]<\/p>\n","protected":false},"author":1,"featured_media":47857,"comment_status":"open","ping_status":"closed","sticky":false,"template":"","format":"standard","meta":[],"categories":[16],"tags":[],"_links":{"self":[{"href":"http:\/\/hoycordobaweb.com\/index.php\/wp-json\/wp\/v2\/posts\/47856"}],"collection":[{"href":"http:\/\/hoycordobaweb.com\/index.php\/wp-json\/wp\/v2\/posts"}],"about":[{"href":"http:\/\/hoycordobaweb.com\/index.php\/wp-json\/wp\/v2\/types\/post"}],"author":[{"embeddable":true,"href":"http:\/\/hoycordobaweb.com\/index.php\/wp-json\/wp\/v2\/users\/1"}],"replies":[{"embeddable":true,"href":"http:\/\/hoycordobaweb.com\/index.php\/wp-json\/wp\/v2\/comments?post=47856"}],"version-history":[{"count":0,"href":"http:\/\/hoycordobaweb.com\/index.php\/wp-json\/wp\/v2\/posts\/47856\/revisions"}],"wp:featuredmedia":[{"embeddable":true,"href":"http:\/\/hoycordobaweb.com\/index.php\/wp-json\/wp\/v2\/media\/47857"}],"wp:attachment":[{"href":"http:\/\/hoycordobaweb.com\/index.php\/wp-json\/wp\/v2\/media?parent=47856"}],"wp:term":[{"taxonomy":"category","embeddable":true,"href":"http:\/\/hoycordobaweb.com\/index.php\/wp-json\/wp\/v2\/categories?post=47856"},{"taxonomy":"post_tag","embeddable":true,"href":"http:\/\/hoycordobaweb.com\/index.php\/wp-json\/wp\/v2\/tags?post=47856"}],"curies":[{"name":"wp","href":"https:\/\/api.w.org\/{rel}","templated":true}]}}