{"id":47828,"date":"2022-08-31T16:24:17","date_gmt":"2022-08-31T16:24:17","guid":{"rendered":"https:\/\/fono.fcm.unc.edu.ar\/?p=9690"},"modified":"2022-08-31T16:24:17","modified_gmt":"2022-08-31T16:24:17","slug":"31-de-agosto-dia-nacional-de-la-obstetricia-y-la-embarazada","status":"publish","type":"post","link":"http:\/\/hoycordobaweb.com\/index.php\/2022\/08\/31\/31-de-agosto-dia-nacional-de-la-obstetricia-y-la-embarazada\/","title":{"rendered":"31 de agosto: D\u00eda Nacional de la Obstetricia y la Embarazada"},"content":{"rendered":"<h2 class=\"fusion-post-title\">31 de agosto: D\u00eda Nacional de la Obstetricia y la Embarazada<\/h2>\n<div class=\"post-content\" readability=\"46\">\n<p><img loading=\"lazy\" class=\"size-fusion-400 wp-image-9691 alignright\" src=\"https:\/\/fono.fcm.unc.edu.ar\/wp-content\/uploads\/sites\/14\/2022\/09\/WhatsApp-Image-2022-08-31-at-17.23.03-400x400.jpeg\" alt width=\"400\" height=\"400\" srcset=\"https:\/\/fono.fcm.unc.edu.ar\/wp-content\/uploads\/sites\/14\/2022\/09\/WhatsApp-Image-2022-08-31-at-17.23.03-66x66.jpeg 66w, https:\/\/fono.fcm.unc.edu.ar\/wp-content\/uploads\/sites\/14\/2022\/09\/WhatsApp-Image-2022-08-31-at-17.23.03-150x150.jpeg 150w, https:\/\/fono.fcm.unc.edu.ar\/wp-content\/uploads\/sites\/14\/2022\/09\/WhatsApp-Image-2022-08-31-at-17.23.03-200x200.jpeg 200w, https:\/\/fono.fcm.unc.edu.ar\/wp-content\/uploads\/sites\/14\/2022\/09\/WhatsApp-Image-2022-08-31-at-17.23.03-300x300.jpeg 300w, https:\/\/fono.fcm.unc.edu.ar\/wp-content\/uploads\/sites\/14\/2022\/09\/WhatsApp-Image-2022-08-31-at-17.23.03-400x400.jpeg 400w, https:\/\/fono.fcm.unc.edu.ar\/wp-content\/uploads\/sites\/14\/2022\/09\/WhatsApp-Image-2022-08-31-at-17.23.03-600x600.jpeg 600w, https:\/\/fono.fcm.unc.edu.ar\/wp-content\/uploads\/sites\/14\/2022\/09\/WhatsApp-Image-2022-08-31-at-17.23.03-768x768.jpeg 768w, https:\/\/fono.fcm.unc.edu.ar\/wp-content\/uploads\/sites\/14\/2022\/09\/WhatsApp-Image-2022-08-31-at-17.23.03.jpeg 800w\" sizes=\"(max-width: 400px) 100vw, 400px\">Una oportunidad para reafirmar nuestro compromiso de trabajar fuertemente en la promoci\u00f3n y protecci\u00f3n de los derechos humanos en el embarazo, parto y nacimiento.<\/p>\n<p>La obstetricia es una especialidad m\u00e9dica que se ocupa de acompa\u00f1ar y asistir a la mujer durante su embarazo, parto y puerperio. En nuestro pa\u00eds, cada 31 de agosto, se festeja el D\u00eda de la Obstetricia y la Embarazada para promover el rol fundamental que cumplen las parteras y los parteros en la salud de la mujer embarazada y el beb\u00e9 reci\u00e9n nacido.<\/p>\n<p>La atenci\u00f3n y contenci\u00f3n integral que brindan estos equipos de salud comprenden aspectos psicol\u00f3gicos y sociales de un per\u00edodo tan especial como es la maternidad. La relaci\u00f3n humana es tan importante como la experiencia profesional.<\/p>\n<\/p><\/div>\n","protected":false},"excerpt":{"rendered":"<p>31 de agosto: D\u00eda Nacional de la Obstetricia y la Embarazada Una oportunidad para reafirmar nuestro compromiso de trabajar fuertemente en la promoci\u00f3n y protecci\u00f3n de los derechos humanos en el embarazo, parto y nacimiento. La obstetricia es una especialidad m\u00e9dica que se ocupa de acompa\u00f1ar y asistir a la mujer durante su embarazo, parto [&hellip;]<\/p>\n","protected":false},"author":1,"featured_media":0,"comment_status":"closed","ping_status":"closed","sticky":false,"template":"","format":"standard","meta":[],"categories":[1],"tags":[],"_links":{"self":[{"href":"http:\/\/hoycordobaweb.com\/index.php\/wp-json\/wp\/v2\/posts\/47828"}],"collection":[{"href":"http:\/\/hoycordobaweb.com\/index.php\/wp-json\/wp\/v2\/posts"}],"about":[{"href":"http:\/\/hoycordobaweb.com\/index.php\/wp-json\/wp\/v2\/types\/post"}],"author":[{"embeddable":true,"href":"http:\/\/hoycordobaweb.com\/index.php\/wp-json\/wp\/v2\/users\/1"}],"replies":[{"embeddable":true,"href":"http:\/\/hoycordobaweb.com\/index.php\/wp-json\/wp\/v2\/comments?post=47828"}],"version-history":[{"count":0,"href":"http:\/\/hoycordobaweb.com\/index.php\/wp-json\/wp\/v2\/posts\/47828\/revisions"}],"wp:attachment":[{"href":"http:\/\/hoycordobaweb.com\/index.php\/wp-json\/wp\/v2\/media?parent=47828"}],"wp:term":[{"taxonomy":"category","embeddable":true,"href":"http:\/\/hoycordobaweb.com\/index.php\/wp-json\/wp\/v2\/categories?post=47828"},{"taxonomy":"post_tag","embeddable":true,"href":"http:\/\/hoycordobaweb.com\/index.php\/wp-json\/wp\/v2\/tags?post=47828"}],"curies":[{"name":"wp","href":"https:\/\/api.w.org\/{rel}","templated":true}]}}