{"id":47787,"date":"2022-09-02T09:56:20","date_gmt":"2022-09-02T09:56:20","guid":{"rendered":"http:\/\/hoycordobaweb.com\/index.php\/2022\/09\/02\/la-afa-repudio-el-intento-de-magnicidio-contra-cfk-y-suspendio-los-partidos\/"},"modified":"2022-09-02T09:56:20","modified_gmt":"2022-09-02T09:56:20","slug":"la-afa-repudio-el-intento-de-magnicidio-contra-cfk-y-suspendio-los-partidos","status":"publish","type":"post","link":"http:\/\/hoycordobaweb.com\/index.php\/2022\/09\/02\/la-afa-repudio-el-intento-de-magnicidio-contra-cfk-y-suspendio-los-partidos\/","title":{"rendered":"La AFA repudi\u00f3 el intento de magnicidio contra CFK y suspendi\u00f3 los partidos"},"content":{"rendered":"<p>La Casa Madre del <b>f\u00fatbol argentino<\/b> emiti\u00f3 un comunicado condenando el hecho que sufri\u00f3 la vicepresidenta en Recoleta. <\/p>\n","protected":false},"excerpt":{"rendered":"<p>La Casa Madre del f\u00fatbol argentino emiti\u00f3 un comunicado condenando el hecho que sufri\u00f3 la vicepresidenta en Recoleta.<\/p>\n","protected":false},"author":1,"featured_media":0,"comment_status":"closed","ping_status":"closed","sticky":false,"template":"","format":"standard","meta":[],"categories":[22],"tags":[],"_links":{"self":[{"href":"http:\/\/hoycordobaweb.com\/index.php\/wp-json\/wp\/v2\/posts\/47787"}],"collection":[{"href":"http:\/\/hoycordobaweb.com\/index.php\/wp-json\/wp\/v2\/posts"}],"about":[{"href":"http:\/\/hoycordobaweb.com\/index.php\/wp-json\/wp\/v2\/types\/post"}],"author":[{"embeddable":true,"href":"http:\/\/hoycordobaweb.com\/index.php\/wp-json\/wp\/v2\/users\/1"}],"replies":[{"embeddable":true,"href":"http:\/\/hoycordobaweb.com\/index.php\/wp-json\/wp\/v2\/comments?post=47787"}],"version-history":[{"count":0,"href":"http:\/\/hoycordobaweb.com\/index.php\/wp-json\/wp\/v2\/posts\/47787\/revisions"}],"wp:attachment":[{"href":"http:\/\/hoycordobaweb.com\/index.php\/wp-json\/wp\/v2\/media?parent=47787"}],"wp:term":[{"taxonomy":"category","embeddable":true,"href":"http:\/\/hoycordobaweb.com\/index.php\/wp-json\/wp\/v2\/categories?post=47787"},{"taxonomy":"post_tag","embeddable":true,"href":"http:\/\/hoycordobaweb.com\/index.php\/wp-json\/wp\/v2\/tags?post=47787"}],"curies":[{"name":"wp","href":"https:\/\/api.w.org\/{rel}","templated":true}]}}