{"id":47786,"date":"2022-09-02T10:32:51","date_gmt":"2022-09-02T10:32:51","guid":{"rendered":"http:\/\/hoycordobaweb.com\/index.php\/2022\/09\/02\/la-afa-suspende-los-partidos-as-argentina-diario-as\/"},"modified":"2022-09-02T10:32:51","modified_gmt":"2022-09-02T10:32:51","slug":"la-afa-suspende-los-partidos-as-argentina-diario-as","status":"publish","type":"post","link":"http:\/\/hoycordobaweb.com\/index.php\/2022\/09\/02\/la-afa-suspende-los-partidos-as-argentina-diario-as\/","title":{"rendered":"La AFA suspende los partidos &#8211; AS <b>Argentina<\/b> &#8211; Diario AS"},"content":{"rendered":"<p>La conmoci\u00f3n en <b>Argentina<\/b> contin\u00faa y afecta al deporte. Tras el anuncio de feriado del Presidente Alberto Fern\u00e1ndez, La Asociaci\u00f3n del <b>F\u00fatbol<\/b>&nbsp;&#8230; <\/p>\n","protected":false},"excerpt":{"rendered":"<p>La conmoci\u00f3n en Argentina contin\u00faa y afecta al deporte. Tras el anuncio de feriado del Presidente Alberto Fern\u00e1ndez, La Asociaci\u00f3n del F\u00fatbol&nbsp;&#8230;<\/p>\n","protected":false},"author":1,"featured_media":0,"comment_status":"closed","ping_status":"closed","sticky":false,"template":"","format":"standard","meta":[],"categories":[22],"tags":[],"_links":{"self":[{"href":"http:\/\/hoycordobaweb.com\/index.php\/wp-json\/wp\/v2\/posts\/47786"}],"collection":[{"href":"http:\/\/hoycordobaweb.com\/index.php\/wp-json\/wp\/v2\/posts"}],"about":[{"href":"http:\/\/hoycordobaweb.com\/index.php\/wp-json\/wp\/v2\/types\/post"}],"author":[{"embeddable":true,"href":"http:\/\/hoycordobaweb.com\/index.php\/wp-json\/wp\/v2\/users\/1"}],"replies":[{"embeddable":true,"href":"http:\/\/hoycordobaweb.com\/index.php\/wp-json\/wp\/v2\/comments?post=47786"}],"version-history":[{"count":0,"href":"http:\/\/hoycordobaweb.com\/index.php\/wp-json\/wp\/v2\/posts\/47786\/revisions"}],"wp:attachment":[{"href":"http:\/\/hoycordobaweb.com\/index.php\/wp-json\/wp\/v2\/media?parent=47786"}],"wp:term":[{"taxonomy":"category","embeddable":true,"href":"http:\/\/hoycordobaweb.com\/index.php\/wp-json\/wp\/v2\/categories?post=47786"},{"taxonomy":"post_tag","embeddable":true,"href":"http:\/\/hoycordobaweb.com\/index.php\/wp-json\/wp\/v2\/tags?post=47786"}],"curies":[{"name":"wp","href":"https:\/\/api.w.org\/{rel}","templated":true}]}}