{"id":47746,"date":"2022-09-01T22:11:12","date_gmt":"2022-09-01T22:11:12","guid":{"rendered":"https:\/\/www.ole.com.ar\/futbol-ascenso\/boca-caruso-lombardi_0_DAAzgQ16KP.html"},"modified":"2022-09-01T22:11:12","modified_gmt":"2022-09-01T22:11:12","slug":"se-lesiono-el-goleador-del-equipo-de-caruso-que-jugo-en-boca","status":"publish","type":"post","link":"http:\/\/hoycordobaweb.com\/index.php\/2022\/09\/01\/se-lesiono-el-goleador-del-equipo-de-caruso-que-jugo-en-boca\/","title":{"rendered":"Se lesion\u00f3 el goleador del equipo de Caruso que jug\u00f3 en Boca"},"content":{"rendered":"<p><img src=\"http:\/\/hoycordobaweb.com\/wp-content\/uploads\/2022\/09\/se-lesiono-el-goleador-del-equipo-de-caruso-que-jugo-en-boca.jpg\"><\/p>\n<p>El puntero e invicto del<strong> <\/strong><strong>Clausura <\/strong>en la<strong> <a href=\"https:\/\/www.ole.com.ar\/futbol-ascenso\/primera-c\/\" target=\"_blank\" rel=\"noopener noreferrer\">Primera C<\/a><\/strong>, pierde una pieza clave en el frente de ataque. Se desgarr\u00f3 <strong>Sebati\u00e1n Vivas<\/strong> actualmente en <strong><a href=\"https:\/\/www.ole.com.ar\/futbol-ascenso\/primera-c-anuncio_0_bW7vIcznQr.html\" target=\"_blank\" rel=\"noopener noreferrer\">Deportivo Espa\u00f1ol<\/a> <\/strong>equipo donde <strong><a href=\"https:\/\/www.ole.com.ar\/tema\/ricardo-caruso-lombardi.html\" target=\"_blank\" rel=\"noopener noreferrer\">Caruso Lombardi<\/a> <\/strong>es el manager. El delantero que supo vestir los colores de <a data-cke-saved-href=\"https:\/\/www.ole.com.ar\/boca-juniors\/\" target=\"_blank\" href=\"https:\/\/www.ole.com.ar\/boca-juniors\/\" rel=\"noopener noreferrer\"><strong>Boca<\/strong><\/a>&nbsp;en las juveniles se perder\u00e1 compromisos importantes.&nbsp;<mark>\u00bfCu\u00e1nto tiempo estar\u00e1 afuera?<\/mark><\/p>\n<div class=\"sp__Normal\">\n<div class=\"image-embeb image-trigger\" readability=\"6\">\n<picture><source media=\"(min-width: 720px)\" srcset=\"http:\/\/hoycordobaweb.com\/wp-content\/uploads\/2022\/09\/se-lesiono-el-goleador-del-equipo-de-caruso-que-jugo-en-boca-2.jpg\"><img itemprop=\"image\" src=\"http:\/\/hoycordobaweb.com\/wp-content\/uploads\/2022\/09\/se-lesiono-el-goleador-del-equipo-de-caruso-que-jugo-en-boca-2.jpg\" loading=\"lazy\" alt=\"El pasado de Vivass con la camiseta del club de la Rivera (@sebavivass)\">\n<\/picture><figcaption readability=\"2\">\n<p>El pasado de Vivass con la camiseta del club de la Rivera (@sebavivass)\n<\/p>\n<\/figcaption><\/div>\n<\/div>\n<div class=\"sp__SM\">\n<div class=\"content-new \">\n<span class=\"tit-mobile\">Mir\u00e1 tambi\u00e9n<\/span><\/p>\n<div class=\"mg\">\n<div class=\"wrap-figure\">\n<picture>\n<a href=\"https:\/\/www.ole.com.ar\/futbol-ascenso\/primera-d-argentino-r-mercedes_0_pElslKu7oB.html\" target=\"_self\" rel=\"noopener noreferrer\"><br \/>\n<img class=\"img-responsive\" alt=\"Mercedes se prende en el clausura\" src=\"http:\/\/hoycordobaweb.com\/wp-content\/uploads\/2022\/09\/se-lesiono-el-goleador-del-equipo-de-caruso-que-jugo-en-boca-3.jpg\" loading=\"lazy\"><br \/>\n<\/a>\n<\/picture>\n<\/div>\n<\/div><\/div>\n<\/div>\n<h2><strong>EL TIEMPO DE RECUPERACION&nbsp;<\/strong>&nbsp;<\/h2>\n<div class=\"sp__Normal\">\n<div class=\"image-embeb image-trigger\" readability=\"6\">\n<picture><source media=\"(min-width: 720px)\" srcset=\"http:\/\/hoycordobaweb.com\/wp-content\/uploads\/2022\/09\/se-lesiono-el-goleador-del-equipo-de-caruso-que-jugo-en-boca-4.jpg\"><img itemprop=\"image\" src=\"http:\/\/hoycordobaweb.com\/wp-content\/uploads\/2022\/09\/se-lesiono-el-goleador-del-equipo-de-caruso-que-jugo-en-boca-4.jpg\" loading=\"lazy\" alt=\"Una de las figuras del Gallego sin actividad por dos encuentros. (@sebavivass)\">\n<\/picture><figcaption readability=\"2\">\n<p>Una de las figuras del Gallego sin actividad por dos encuentros. (@sebavivass)\n<\/p>\n<\/figcaption><\/div>\n<\/div>\n<p><strong>Juan Chumba <\/strong>perder\u00e1 a uno de sus goleadores (<mark>seis en este torneo<\/mark>)&nbsp;por<mark>&nbsp;aproximadamente por dos semanas <\/mark>y se perder\u00e1 partidos&nbsp;importantes de cara a lo que resta del torneo. Se estima que su vuelta ser\u00e1 frente a <strong>San Mart\u00edn de Burzaco<\/strong>. Frente a <strong>Gral Lamadrid<\/strong> y<strong> Real Pi<strong>l<\/strong>ar&nbsp;<\/strong>su lugar lo podr\u00eda ocupar <strong>Mauro Peiro<\/strong>.&nbsp;<\/p>\n<div class=\"sp__SM\">\n<div class=\"content-new \">\n<span class=\"tit-mobile\">Mir\u00e1 tambi\u00e9n<\/span><\/p>\n<div class=\"mg\">\n<div class=\"wrap-figure\">\n<picture>\n<a href=\"https:\/\/www.ole.com.ar\/futbol-ascenso\/p-nacional-san-telmo_0_U7QhHmjKWa.html\" target=\"_self\" rel=\"noopener noreferrer\"> <img class=\"img-responsive\" alt=\"Dolor de cabeza para Fabi\u00e1n Lisa\" src=\"http:\/\/hoycordobaweb.com\/wp-content\/uploads\/2022\/09\/se-lesiono-el-goleador-del-equipo-de-caruso-que-jugo-en-boca-5.jpg\" loading=\"lazy\"><br \/>\n<\/a>\n<\/picture>\n<\/div>\n<\/div><\/div>\n<\/div>\n<h2><strong>LA TRAYECTORIA DEL GOLEADOR:<\/strong><\/h2>\n<p>El delantero de 26 a\u00f1os, tuvo su pasado por <strong>Boca<\/strong> pero su debut&nbsp;se dio en&nbsp;<strong>Juventud Unida(G)<\/strong>&nbsp;donde solamente sum\u00f3 <mark>seis presencias<\/mark> y en condici\u00f3n de libre march\u00f3 a <strong>Trist\u00e1n Suarez<\/strong>. All\u00ed tampoco tuvo oportunidades <mark>jug\u00f3 dos partidos<\/mark> nada m\u00e1s para luego aterrizar en <strong>Nueva Espa\u00f1a<\/strong>. Con la camiseta de <strong>Espa\u00f1ol<\/strong><mark>lleva 12 goles en 33 partidos.<\/mark>&nbsp;<\/p>\n<div class=\"entry-tags\">\n<h2>TEMAS QUE APARECEN EN ESTA NOTA<\/h2>\n<\/p><\/div>\n","protected":false},"excerpt":{"rendered":"<p>El puntero e invicto del Clausura en la Primera C, pierde una pieza clave en el frente de ataque. Se desgarr\u00f3 Sebati\u00e1n Vivas actualmente en Deportivo Espa\u00f1ol equipo donde Caruso Lombardi es el manager. El delantero que supo vestir los colores de Boca&nbsp;en las juveniles se perder\u00e1 compromisos importantes.&nbsp;\u00bfCu\u00e1nto tiempo estar\u00e1 afuera? El pasado de [&hellip;]<\/p>\n","protected":false},"author":1,"featured_media":47747,"comment_status":"open","ping_status":"closed","sticky":false,"template":"","format":"standard","meta":[],"categories":[16],"tags":[],"_links":{"self":[{"href":"http:\/\/hoycordobaweb.com\/index.php\/wp-json\/wp\/v2\/posts\/47746"}],"collection":[{"href":"http:\/\/hoycordobaweb.com\/index.php\/wp-json\/wp\/v2\/posts"}],"about":[{"href":"http:\/\/hoycordobaweb.com\/index.php\/wp-json\/wp\/v2\/types\/post"}],"author":[{"embeddable":true,"href":"http:\/\/hoycordobaweb.com\/index.php\/wp-json\/wp\/v2\/users\/1"}],"replies":[{"embeddable":true,"href":"http:\/\/hoycordobaweb.com\/index.php\/wp-json\/wp\/v2\/comments?post=47746"}],"version-history":[{"count":0,"href":"http:\/\/hoycordobaweb.com\/index.php\/wp-json\/wp\/v2\/posts\/47746\/revisions"}],"wp:featuredmedia":[{"embeddable":true,"href":"http:\/\/hoycordobaweb.com\/index.php\/wp-json\/wp\/v2\/media\/47747"}],"wp:attachment":[{"href":"http:\/\/hoycordobaweb.com\/index.php\/wp-json\/wp\/v2\/media?parent=47746"}],"wp:term":[{"taxonomy":"category","embeddable":true,"href":"http:\/\/hoycordobaweb.com\/index.php\/wp-json\/wp\/v2\/categories?post=47746"},{"taxonomy":"post_tag","embeddable":true,"href":"http:\/\/hoycordobaweb.com\/index.php\/wp-json\/wp\/v2\/tags?post=47746"}],"curies":[{"name":"wp","href":"https:\/\/api.w.org\/{rel}","templated":true}]}}