{"id":47721,"date":"2022-08-31T22:56:00","date_gmt":"2022-08-31T22:56:00","guid":{"rendered":"http:\/\/hoycordobaweb.com\/index.php\/2022\/08\/31\/llega-al-san-martin-las-cautivas-para-ocho-unicas-funciones\/"},"modified":"2022-08-31T22:56:00","modified_gmt":"2022-08-31T22:56:00","slug":"llega-al-san-martin-las-cautivas-para-ocho-unicas-funciones","status":"publish","type":"post","link":"http:\/\/hoycordobaweb.com\/index.php\/2022\/08\/31\/llega-al-san-martin-las-cautivas-para-ocho-unicas-funciones\/","title":{"rendered":"Llega al San Mart\u00edn \u00abLas cautivas\u00bb para ocho \u00fanicas funciones"},"content":{"rendered":"<p><img src=\"http:\/\/hoycordobaweb.com\/wp-content\/uploads\/2022\/08\/llega-al-san-martin-las-cautivas-para-ocho-unicas-funciones.jpg\"><\/p>\n<figure class=\"mb-3\"><img loading=\"lazy\" src=\"http:\/\/hoycordobaweb.com\/wp-content\/uploads\/2022\/08\/llega-al-san-martin-las-cautivas-para-ocho-unicas-funciones-2.jpg\" width=\"100%\" height=\"100%\" alt=\"La pieza est nspirada muy libremente en el poema pico La cautiva de Esteban Echeverra Foto Carlos Furman\"><figcaption> La pieza est\u00e1 nspirada muy libremente en el poema \u00e9pico \u00abLa cautiva\u00bb, de Esteban Echeverr\u00eda. \/ Foto: Carlos Furman <\/figcaption><\/figure>\n<p>La <strong>sala Casacuberta del Teatro San Mart\u00edn<\/strong> albergar\u00e1 por ocho \u00fanicas funciones <strong>\u00abLas cautivas\u00bb<\/strong>, notable puesta de <strong>Mariano Tenconi Blanco<\/strong> que tuvo dos temporadas previas en el Teatro de la Ribera y ofrece un descomunal trabajo de dos gigantes de la actuaci\u00f3n como <strong>Lorena Vega <\/strong>y<strong> Laura Paredes<\/strong>.<\/p>\n<p>La obra se ver\u00e1 en septiembre en el San Mart\u00edn,&nbsp;&nbsp;Avenida Corrientes 1530, el&nbsp;viernes 16, s\u00e1bado 17, domingo 18 y viernes 23 a las 20.30 y s\u00e1bado 24 y domingo 25 a las 17 y 20.30.<\/p>\n<p>Inspirado muy libremente en el poema \u00e9pico <strong>\u00abLa cautiva\u00bb<\/strong>, de Esteban Echeverr\u00eda, de 1837, la obra escrita y dirigida por Tenconi Blanco vuelve al imaginario territorio del desierto argentino de la Pampa sur y la Patagonia norte en tiempos de la expansi\u00f3n territorial del Estado argentino y sus disputas con las tribus de mapuches, araucanos y ranqueles en el siglo XIX.<\/p>\n<figure class=\"mb-3\"><img loading=\"lazy\" src=\"http:\/\/hoycordobaweb.com\/wp-content\/uploads\/2022\/08\/llega-al-san-martin-las-cautivas-para-ocho-unicas-funciones-3.jpg\" width=\"100%\" height=\"100%\" alt=\"Tenconi Blanco vuelve al imaginario territorio del desierto argentino de la Pampa sur y la Patagonia norte\"><figcaption> Tenconi Blanco vuelve al imaginario territorio del desierto argentino de la Pampa sur y la Patagonia norte. <\/figcaption><\/figure>\n<p>En este caso, la fuga de la cautiva no es con su compa\u00f1ero, tambi\u00e9n apresado por el mal\u00f3n en el poema de Echeverr\u00eda, sino con una mujer ind\u00edgena, que viene a rescatarla de posibles violencias e inequidades.<\/p>\n<p>En la obra, Paredes interpreta a una joven europea \u00abcautivada\u00bb por el mal\u00f3n el d\u00eda de su boda con un criollo de estirpe y Vega una suerte de n\u00famen ind\u00edgena que pone de manifiesto el poder ancestral y presente de la mujer, un ser entre real y mitol\u00f3gico, algo cercano al semidi\u00f3s griego.<\/p>\n<figure class=\"mb-3\"><img loading=\"lazy\" src=\"http:\/\/hoycordobaweb.com\/wp-content\/uploads\/2022\/08\/llega-al-san-martin-las-cautivas-para-ocho-unicas-funciones-4.jpg\" width=\"100%\" height=\"100%\" alt=\"Lorena Vega y Laura Paredes en Las cautivas ahora en el San Martn\"><figcaption> Lorena Vega y Laura Paredes en \u00abLas cautivas\u00bb, ahora en el San Mart\u00edn. <\/figcaption><\/figure>\n<p>Ellas dos, en <strong>una suerte de collage esc\u00e9nico que mezcla referencias, saberes, correspondencias, identidades y lenguajes,<\/strong> comienzan una huida hacia adelante que ir\u00e1 develando distintos momentos y situaciones, algunos casi inveros\u00edmiles pero que la magia de la actuaci\u00f3n y el teatro transforman en plausibles y sorprendentes.<\/p>\n<p>\u00abLas cautivas\u00bb <strong>es la primera obra de una tetralog\u00eda denominada Saga europea, que la Compa\u00f1\u00eda Futuro de Tenconi Blanco realiz\u00f3 en el Complejo Teatral de Buenos Aires y que se continuar\u00e1 con \u00abLas ciencias naturales\u00bb, \u00abLas Invasiones Inglesas\u00bb y \u00abLas traducciones\u00bb<\/strong><\/p>\n<p>La m\u00fasica en vivo y dise\u00f1o sonoro es de <strong>Ian Shifres<\/strong>; la colaboraci\u00f3n art\u00edstica de <strong>Carolina Castro<\/strong>; el dise\u00f1o de movimiento de <strong>Jazm\u00edn Titiunik<\/strong>; el dise\u00f1o de vestuario de <strong>Magda Banach<\/strong>; el dise\u00f1o de Luces de <strong>Mat\u00edas Send\u00f3n<\/strong>, y el<strong>&nbsp;<\/strong>&nbsp;dise\u00f1o de escenograf\u00eda de <strong>Rodrigo Gonz\u00e1lez Garillo<\/strong>. <\/p>\n","protected":false},"excerpt":{"rendered":"<p>La pieza est\u00e1 nspirada muy libremente en el poema \u00e9pico \u00abLa cautiva\u00bb, de Esteban Echeverr\u00eda. \/ Foto: Carlos Furman La sala Casacuberta del Teatro San Mart\u00edn albergar\u00e1 por ocho \u00fanicas funciones \u00abLas cautivas\u00bb, notable puesta de Mariano Tenconi Blanco que tuvo dos temporadas previas en el Teatro de la Ribera y ofrece un descomunal trabajo [&hellip;]<\/p>\n","protected":false},"author":1,"featured_media":47722,"comment_status":"open","ping_status":"closed","sticky":false,"template":"","format":"standard","meta":[],"categories":[19],"tags":[],"_links":{"self":[{"href":"http:\/\/hoycordobaweb.com\/index.php\/wp-json\/wp\/v2\/posts\/47721"}],"collection":[{"href":"http:\/\/hoycordobaweb.com\/index.php\/wp-json\/wp\/v2\/posts"}],"about":[{"href":"http:\/\/hoycordobaweb.com\/index.php\/wp-json\/wp\/v2\/types\/post"}],"author":[{"embeddable":true,"href":"http:\/\/hoycordobaweb.com\/index.php\/wp-json\/wp\/v2\/users\/1"}],"replies":[{"embeddable":true,"href":"http:\/\/hoycordobaweb.com\/index.php\/wp-json\/wp\/v2\/comments?post=47721"}],"version-history":[{"count":0,"href":"http:\/\/hoycordobaweb.com\/index.php\/wp-json\/wp\/v2\/posts\/47721\/revisions"}],"wp:featuredmedia":[{"embeddable":true,"href":"http:\/\/hoycordobaweb.com\/index.php\/wp-json\/wp\/v2\/media\/47722"}],"wp:attachment":[{"href":"http:\/\/hoycordobaweb.com\/index.php\/wp-json\/wp\/v2\/media?parent=47721"}],"wp:term":[{"taxonomy":"category","embeddable":true,"href":"http:\/\/hoycordobaweb.com\/index.php\/wp-json\/wp\/v2\/categories?post=47721"},{"taxonomy":"post_tag","embeddable":true,"href":"http:\/\/hoycordobaweb.com\/index.php\/wp-json\/wp\/v2\/tags?post=47721"}],"curies":[{"name":"wp","href":"https:\/\/api.w.org\/{rel}","templated":true}]}}