{"id":47717,"date":"2022-08-31T15:09:00","date_gmt":"2022-08-31T15:09:00","guid":{"rendered":"https:\/\/www.trendencias.com\/belleza\/como-llevar-flequillo-cortina-13-ideas-consejos-para-cortarlo-peinarlo"},"modified":"2022-08-31T15:09:00","modified_gmt":"2022-08-31T15:09:00","slug":"como-llevar-un-flequillo-cortina-13-ideas-y-consejos-para-cortarlo-y-peinarlo","status":"publish","type":"post","link":"http:\/\/hoycordobaweb.com\/index.php\/2022\/08\/31\/como-llevar-un-flequillo-cortina-13-ideas-y-consejos-para-cortarlo-y-peinarlo\/","title":{"rendered":"C\u00f3mo llevar un flequillo cortina: 13 ideas y consejos para cortarlo y peinarlo"},"content":{"rendered":"<p>Cuando pensamos en un cambio de look, una de las opciones que m\u00e1s nos gusta para refrescar nuestra imagen y darle un nuevo rollo al cabello, es sin duda <strong>apostar por un flequillo<\/strong>. En la actualidad, <a href=\"https:\/\/www.trendencias.com\/belleza\/estos-flequillos-top-momento-perfectos-para-cambio-look-otono\">los flequillos est\u00e1n m\u00e1s de moda que nunca<\/a>, y encontramos estilos para todos los gustos y tipos de rostro. Pero si hay un flequillo que mola mil, que sienta pr\u00e1cticamente bien a todo el mundo y es s\u00faper vers\u00e1til, ese es <strong>el flequillo cortina<\/strong>.<\/p>\n<p><!-- BREAK 1 --><\/p>\n<div class=\"article-asset article-asset-normal article-asset-center\">\n<div class=\"desvio-container\">\n<div class=\"desvio\">\n<div class=\"desvio-figure js-desvio-figure\"> <a href=\"https:\/\/www.trendencias.com\/belleza\/todo-coloracion-pelo-colores-tendencia-consejos-11-tintes-recomendados\"> <img alt=\"Todo sobre la coloraci\u00f3n del pelo: los colores tendencia, consejos y 11 tintes recomendados \" src=\"http:\/\/hoycordobaweb.com\/wp-content\/uploads\/2022\/08\/como-llevar-un-flequillo-cortina-13-ideas-y-consejos-para-cortarlo-y-peinarlo.jpg\"> <\/a> <\/div><\/div><\/div>\n<\/div>\n<p>Se trata de un flequillo favorecedor, que se identifica por ser <strong>m\u00e1s largo hacia los laterales<\/strong> y m\u00e1s corto <strong>en la parte central<\/strong>, pero pasando o rozando las cejas. Por lo que en general no se trata de un flequillo corto, sino todo lo contrario. Adem\u00e1s, <strong>se lleva abierto por la mitad<\/strong> (de ah\u00ed el efecto cortina) pero se puede llevar m\u00e1s o menos abierto, eso ya es cuesti\u00f3n de gustos o apetencias.<\/p>\n<p><!-- BREAK 2 --> <\/p>\n<p>Otro punto que nos encanta de este flequillo, es que <strong>enmarca el rostro<\/strong>, lo define y <strong>enfatiza la mirada<\/strong>. Adem\u00e1s, la largura del flequillo cortina hace que sea muy f\u00e1cil de jugar con \u00e9l y lograr diferentes looks. Sin duda, el <em><strong>curtain fringe <\/strong><\/em><em>es<\/em><em><strong> <\/strong><\/em>perfecto para experimentar cuando estamos indecisas.<\/p>\n<p><!-- BREAK 3 --><\/p>\n<h2>Consejos para cortarlo<\/h2>\n<p>Si eres de las que quiere probar con este flequillo y a la vez <strong>intentar hacertelo t\u00fa misma en casa<\/strong>, te vamos a contar <strong>qu\u00e9 pasos debes seguir para lograr el flequillo cortina<\/strong> y que quede perfecto. Porque los dramas mejor los dejamos para otro d\u00eda.<\/p>\n<p><!-- BREAK 4 --><\/p>\n<p>Para realizarlo, podemos tener el cabello h\u00famedo o seco, pero lo cierto es que, si somos inexpertas ser\u00e1 <strong>mejor optar por el cabello en seco<\/strong>, ya que en mojado es m\u00e1s f\u00e1cil cometer el error de cortar de m\u00e1s. A\u00fan as\u00ed, lo hagamos en seco o en h\u00famedo, siempre intentaremos ser precavidas y mejor cortar de menos, y si hace falta repetir, volveremos a cortar.<\/p>\n<p><!-- BREAK 5 --><\/p>\n<p>Una vez dicho esto, el primer paso es coger la secci\u00f3n de pelo en la que vamos a realizar el flequillo. Para ello con la ayuda de un peine fino y frente a un espejo, mediremos desde la frente hacia atr\u00e1s unos tres dedos y <strong>ah\u00ed es donde comenzar\u00e1 la base de nuestro flequillo<\/strong>. A continuaci\u00f3n, separaremos con el peine el pelo en forma de triangulo, gui\u00e1ndonos por el arco de las cejas para saber qu\u00e9 cantidad de pelo debemos coger. Tenemos que tener en cuenta, que los cabellos que no tienen demasiada cantidad, ser\u00e1 mejor que el flequillo no comience demasiado atr\u00e1s para no restar cantidad a los laterales.<\/p>\n<p><!-- BREAK 6 --><\/p>\n<p>Una vez tenemos la secci\u00f3n marcada, peinaremos el mech\u00f3n hasta dejarlo plano, lo pinzaremos con los dedos por debajo de los ojos y <strong>lo giraremos una vuelta<\/strong>. Ahora el siguiente paso, es <strong>cortar el pelo que nos ha quedado por debajo de los dedos<\/strong>, as\u00ed la longitud de los mechones laterales ser\u00e1 m\u00e1s larga que la de los centrales.<\/p>\n<p><!-- BREAK 7 --><\/p>\n<p>Otra opci\u00f3n para cortar el flequillo una vez tenemos la secci\u00f3n de pelo, es hacer como el estilista de las famosas <a href=\"https:\/\/www.instagram.com\/chrisappleton1\/\">Chris Appleton<\/a>, que en su caso una vez tiene el tri\u00e1ngulo formado, <strong>divide el mech\u00f3n en dos secciones<\/strong> para cortar el flequillo de manera desfilada, desde los p\u00f3mulos hasta la mand\u00edbula.<\/p>\n<p><!-- BREAK 8 --> <\/p>\n<h2>Consejos para peinarlo<\/h2>\n<p>Una vez tenemos el corte realizado, es el momento de peinar el flequillo. Este punto tambi\u00e9n es muy importante si buscamos que el flequillo se vea estiloso y con movimiento. Si queremos un resultado con mayor textura y durabilidad, lo primero ser\u00e1 aplicar un <a href=\"https:\/\/www.trendencias.com\/belleza\/nueve-productos-pelo-para-conseguir-que-nuestros-peinados-tengan-acabado-perfecto-aguanten-durante-horas\">producto de <em>styling<\/em><\/a> que ayudar\u00e1 much\u00edsimo a mantener el efecto.<\/p>\n<p><!-- BREAK 9 --><!-- PIVOT START --><\/p>\n<div class=\"pivot-ecommerce-container\">\n<div class=\"pivot-ecommerce\" readability=\"2.8867924528302\">\n<div class=\"pivot-ecommerce-figure\"> <a href=\"https:\/\/www.trendencias.com\/redirect?url=https%3A%2F%2Fwww.amazon.es%2FKerastase-Mousse-bouffante-Volumising-STRONG%2Fdp%2FB00JQNCIYI%2Fref%3Dasc_df_B00JQNCIYI%2F&amp;category=belleza&amp;pivot=1\"> <img alt=\"Mousse Voluminizante K\u00e9rastase Stylist Bouffante\" src=\"http:\/\/hoycordobaweb.com\/wp-content\/uploads\/2022\/08\/como-llevar-un-flequillo-cortina-13-ideas-y-consejos-para-cortarlo-y-peinarlo.png\"> <\/a> <\/div>\n<div class=\"pivot-ecommerce-summary\" readability=\"3.3679245283019\">\n<p class=\"pivot-ecommerce-desc\">Mousse Voluminizante K\u00e9rastase Stylist Bouffante<\/p>\n<\/p><\/div><\/div>\n<\/div>\n<p><!-- PIVOT END --><br \/>\n<!-- PIVOT START --><\/p>\n<div class=\"pivot-ecommerce-container\">\n<div class=\"pivot-ecommerce\" readability=\"2.7\">\n<div class=\"pivot-ecommerce-figure\"> <a href=\"https:\/\/www.trendencias.com\/redirect?url=https%3A%2F%2Fwww.lookfantastic.es%2Fcolor-wow-dream-coat-supernatural-spray-200ml%2F11516014.html&amp;category=belleza&amp;pivot=1\"> <img alt=\"Espray Dream Coat Supernatural de Color Wow\" src=\"http:\/\/hoycordobaweb.com\/wp-content\/uploads\/2022\/08\/como-llevar-un-flequillo-cortina-13-ideas-y-consejos-para-cortarlo-y-peinarlo-1.png\"> <\/a> <\/div>\n<div class=\"pivot-ecommerce-summary\" readability=\"3.15\">\n<p class=\"pivot-ecommerce-desc\">Espray Dream Coat Supernatural de Color Wow<\/p>\n<\/p><\/div><\/div>\n<\/div>\n<p><!-- PIVOT END --><\/p>\n<p>Despu\u00e9s de aplicar el producto, <strong>nos ayudaremos de un cepillo<\/strong> que pude ser redondo si preferimos un resultado m\u00e1s redondeado y ahuecado, o un cepillo con forma de pala si en cambio buscamos un flequillo menos voluminoso. Una de las formas m\u00e1s sencillas es <strong>usar el cepillo a la vez que el secador pein\u00e1ndolo hacia la derecha y hacia la izquierda<\/strong> mientras el secador lo dirigimos desde la ra\u00edz hacia abajo. Con la ayuda de los dejos podemos recolocar el flequillo y abrirlo por donde m\u00e1s nos guste.<\/p>\n<p><!-- BREAK 10 --><!-- PIVOT START --><\/p>\n<div class=\"pivot-ecommerce-container\">\n<div class=\"pivot-ecommerce\" readability=\"3.0508474576271\">\n<div class=\"pivot-ecommerce-figure\"> <a href=\"https:\/\/www.trendencias.com\/redirect?url=https%3A%2F%2Fwww.lookfantastic.es%2Ft3-volume-2.5-round-brush%2F11637470.html&amp;category=belleza&amp;pivot=1\"> <img alt=\"Cepillo Redondo T3 Volume 2.5\" src=\"http:\/\/hoycordobaweb.com\/wp-content\/uploads\/2022\/08\/como-llevar-un-flequillo-cortina-13-ideas-y-consejos-para-cortarlo-y-peinarlo-2.png\"> <\/a> <\/div>\n<div class=\"pivot-ecommerce-summary\" readability=\"3.5593220338983\">\n<p class=\"pivot-ecommerce-desc\">Cepillo Redondo T3 Volume 2.5<\/p>\n<\/p><\/div><\/div>\n<\/div>\n<p><!-- PIVOT END --><br \/>\n<!-- PIVOT START --><\/p>\n<div class=\"pivot-ecommerce-container\">\n<div class=\"pivot-ecommerce\" readability=\"2.9690721649485\">\n<div class=\"pivot-ecommerce-figure\"> <a href=\"https:\/\/www.trendencias.com\/redirect?url=https%3A%2F%2Fwww.sephora.es%2Fp%2Fbrosse-plate-ghd-359176.html&amp;category=belleza&amp;pivot=1\"> <img alt=\"Cepillo ghd paddle-cepillo para el cabello GHD\" src=\"http:\/\/hoycordobaweb.com\/wp-content\/uploads\/2022\/08\/como-llevar-un-flequillo-cortina-13-ideas-y-consejos-para-cortarlo-y-peinarlo-3.png\"> <\/a> <\/div>\n<div class=\"pivot-ecommerce-summary\" readability=\"3.4639175257732\">\n<p class=\"pivot-ecommerce-desc\">Cepillo ghd paddle-cepillo para el cabello GHD<\/p>\n<\/p><\/div><\/div>\n<\/div>\n<p><!-- PIVOT END --><\/p>\n<p>Un toque que tambi\u00e9n podemos a\u00f1adir, es el de <strong>marcar los mechones laterales ondul\u00e1ndolos un poco <\/strong>o<strong> pein\u00e1ndolos hacia fuera<\/strong>. En este caso con un cepillo redondeado y fino peinamos los mechones hacia atr\u00e1s con el secador. As\u00ed texturizaremos &nbsp;y aportaremos una suave onda que se integra genial con la melena, e incluso se ve guay si nos hacemos alg\u00fan recogido o coleta.<\/p>\n<p><!-- BREAK 11 --><!-- PIVOT START --><\/p>\n<div class=\"pivot-ecommerce-container\">\n<div class=\"pivot-ecommerce\" readability=\"4.7929292929293\">\n<div class=\"pivot-ecommerce-figure\"> <a href=\"https:\/\/www.trendencias.com\/redirect?url=https%3A%2F%2Fwww.amazon.es%2FTermix-EVO-Cepillo-Pelo-Redondo%2Fdp%2FB01DKHXNGW%2Fref%3Dsr_1_10&amp;category=belleza&amp;pivot=1\"> <img alt=\"Termix Evolution XL \u00d828- Nuevo cepillo t\u00e9rmico redondo de Termix, 3 cm\" src=\"http:\/\/hoycordobaweb.com\/wp-content\/uploads\/2022\/08\/como-llevar-un-flequillo-cortina-13-ideas-y-consejos-para-cortarlo-y-peinarlo-1.jpg\"> <\/a> <\/div>\n<div class=\"pivot-ecommerce-summary\" readability=\"5.8989898989899\">\n<p class=\"pivot-ecommerce-desc\">Termix Evolution XL \u00d828- Nuevo cepillo t\u00e9rmico redondo de Termix, 3 cm<\/p>\n<\/p><\/div><\/div>\n<\/div>\n<p><!-- PIVOT END --><\/p>\n<h2>Consejos para mantenerlo<\/h2>\n<p>Para que el flequillo cortina se vea bien, debemos saber que necesita de sus cuidados, y como ya hemos visto, hay que saber peinarlo para que tenga esa forma que le caracteriza. Ligeramente abierto y hacia los lados. Por eso, nos tenemos que hacer a la idea de que <strong>el secador y un cepillon son nuestros grandes aliados<\/strong> para mantenerlo y peinarlo.<\/p>\n<p><!-- BREAK 12 --><\/p>\n<p>Y s\u00ed, los flequillos cuando van creciendo pierden su forma, pero justo aqu\u00ed es donde tenemos m\u00e1s margen con el flequillo cortina, ya que a diferencia de otros, este <strong>aunque est\u00e9 m\u00e1s largo se puede seguir luciendo estupendamente<\/strong>, precisamente por su estilo abierto.<\/p>\n<p><!-- BREAK 13 --><\/p>\n<p>Pero si queremos mantener la misma largura, entonces no nos queda otra que volver a cortar y repetir el mismo proceso, <strong>solo que deberemos cortar mucho menos<\/strong>, ya que estamos hablando de mantener. Esto ser\u00e1 de tres a cuatro semanas.<\/p>\n<p><!-- BREAK 14 --><\/p>\n<h2>Ideas para llevarlo<\/h2>\n<p>El flequillo cortina, en su estilo m\u00e1s puro, es <strong>ligeramente abierto y peinado hacia los lados<\/strong> para que los mechones m\u00e1s largos se integren con la melena. Ahora bien, como hemos dicho al principio, <strong>se trata de un flequillo s\u00faper vers\u00e1til<\/strong> y por eso nos gusta tanto, porque l<strong>e podemos lucir de much\u00edsimas formas diferentes<\/strong> y no aburrirnos de ninguna de las maneras.<\/p>\n<p><!-- BREAK 15 --> <\/p>\n<p>Comenzamos con <a href=\"https:\/\/www.trendencias.com\/tag\/jennifer-lopez\">Jennifer L\u00f3pez<\/a> que desde que se decantara por este tipo de flequillo, no ha hecho m\u00e1s que lucirlo de mil maneras. Una de nuestras favoritas, es sin duda cuando lo lleva <strong>abierto y peinado hacia fuera<\/strong>. Le enmarca las facciones un mont\u00f3n y le sienta genial.<\/p>\n<p><!-- BREAK 16 --> <\/p>\n<p>Pero tambi\u00e9n la vemos estupenda cuando lo prefiere llevar <strong>cerrado y despuntado en el centro<\/strong>. Consigue potenciar la mirada y as\u00ed con ondas texturizadas es lo m\u00e1s.<\/p>\n<p><!-- BREAK 17 --><\/p>\n<div class=\"article-asset-image article-asset-normal article-asset-center\">\n<div class=\"asset-content\">\n<div class=\"base-wrapper-image\"> <img class=\"sf-lazy centro_sinmarco\" data-sf-srcset=\"http:\/\/hoycordobaweb.com\/wp-content\/uploads\/2022\/08\/como-llevar-un-flequillo-cortina-13-ideas-y-consejos-para-cortarlo-y-peinarlo-2.jpg 450w, http:\/\/hoycordobaweb.com\/wp-content\/uploads\/2022\/08\/como-llevar-un-flequillo-cortina-13-ideas-y-consejos-para-cortarlo-y-peinarlo-19.jpg 681w,http:\/\/hoycordobaweb.com\/wp-content\/uploads\/2022\/08\/como-llevar-un-flequillo-cortina-13-ideas-y-consejos-para-cortarlo-y-peinarlo-20.jpg 1024w, http:\/\/hoycordobaweb.com\/wp-content\/uploads\/2022\/08\/como-llevar-un-flequillo-cortina-13-ideas-y-consejos-para-cortarlo-y-peinarlo-21.jpg 1366w,\" data-sf-src=\"http:\/\/hoycordobaweb.com\/wp-content\/uploads\/2022\/08\/como-llevar-un-flequillo-cortina-13-ideas-y-consejos-para-cortarlo-y-peinarlo-2.jpg\" alt=\"Dl U278185 107 1\"> <noscript><img alt=\"Dl U278185 107 1\" class=\"centro_sinmarco\" src=\"http:\/\/hoycordobaweb.com\/wp-content\/uploads\/2022\/08\/como-llevar-un-flequillo-cortina-13-ideas-y-consejos-para-cortarlo-y-peinarlo-2.jpg\"><\/noscript> <\/div><\/div>\n<\/div>\n<p>Quien nos enamora siempre con su flequillo y hace que lo deseemos temporada tras temporada, es <a href=\"https:\/\/www.trendencias.com\/tag\/alexa-chung\">Alexa Chung<\/a>, que <strong>lo combina con una melena<\/strong> <a href=\"https:\/\/www.trendencias.com\/belleza\/12-melenas-bob-long-midi-perfectas-para-refrescar-nuetro-look-este-verano\"><em>long midi<\/em><\/a><em> <\/em>y le da un rollo desenfado maravilloso y ultra <em>chic<\/em>.<\/p>\n<p><!-- BREAK 18 --> <\/p>\n<p>Otra opci\u00f3n muy favorecedora, es lucirlo <strong>ahuecado y con volumen<\/strong>. Una de las formas m\u00e1s bonitas en la que lo podemos lucir. Para ello hay que trabajarlo bien con el secador y <strong>ahuecarlo con un cepillo redondo<\/strong>, y dirigir las puntas hacia fuera.<\/p>\n<p><!-- BREAK 19 --><\/p>\n<div class=\"article-asset-image article-asset-normal article-asset-center\">\n<div class=\"asset-content\">\n<div class=\"base-wrapper-image\"> <img class=\"sf-lazy centro_sinmarco\" data-sf-srcset=\"http:\/\/hoycordobaweb.com\/wp-content\/uploads\/2022\/08\/como-llevar-un-flequillo-cortina-13-ideas-y-consejos-para-cortarlo-y-peinarlo-3.jpg 450w, http:\/\/hoycordobaweb.com\/wp-content\/uploads\/2022\/08\/como-llevar-un-flequillo-cortina-13-ideas-y-consejos-para-cortarlo-y-peinarlo-22.jpg 681w,http:\/\/hoycordobaweb.com\/wp-content\/uploads\/2022\/08\/como-llevar-un-flequillo-cortina-13-ideas-y-consejos-para-cortarlo-y-peinarlo-23.jpg 1024w, http:\/\/hoycordobaweb.com\/wp-content\/uploads\/2022\/08\/como-llevar-un-flequillo-cortina-13-ideas-y-consejos-para-cortarlo-y-peinarlo-24.jpg 1366w,\" data-sf-src=\"http:\/\/hoycordobaweb.com\/wp-content\/uploads\/2022\/08\/como-llevar-un-flequillo-cortina-13-ideas-y-consejos-para-cortarlo-y-peinarlo-3.jpg\" alt=\"Dl U516699 100\"> <noscript><img alt=\"Dl U516699 100\" class=\"centro_sinmarco\" src=\"http:\/\/hoycordobaweb.com\/wp-content\/uploads\/2022\/08\/como-llevar-un-flequillo-cortina-13-ideas-y-consejos-para-cortarlo-y-peinarlo-3.jpg\"><\/noscript> <\/div><\/div>\n<\/div>\n<p>Como estamos viendo, las opciones son much\u00edsimas, y si con el cabello suelto nos encanta, no podemos decir menos cuando lo acompa\u00f1amos con <strong>un recogido bajo<\/strong> como hace <a href=\"https:\/\/www.trendencias.com\/tag\/taylor-swift\">Taylor Swift<\/a>, que apuesta por la <strong>versi\u00f3n abierta hacia los lados<\/strong>.<\/p>\n<p><!-- BREAK 20 --><\/p>\n<div class=\"article-asset-image article-asset-normal article-asset-center\">\n<div class=\"asset-content\">\n<div class=\"base-wrapper-image\"> <img class=\"sf-lazy centro_sinmarco\" data-sf-srcset=\"http:\/\/hoycordobaweb.com\/wp-content\/uploads\/2022\/08\/como-llevar-un-flequillo-cortina-13-ideas-y-consejos-para-cortarlo-y-peinarlo-4.jpg 450w, http:\/\/hoycordobaweb.com\/wp-content\/uploads\/2022\/08\/como-llevar-un-flequillo-cortina-13-ideas-y-consejos-para-cortarlo-y-peinarlo-25.jpg 681w,http:\/\/hoycordobaweb.com\/wp-content\/uploads\/2022\/08\/como-llevar-un-flequillo-cortina-13-ideas-y-consejos-para-cortarlo-y-peinarlo-26.jpg 1024w, http:\/\/hoycordobaweb.com\/wp-content\/uploads\/2022\/08\/como-llevar-un-flequillo-cortina-13-ideas-y-consejos-para-cortarlo-y-peinarlo-27.jpg 1366w,\" data-sf-src=\"http:\/\/hoycordobaweb.com\/wp-content\/uploads\/2022\/08\/como-llevar-un-flequillo-cortina-13-ideas-y-consejos-para-cortarlo-y-peinarlo-4.jpg\" alt=\"Dl U402529 001\"> <noscript><img alt=\"Dl U402529 001\" class=\"centro_sinmarco\" src=\"http:\/\/hoycordobaweb.com\/wp-content\/uploads\/2022\/08\/como-llevar-un-flequillo-cortina-13-ideas-y-consejos-para-cortarlo-y-peinarlo-4.jpg\"><\/noscript> <\/div><\/div>\n<\/div>\n<p><a href=\"https:\/\/www.trendencias.com\/tag\/dakota-johnson\">Dakota Johnson<\/a> es otra habitual de este tipo de flequillo, y para pisar la alfombra roja le gusta mucho acompa\u00f1arlo con <strong>recogidos de altura media y mechones largos<\/strong>.<\/p>\n<p><!-- BREAK 21 --><\/p>\n<div class=\"article-asset-image article-asset-normal article-asset-center\">\n<div class=\"asset-content\">\n<div class=\"base-wrapper-image\"> <img class=\"sf-lazy centro_sinmarco\" data-sf-srcset=\"http:\/\/hoycordobaweb.com\/wp-content\/uploads\/2022\/08\/como-llevar-un-flequillo-cortina-13-ideas-y-consejos-para-cortarlo-y-peinarlo-5.jpg 450w, http:\/\/hoycordobaweb.com\/wp-content\/uploads\/2022\/08\/como-llevar-un-flequillo-cortina-13-ideas-y-consejos-para-cortarlo-y-peinarlo-28.jpg 681w,http:\/\/hoycordobaweb.com\/wp-content\/uploads\/2022\/08\/como-llevar-un-flequillo-cortina-13-ideas-y-consejos-para-cortarlo-y-peinarlo-29.jpg 1024w, http:\/\/hoycordobaweb.com\/wp-content\/uploads\/2022\/08\/como-llevar-un-flequillo-cortina-13-ideas-y-consejos-para-cortarlo-y-peinarlo-30.jpg 1366w,\" data-sf-src=\"http:\/\/hoycordobaweb.com\/wp-content\/uploads\/2022\/08\/como-llevar-un-flequillo-cortina-13-ideas-y-consejos-para-cortarlo-y-peinarlo-5.jpg\" alt=\"Dl U299354 024\"> <noscript><img alt=\"Dl U299354 024\" class=\"centro_sinmarco\" src=\"http:\/\/hoycordobaweb.com\/wp-content\/uploads\/2022\/08\/como-llevar-un-flequillo-cortina-13-ideas-y-consejos-para-cortarlo-y-peinarlo-5.jpg\"><\/noscript> <\/div><\/div>\n<\/div>\n<p>El flequillo cortina es lo que tiene, que lo podemos abrir por diferentes puntos y quedar igual de bien. Solo tenemos que ver lo genial que le sienta a <a href=\"https:\/\/www.trendencias.com\/tag\/kate-beckinsale\">Kate Beckinsale<\/a> <strong>abierto a un lado y con mo\u00f1o alto<\/strong>.<\/p>\n<p><!-- BREAK 22 --> <\/p>\n<p>Y si hay un estilo que le siente genial a este flequillo, es el desenfadado y estilo boho, como lo luce <a href=\"https:\/\/www.trendencias.com\/tag\/sara-carbonero\">Sara Carbonero<\/a>. &nbsp;<strong>Ligeramente abierto y con muchos mechones sueltos<\/strong>. Simplemente ideal.<\/p>\n<p><!-- BREAK 23 --><\/p>\n<div class=\"article-asset-image article-asset-normal article-asset-center\">\n<div class=\"asset-content\">\n<div class=\"base-wrapper-image\"> <img class=\"sf-lazy centro_sinmarco\" data-sf-srcset=\"http:\/\/hoycordobaweb.com\/wp-content\/uploads\/2022\/08\/como-llevar-un-flequillo-cortina-13-ideas-y-consejos-para-cortarlo-y-peinarlo-6.jpg 450w, http:\/\/hoycordobaweb.com\/wp-content\/uploads\/2022\/08\/como-llevar-un-flequillo-cortina-13-ideas-y-consejos-para-cortarlo-y-peinarlo-31.jpg 681w,http:\/\/hoycordobaweb.com\/wp-content\/uploads\/2022\/08\/como-llevar-un-flequillo-cortina-13-ideas-y-consejos-para-cortarlo-y-peinarlo-32.jpg 1024w, http:\/\/hoycordobaweb.com\/wp-content\/uploads\/2022\/08\/como-llevar-un-flequillo-cortina-13-ideas-y-consejos-para-cortarlo-y-peinarlo-33.jpg 1366w,\" data-sf-src=\"http:\/\/hoycordobaweb.com\/wp-content\/uploads\/2022\/08\/como-llevar-un-flequillo-cortina-13-ideas-y-consejos-para-cortarlo-y-peinarlo-6.jpg\" alt=\"Dl U443807 301\"> <noscript><img alt=\"Dl U443807 301\" class=\"centro_sinmarco\" src=\"http:\/\/hoycordobaweb.com\/wp-content\/uploads\/2022\/08\/como-llevar-un-flequillo-cortina-13-ideas-y-consejos-para-cortarlo-y-peinarlo-6.jpg\"><\/noscript> <\/div><\/div>\n<\/div>\n<p>Es un flequillo que queda genial con diferentes estilos, e incluso con trenzas largu\u00edsimas y rom\u00e1nticas, como la que luce <a href=\"https:\/\/www.trendencias.com\/tag\/camila-cabello\">Camila Cabello<\/a>. En su caso se trata de un <strong>flequillo cortina abierto al medio<\/strong> e integrado con <strong>ligeros mechones rizados<\/strong>.<\/p>\n<p><!-- BREAK 24 --><\/p>\n<div class=\"article-asset-image article-asset-normal article-asset-center\">\n<div class=\"asset-content\">\n<div class=\"base-wrapper-image\"> <img class=\"sf-lazy centro_sinmarco\" data-sf-srcset=\"http:\/\/hoycordobaweb.com\/wp-content\/uploads\/2022\/08\/como-llevar-un-flequillo-cortina-13-ideas-y-consejos-para-cortarlo-y-peinarlo-7.jpg 450w, http:\/\/hoycordobaweb.com\/wp-content\/uploads\/2022\/08\/como-llevar-un-flequillo-cortina-13-ideas-y-consejos-para-cortarlo-y-peinarlo-34.jpg 681w,http:\/\/hoycordobaweb.com\/wp-content\/uploads\/2022\/08\/como-llevar-un-flequillo-cortina-13-ideas-y-consejos-para-cortarlo-y-peinarlo-35.jpg 1024w, http:\/\/hoycordobaweb.com\/wp-content\/uploads\/2022\/08\/como-llevar-un-flequillo-cortina-13-ideas-y-consejos-para-cortarlo-y-peinarlo-36.jpg 1366w,\" data-sf-src=\"http:\/\/hoycordobaweb.com\/wp-content\/uploads\/2022\/08\/como-llevar-un-flequillo-cortina-13-ideas-y-consejos-para-cortarlo-y-peinarlo-7.jpg\" alt=\"Dl U387607 102\"> <noscript><img alt=\"Dl U387607 102\" class=\"centro_sinmarco\" src=\"http:\/\/hoycordobaweb.com\/wp-content\/uploads\/2022\/08\/como-llevar-un-flequillo-cortina-13-ideas-y-consejos-para-cortarlo-y-peinarlo-7.jpg\"><\/noscript> <\/div><\/div>\n<\/div>\n<p>Os dec\u00edamos que <strong>Dakota Johnson<\/strong> es muy fan del <em><strong>curtain fringe<\/strong><\/em>, y no solo porque le queda de maravilla, sino precisamente por todos los peinados que se pueden hacer. Y si un d\u00eda te apetece un flequillo ladeado, pues lo trabajas &nbsp;hacia un lado levant\u00e1ndolo de ra\u00edz y puedes lucir el rostro m\u00e1s despejado.<\/p>\n<p><!-- BREAK 25 --> <\/p>\n<p>Esta es una de las tendencias que m\u00e1s veremos este a\u00f1o, y se trata del <strong>flequillo cortina en versi\u00f3n mini<\/strong>. El corte es exactamente el mismo, pero la largura del propio flequillo es <strong>por encima de las cejas<\/strong>, sin llegar a tocarlas ni pasarlas. El resultado, pues as\u00ed de rejuvencedor y ani\u00f1ado.<\/p>\n<p><!-- BREAK 26 --> <\/p>\n<p>Pero no solo es un flequillo para los cabello lisos, no, los pelos ondulados o rizados, tambi\u00e9n pueden lucirlo igual de bien. <strong>Emma Su\u00e1rez<\/strong> lo luce as\u00ed, texturizado e integrado a una melena con mucho volumen.<\/p>\n<p><!-- BREAK 27 --> <\/p>\n<p>Entre las muchas variantes que hemos visto a la cantante <a href=\"https:\/\/www.trendencias.com\/tag\/danna-paola\">Danna Paola<\/a>, est\u00e1 la del flequillo bicolor, verde y amarillo ne\u00f3n. Porque s\u00ed, el flequillo cortina, no siempre tiene que lucirse de la manera m\u00e1s cl\u00e1sica.<\/p>\n<p><!-- BREAK 28 --><\/p>\n<h2>Mejores productos para mantenerlo<\/h2>\n<p>Por supuesto, para trabajar el flequillo y lucirlo de la mejor manera, hay unos cuantos <strong>productos y utensilios capilares<\/strong> que nos vendr\u00e1n de maravilla. As\u00ed podremos, tanto mantenerlo como jugar con las diferentes posibilidades que nos ofrece este flequillo tan agradecido.<\/p>\n<p><!-- BREAK 29 --><\/p>\n<div class=\"article-asset-image article-asset-normal article-asset-center\">\n<div class=\"asset-content\">\n<div class=\"base-wrapper-image\"> <img class=\"sf-lazy centro_sinmarco\" data-sf-srcset=\"http:\/\/hoycordobaweb.com\/wp-content\/uploads\/2022\/08\/como-llevar-un-flequillo-cortina-13-ideas-y-consejos-para-cortarlo-y-peinarlo-8.jpg 450w, http:\/\/hoycordobaweb.com\/wp-content\/uploads\/2022\/08\/como-llevar-un-flequillo-cortina-13-ideas-y-consejos-para-cortarlo-y-peinarlo-37.jpg 681w,http:\/\/hoycordobaweb.com\/wp-content\/uploads\/2022\/08\/como-llevar-un-flequillo-cortina-13-ideas-y-consejos-para-cortarlo-y-peinarlo-38.jpg 1024w, http:\/\/hoycordobaweb.com\/wp-content\/uploads\/2022\/08\/como-llevar-un-flequillo-cortina-13-ideas-y-consejos-para-cortarlo-y-peinarlo-39.jpg 1366w,\" data-sf-src=\"http:\/\/hoycordobaweb.com\/wp-content\/uploads\/2022\/08\/como-llevar-un-flequillo-cortina-13-ideas-y-consejos-para-cortarlo-y-peinarlo-8.jpg\" alt=\"pelo\"> <noscript><img alt=\"pelo\" class=\"centro_sinmarco\" src=\"http:\/\/hoycordobaweb.com\/wp-content\/uploads\/2022\/08\/como-llevar-un-flequillo-cortina-13-ideas-y-consejos-para-cortarlo-y-peinarlo-8.jpg\"><\/noscript> <\/div><\/div>\n<\/div>\n<p>&#8211;<strong>KYG Tijeras de Peluquer\u00eda Profesional<\/strong>, este set es perfecto para cortarnos el el pelo. Las tijeras est\u00e1n hechas de acero inoxidable y vienen con un estuche de regalo y tijeras de rebajar. Precio <a class=\"js-ecommerce\" href=\"https:\/\/www.trendencias.com\/redirect?url=https%3A%2F%2Fwww.amazon.es%2FTijeras-Peluquer%25C3%25ADa-Profesional-Entresacar-Peluquero%2Fdp%2FB06Y2TVHLF%2Fref%3Dsr_1_10%3F__mk_es_ES%3D%25C3%2585M%25C3%2585%25C5%25BD%25C3%2595%25C3%2591%26crid%3DXGLHLV0BKWDT%26keywords%3Dtijeras%252Bpelo%26qid%3D1661949758%26sprefix%3Dtijeras%252Bpelo%252Caps%252C147%26sr%3D8-10%26th%3D1&amp;category=belleza\" data-vars-affiliate-url=\"https:\/\/www.trendencias.com\/redirect?url=https%3A%2F%2Fwww.amazon.es%2FTijeras-Peluquer%25C3%25ADa-Profesional-Entresacar-Peluquero%2Fdp%2FB06Y2TVHLF%2Fref%3Dsr_1_10%3F__mk_es_ES%3D%25C3%2585M%25C3%2585%25C5%25BD%25C3%2595%25C3%2591%26crid%3DXGLHLV0BKWDT%26keywords%3Dtijeras%252Bpelo%26qid%3D1661949758%26sprefix%3Dtijeras%252Bpelo%252Caps%252C147%26sr%3D8-10%26th%3D1&amp;category=belleza\">21,47 euros<\/a>.<\/p>\n<p><!-- BREAK 30 --><!-- PIVOT START --><\/p>\n<div class=\"pivot-ecommerce-container\">\n<div class=\"pivot-ecommerce\" readability=\"4\">\n<div class=\"pivot-ecommerce-figure\"> <a href=\"https:\/\/www.trendencias.com\/redirect?url=https%3A%2F%2Fwww.amazon.es%2FTijeras-Peluquer%25C3%25ADa-Profesional-Entresacar-Peluquero%2Fdp%2FB06Y2TVHLF%2Fref%3Dsr_1_10&amp;category=belleza&amp;pivot=1\"> <img alt=\"KYG Tijeras de Peluquer\u00eda Profesional 6.7 Pulgadas\" src=\"http:\/\/hoycordobaweb.com\/wp-content\/uploads\/2022\/08\/como-llevar-un-flequillo-cortina-13-ideas-y-consejos-para-cortarlo-y-peinarlo-9.jpg\"> <\/a> <\/div>\n<div class=\"pivot-ecommerce-summary\" readability=\"4.6666666666667\">\n<p class=\"pivot-ecommerce-desc\">KYG Tijeras de Peluquer\u00eda Profesional 6.7 Pulgadas<\/p>\n<\/p><\/div><\/div>\n<\/div>\n<p><!-- PIVOT END --><\/p>\n<div class=\"article-asset-image article-asset-normal article-asset-center\">\n<div class=\"asset-content\">\n<div class=\"base-wrapper-image\"> <img class=\"sf-lazy centro_sinmarco\" data-sf-srcset=\"http:\/\/hoycordobaweb.com\/wp-content\/uploads\/2022\/08\/como-llevar-un-flequillo-cortina-13-ideas-y-consejos-para-cortarlo-y-peinarlo-10.jpg 450w, http:\/\/hoycordobaweb.com\/wp-content\/uploads\/2022\/08\/como-llevar-un-flequillo-cortina-13-ideas-y-consejos-para-cortarlo-y-peinarlo-40.jpg 681w,http:\/\/hoycordobaweb.com\/wp-content\/uploads\/2022\/08\/como-llevar-un-flequillo-cortina-13-ideas-y-consejos-para-cortarlo-y-peinarlo-41.jpg 1024w, http:\/\/hoycordobaweb.com\/wp-content\/uploads\/2022\/08\/como-llevar-un-flequillo-cortina-13-ideas-y-consejos-para-cortarlo-y-peinarlo-42.jpg 1366w,\" data-sf-src=\"http:\/\/hoycordobaweb.com\/wp-content\/uploads\/2022\/08\/como-llevar-un-flequillo-cortina-13-ideas-y-consejos-para-cortarlo-y-peinarlo-10.jpg\" alt=\"SECADOR\"> <noscript><img alt=\"SECADOR\" class=\"centro_sinmarco\" src=\"http:\/\/hoycordobaweb.com\/wp-content\/uploads\/2022\/08\/como-llevar-un-flequillo-cortina-13-ideas-y-consejos-para-cortarlo-y-peinarlo-10.jpg\"><\/noscript> <\/div><\/div>\n<\/div>\n<p>&#8211;<strong>Remington Secador de Pelo Ionic Dry 2200<\/strong>, este secador tiene muy buenas rese\u00f1as por lo bien que deja el cabello y por su potencia. Su acondicionamiento i\u00f3nico reduce el encrespamiento y aportaa una textura brillante y sedosa. Precio <a class=\"js-ecommerce\" href=\"https:\/\/www.trendencias.com\/redirect?url=https%3A%2F%2Fwww.amazon.es%2FRemington-Ionic-Dry-2200-Concentrador%2Fdp%2FB08DJ18C85%2Fref%3Dsr_1_5%3F__mk_es_ES%3D%25C3%2585M%25C3%2585%25C5%25BD%25C3%2595%25C3%2591%26crid%3D3J66YVLTWVM2U%26keywords%3DSECADOR%26qid%3D1661949989%26sprefix%3Dsecado%252Caps%252C147%26sr%3D8-5%26th%3D1&amp;category=belleza\" data-vars-affiliate-url=\"https:\/\/www.trendencias.com\/redirect?url=https%3A%2F%2Fwww.amazon.es%2FRemington-Ionic-Dry-2200-Concentrador%2Fdp%2FB08DJ18C85%2Fref%3Dsr_1_5%3F__mk_es_ES%3D%25C3%2585M%25C3%2585%25C5%25BD%25C3%2595%25C3%2591%26crid%3D3J66YVLTWVM2U%26keywords%3DSECADOR%26qid%3D1661949989%26sprefix%3Dsecado%252Caps%252C147%26sr%3D8-5%26th%3D1&amp;category=belleza\">20,29 euros<\/a>.<\/p>\n<p><!-- BREAK 31 --><!-- PIVOT START --><\/p>\n<div class=\"pivot-ecommerce-container\">\n<div class=\"pivot-ecommerce\" readability=\"3.6716417910448\">\n<div class=\"pivot-ecommerce-figure\"> <a href=\"https:\/\/www.trendencias.com\/redirect?url=https%3A%2F%2Fwww.amazon.es%2FRemington-Ionic-Dry-2200-Concentrador%2Fdp%2FB08DJ18C85%2Fref%3Dsr_1_5&amp;category=belleza&amp;pivot=1\"> <img alt=\"Remington Secador de Pelo Ionic Dry 2200\" src=\"http:\/\/hoycordobaweb.com\/wp-content\/uploads\/2022\/08\/como-llevar-un-flequillo-cortina-13-ideas-y-consejos-para-cortarlo-y-peinarlo-11.jpg\"> <\/a> <\/div>\n<div class=\"pivot-ecommerce-summary\" readability=\"4.2835820895522\">\n<p class=\"pivot-ecommerce-desc\">Remington Secador de Pelo Ionic Dry 2200<\/p>\n<\/p><\/div><\/div>\n<\/div>\n<p><!-- PIVOT END --><\/p>\n<div class=\"article-asset-image article-asset-normal article-asset-center\">\n<div class=\"asset-content\">\n<div class=\"base-wrapper-image\"> <img class=\"sf-lazy centro_sinmarco\" data-sf-srcset=\"http:\/\/hoycordobaweb.com\/wp-content\/uploads\/2022\/08\/como-llevar-un-flequillo-cortina-13-ideas-y-consejos-para-cortarlo-y-peinarlo-12.jpg 450w, http:\/\/hoycordobaweb.com\/wp-content\/uploads\/2022\/08\/como-llevar-un-flequillo-cortina-13-ideas-y-consejos-para-cortarlo-y-peinarlo-43.jpg 681w,http:\/\/hoycordobaweb.com\/wp-content\/uploads\/2022\/08\/como-llevar-un-flequillo-cortina-13-ideas-y-consejos-para-cortarlo-y-peinarlo-44.jpg 1024w, http:\/\/hoycordobaweb.com\/wp-content\/uploads\/2022\/08\/como-llevar-un-flequillo-cortina-13-ideas-y-consejos-para-cortarlo-y-peinarlo-45.jpg 1366w,\" data-sf-src=\"http:\/\/hoycordobaweb.com\/wp-content\/uploads\/2022\/08\/como-llevar-un-flequillo-cortina-13-ideas-y-consejos-para-cortarlo-y-peinarlo-12.jpg\" alt=\"pelo\"> <noscript><img alt=\"pelo\" class=\"centro_sinmarco\" src=\"http:\/\/hoycordobaweb.com\/wp-content\/uploads\/2022\/08\/como-llevar-un-flequillo-cortina-13-ideas-y-consejos-para-cortarlo-y-peinarlo-12.jpg\"><\/noscript> <\/div><\/div>\n<\/div>\n<p>&#8211;<strong>Termix Cepillo de pelo neum\u00e1tico para desenredar<\/strong>, este cepillo con forma de pala es perfecto para desenredar y peinar el flequillo. Sus cerdas son de nailon, flexibles y resistentes. Precio <a class=\"js-ecommerce\" href=\"https:\/\/www.trendencias.com\/redirect?url=https%3A%2F%2Fwww.amazon.es%2FTERMIX-CEPILLO-profesional-RAQUETA-GOMOSO%2Fdp%2FB00BFFN13W%2Fref%3Dsr_1_10%3Fkeywords%3Dcepillo%2Bpala%26qid%3D1661955958%26sr%3D8-10&amp;category=belleza\" data-vars-affiliate-url=\"https:\/\/www.trendencias.com\/redirect?url=https%3A%2F%2Fwww.amazon.es%2FTERMIX-CEPILLO-profesional-RAQUETA-GOMOSO%2Fdp%2FB00BFFN13W%2Fref%3Dsr_1_10%3Fkeywords%3Dcepillo%2Bpala%26qid%3D1661955958%26sr%3D8-10&amp;category=belleza\">6,74 euros<\/a>.<\/p>\n<p><!-- BREAK 32 --><!-- PIVOT START --><\/p>\n<div class=\"pivot-ecommerce-container\">\n<div class=\"pivot-ecommerce\" readability=\"4\">\n<div class=\"pivot-ecommerce-figure\"> <a href=\"https:\/\/www.trendencias.com\/redirect?url=https%3A%2F%2Fwww.amazon.es%2FTERMIX-CEPILLO-profesional-RAQUETA-GOMOSO%2Fdp%2FB00BFFN13W%2Fref%3Dsr_1_10&amp;category=belleza&amp;pivot=1\"> <img alt=\"Termix Cepillo de pelo neum\u00e1tico para desenredar\" src=\"http:\/\/hoycordobaweb.com\/wp-content\/uploads\/2022\/08\/como-llevar-un-flequillo-cortina-13-ideas-y-consejos-para-cortarlo-y-peinarlo-13.jpg\"> <\/a> <\/div>\n<div class=\"pivot-ecommerce-summary\" readability=\"4.6666666666667\">\n<p class=\"pivot-ecommerce-desc\">Termix Cepillo de pelo neum\u00e1tico para desenredar<\/p>\n<\/p><\/div><\/div>\n<\/div>\n<p><!-- PIVOT END --><\/p>\n<div class=\"article-asset-image article-asset-normal article-asset-center\">\n<div class=\"asset-content\">\n<div class=\"base-wrapper-image\"> <img class=\"sf-lazy centro_sinmarco\" data-sf-srcset=\"http:\/\/hoycordobaweb.com\/wp-content\/uploads\/2022\/08\/como-llevar-un-flequillo-cortina-13-ideas-y-consejos-para-cortarlo-y-peinarlo-4.png 450w, http:\/\/hoycordobaweb.com\/wp-content\/uploads\/2022\/08\/como-llevar-un-flequillo-cortina-13-ideas-y-consejos-para-cortarlo-y-peinarlo-10.png 681w,http:\/\/hoycordobaweb.com\/wp-content\/uploads\/2022\/08\/como-llevar-un-flequillo-cortina-13-ideas-y-consejos-para-cortarlo-y-peinarlo-11.png 1024w, http:\/\/hoycordobaweb.com\/wp-content\/uploads\/2022\/08\/como-llevar-un-flequillo-cortina-13-ideas-y-consejos-para-cortarlo-y-peinarlo-12.png 1366w,\" data-sf-src=\"http:\/\/hoycordobaweb.com\/wp-content\/uploads\/2022\/08\/como-llevar-un-flequillo-cortina-13-ideas-y-consejos-para-cortarlo-y-peinarlo-4.png\" alt=\"pelo\"> <noscript><img alt=\"pelo\" class=\"centro_sinmarco\" src=\"http:\/\/hoycordobaweb.com\/wp-content\/uploads\/2022\/08\/como-llevar-un-flequillo-cortina-13-ideas-y-consejos-para-cortarlo-y-peinarlo-4.png\"><\/noscript> <\/div><\/div>\n<\/div>\n<p>&#8211;<strong>Cepillo T\u00e9rmico Cer\u00e1mica Beter Elite<\/strong>, con <strong>base de aluminio<\/strong> cubierto de <strong>cer\u00e1mica <\/strong>y ba\u00f1o de <strong>cobre<\/strong>. Su estructura de orificios est\u00e1 especialmente dise\u00f1ada para moldear y secar el cabello de manera profesional. Precio <a class=\"js-ecommerce\" href=\"https:\/\/www.trendencias.com\/redirect?url=https%3A%2F%2Fwww.druni.es%2Fcepillo-termico-ceramica-beter-cepillo-base-aluminio%3Fgclid%3DCj0KCQjwjbyYBhCdARIsAArC6LLb1VZjTBxoC0vtfdG5es80Fb2Wpi5lQAj29rOJz6M2DfWcmco8DjIaAhf1EALw_wcB&amp;category=belleza\" data-vars-affiliate-url=\"https:\/\/www.trendencias.com\/redirect?url=https%3A%2F%2Fwww.druni.es%2Fcepillo-termico-ceramica-beter-cepillo-base-aluminio%3Fgclid%3DCj0KCQjwjbyYBhCdARIsAArC6LLb1VZjTBxoC0vtfdG5es80Fb2Wpi5lQAj29rOJz6M2DfWcmco8DjIaAhf1EALw_wcB&amp;category=belleza\">3,95 euros<\/a>.<\/p>\n<p><!-- BREAK 33 --><!-- PIVOT START --><\/p>\n<div class=\"pivot-ecommerce-container\">\n<div class=\"pivot-ecommerce\" readability=\"2.962962962963\">\n<div class=\"pivot-ecommerce-figure\"> <a href=\"https:\/\/www.trendencias.com\/redirect?url=https%3A%2F%2Fwww.primor.eu%2Fbeter%2F46974-cepillo-termico-de-ceramica.html%23%2Fproducto-cepillo_cabello&amp;category=belleza&amp;pivot=1\"> <img alt=\"Cepillo T\u00e9rmico Cer\u00e1mica Beter Elite\" src=\"http:\/\/hoycordobaweb.com\/wp-content\/uploads\/2022\/08\/como-llevar-un-flequillo-cortina-13-ideas-y-consejos-para-cortarlo-y-peinarlo-5.png\"> <\/a> <\/div>\n<div class=\"pivot-ecommerce-summary\" readability=\"3.4567901234568\">\n<p class=\"pivot-ecommerce-desc\">Cepillo T\u00e9rmico Cer\u00e1mica Beter Elite<\/p>\n<\/p><\/div><\/div>\n<\/div>\n<p><!-- PIVOT END --><\/p>\n<div class=\"article-asset-image article-asset-normal article-asset-center\">\n<div class=\"asset-content\">\n<div class=\"base-wrapper-image\"> <img class=\"sf-lazy centro_sinmarco\" data-sf-srcset=\"http:\/\/hoycordobaweb.com\/wp-content\/uploads\/2022\/08\/como-llevar-un-flequillo-cortina-13-ideas-y-consejos-para-cortarlo-y-peinarlo-14.jpg 450w, http:\/\/hoycordobaweb.com\/wp-content\/uploads\/2022\/08\/como-llevar-un-flequillo-cortina-13-ideas-y-consejos-para-cortarlo-y-peinarlo-46.jpg 681w,http:\/\/hoycordobaweb.com\/wp-content\/uploads\/2022\/08\/como-llevar-un-flequillo-cortina-13-ideas-y-consejos-para-cortarlo-y-peinarlo-47.jpg 1024w, http:\/\/hoycordobaweb.com\/wp-content\/uploads\/2022\/08\/como-llevar-un-flequillo-cortina-13-ideas-y-consejos-para-cortarlo-y-peinarlo-48.jpg 1366w,\" data-sf-src=\"http:\/\/hoycordobaweb.com\/wp-content\/uploads\/2022\/08\/como-llevar-un-flequillo-cortina-13-ideas-y-consejos-para-cortarlo-y-peinarlo-14.jpg\" alt=\"pelo\"> <noscript><img alt=\"pelo\" class=\"centro_sinmarco\" src=\"http:\/\/hoycordobaweb.com\/wp-content\/uploads\/2022\/08\/como-llevar-un-flequillo-cortina-13-ideas-y-consejos-para-cortarlo-y-peinarlo-14.jpg\"><\/noscript> <\/div><\/div>\n<\/div>\n<p>&#8211;<strong>Cepillo t\u00e9rmico BaByliss PRO Ceramic:<\/strong> con este cepillo t\u00e9rmico se puede crear volumen y moldear de forma r\u00e1pida y sencilla, &nbsp;ideal para ahuecar bien el flequillo. El barril es cer\u00e1mico para que el cabello est\u00e9 m\u00e1s suave y liso. Precio <a class=\"js-ecommerce\" href=\"https:\/\/www.trendencias.com\/redirect?url=https%3A%2F%2Fwww.amazon.es%2FCepillo-Titanium-Turmalina-BAB289TTE-Babyliss%2Fdp%2FB007X183W6%2Fref%3Dd_pd_vtp_sccl_2_1%2F257-3970733-3249954%3Fpd_rd_w%3D9CyFB%26content-id%3Damzn1.sym.6e78e85a-27dd-4c31-8467-9a3e7881199e%26pf_rd_p%3D6e78e85a-27dd-4c31-8467-9a3e7881199e%26pf_rd_r%3D6W92EGF6EE3GKHY80H9F%26pd_rd_wg%3DJn0Ma%26pd_rd_r%3Dcfad9932-2a39-403f-9b9b-9d7a12b404a9%26pd_rd_i%3DB007X183W6%26psc%3D1&amp;category=belleza\" data-vars-affiliate-url=\"https:\/\/www.trendencias.com\/redirect?url=https%3A%2F%2Fwww.amazon.es%2FCepillo-Titanium-Turmalina-BAB289TTE-Babyliss%2Fdp%2FB007X183W6%2Fref%3Dd_pd_vtp_sccl_2_1%2F257-3970733-3249954%3Fpd_rd_w%3D9CyFB%26content-id%3Damzn1.sym.6e78e85a-27dd-4c31-8467-9a3e7881199e%26pf_rd_p%3D6e78e85a-27dd-4c31-8467-9a3e7881199e%26pf_rd_r%3D6W92EGF6EE3GKHY80H9F%26pd_rd_wg%3DJn0Ma%26pd_rd_r%3Dcfad9932-2a39-403f-9b9b-9d7a12b404a9%26pd_rd_i%3DB007X183W6%26psc%3D1&amp;category=belleza\">35,25 euros<\/a>.<\/p>\n<p><!-- BREAK 34 --><!-- PIVOT START --><\/p>\n<div class=\"pivot-ecommerce-container\">\n<div class=\"pivot-ecommerce\" readability=\"4.0740740740741\">\n<div class=\"pivot-ecommerce-figure\"> <a href=\"https:\/\/www.trendencias.com\/redirect?url=https%3A%2F%2Fwww.amazon.es%2FCepillo-Titanium-Turmalina-BAB289TTE-Babyliss%2Fdp%2FB007X183W6%2Fref%3Dd_pd_vtp_sccl_2_1%2F257-3970733-3249954&amp;category=belleza&amp;pivot=1\"> <img alt=\"Cepillo T\u00e9rmico Titanium Turmalina 18 mm Babyliss Pro\" src=\"http:\/\/hoycordobaweb.com\/wp-content\/uploads\/2022\/08\/como-llevar-un-flequillo-cortina-13-ideas-y-consejos-para-cortarlo-y-peinarlo-15.jpg\"> <\/a> <\/div>\n<div class=\"pivot-ecommerce-summary\" readability=\"4.7530864197531\">\n<p class=\"pivot-ecommerce-desc\">Cepillo T\u00e9rmico Titanium Turmalina 18 mm Babyliss Pro<\/p>\n<\/p><\/div><\/div>\n<\/div>\n<p><!-- PIVOT END --><\/p>\n<div class=\"article-asset-image article-asset-normal article-asset-center\">\n<div class=\"asset-content\">\n<div class=\"base-wrapper-image\"> <img class=\"sf-lazy centro_sinmarco\" data-sf-srcset=\"http:\/\/hoycordobaweb.com\/wp-content\/uploads\/2022\/08\/como-llevar-un-flequillo-cortina-13-ideas-y-consejos-para-cortarlo-y-peinarlo-6.png 450w, http:\/\/hoycordobaweb.com\/wp-content\/uploads\/2022\/08\/como-llevar-un-flequillo-cortina-13-ideas-y-consejos-para-cortarlo-y-peinarlo-13.png 681w,http:\/\/hoycordobaweb.com\/wp-content\/uploads\/2022\/08\/como-llevar-un-flequillo-cortina-13-ideas-y-consejos-para-cortarlo-y-peinarlo-14.png 1024w, http:\/\/hoycordobaweb.com\/wp-content\/uploads\/2022\/08\/como-llevar-un-flequillo-cortina-13-ideas-y-consejos-para-cortarlo-y-peinarlo-15.png 1366w,\" data-sf-src=\"http:\/\/hoycordobaweb.com\/wp-content\/uploads\/2022\/08\/como-llevar-un-flequillo-cortina-13-ideas-y-consejos-para-cortarlo-y-peinarlo-6.png\" alt=\"pelo\"> <noscript><img alt=\"pelo\" class=\"centro_sinmarco\" src=\"http:\/\/hoycordobaweb.com\/wp-content\/uploads\/2022\/08\/como-llevar-un-flequillo-cortina-13-ideas-y-consejos-para-cortarlo-y-peinarlo-6.png\"><\/noscript> <\/div><\/div>\n<\/div>\n<p>&#8211;<strong>Bumble and bumble Styling Cr\u00e8me<\/strong>, este producto se puede usar sobre pelo seco o mojado. Su fijaci\u00f3n adem\u00e1s de buena, aporta cuerpo &nbsp;y flexibilidad al pelo. Precio <a class=\"js-ecommerce\" href=\"https:\/\/www.trendencias.com\/redirect?url=https%3A%2F%2Fwww.lookfantastic.es%2Fbumble-and-bumble-styling-creme-250ml%2F10305672.html%3Faffil%3Dthggpsad%26switchcurrency%3DEUR%26shippingcountry%3DES%26shoppingpid%3Dsitewide_code_050118%26affil%3Dthggpsad%26gclid%3DCj0KCQjwjbyYBhCdARIsAArC6LL6c0uMuvg5l9MkyMaQWaXRO-KBJ1tFckqDUfSvQODPIlp6qGuRjtEaAthcEALw_wcB%26gclsrc%3Daw.ds&amp;category=belleza\" data-vars-affiliate-url=\"https:\/\/www.trendencias.com\/redirect?url=https%3A%2F%2Fwww.lookfantastic.es%2Fbumble-and-bumble-styling-creme-250ml%2F10305672.html%3Faffil%3Dthggpsad%26switchcurrency%3DEUR%26shippingcountry%3DES%26shoppingpid%3Dsitewide_code_050118%26affil%3Dthggpsad%26gclid%3DCj0KCQjwjbyYBhCdARIsAArC6LL6c0uMuvg5l9MkyMaQWaXRO-KBJ1tFckqDUfSvQODPIlp6qGuRjtEaAthcEALw_wcB%26gclsrc%3Daw.ds&amp;category=belleza\">24,30 euros<\/a>.<\/p>\n<p><!-- BREAK 35 --><!-- PIVOT START --><\/p>\n<div class=\"pivot-ecommerce-container\">\n<div class=\"pivot-ecommerce\" readability=\"2.8571428571429\">\n<div class=\"pivot-ecommerce-figure\"> <a href=\"https:\/\/www.trendencias.com\/redirect?url=https%3A%2F%2Fwww.lookfantastic.es%2Fbumble-and-bumble-styling-creme-250ml%2F10305672.html&amp;category=belleza&amp;pivot=1\"> <img alt=\"Crema de peinado Bumble and bumble Styling Creme\" src=\"http:\/\/hoycordobaweb.com\/wp-content\/uploads\/2022\/08\/como-llevar-un-flequillo-cortina-13-ideas-y-consejos-para-cortarlo-y-peinarlo-7.png\"> <\/a> <\/div>\n<div class=\"pivot-ecommerce-summary\" readability=\"3.3333333333333\">\n<p class=\"pivot-ecommerce-desc\">Crema de peinado Bumble and bumble Styling Creme<\/p>\n<\/p><\/div><\/div>\n<\/div>\n<p><!-- PIVOT END --><\/p>\n<div class=\"article-asset-image article-asset-normal article-asset-center\">\n<div class=\"asset-content\">\n<div class=\"base-wrapper-image\"> <img class=\"sf-lazy centro_sinmarco\" data-sf-srcset=\"http:\/\/hoycordobaweb.com\/wp-content\/uploads\/2022\/08\/como-llevar-un-flequillo-cortina-13-ideas-y-consejos-para-cortarlo-y-peinarlo-8.png 450w, http:\/\/hoycordobaweb.com\/wp-content\/uploads\/2022\/08\/como-llevar-un-flequillo-cortina-13-ideas-y-consejos-para-cortarlo-y-peinarlo-16.png 681w,http:\/\/hoycordobaweb.com\/wp-content\/uploads\/2022\/08\/como-llevar-un-flequillo-cortina-13-ideas-y-consejos-para-cortarlo-y-peinarlo-17.png 1024w, http:\/\/hoycordobaweb.com\/wp-content\/uploads\/2022\/08\/como-llevar-un-flequillo-cortina-13-ideas-y-consejos-para-cortarlo-y-peinarlo-18.png 1366w,\" data-sf-src=\"http:\/\/hoycordobaweb.com\/wp-content\/uploads\/2022\/08\/como-llevar-un-flequillo-cortina-13-ideas-y-consejos-para-cortarlo-y-peinarlo-8.png\" alt=\"pelo\"> <noscript><img alt=\"pelo\" class=\"centro_sinmarco\" src=\"http:\/\/hoycordobaweb.com\/wp-content\/uploads\/2022\/08\/como-llevar-un-flequillo-cortina-13-ideas-y-consejos-para-cortarlo-y-peinarlo-8.png\"><\/noscript> <\/div><\/div>\n<\/div>\n<p>&#8211;<strong>Full Thickening Cream Living Proof<\/strong>, crema ligera que logra que el pelo est\u00e9 con m\u00e1s cuerpo y gruso, aportando volumen y manejabilidad al cabello. Precio <a class=\"js-ecommerce\" href=\"https:\/\/www.trendencias.com\/redirect?url=https%3A%2F%2Fwww.sephora.es%2Fp%2Ffull-thickening-cream---crema-de-peinado-ligera-213729.html%3Fgclid%3DCj0KCQjwjbyYBhCdARIsAArC6LKFOCtPvQpdYZnpFqPPIbdPANfsDhkmVDklnk4dxPiow_A1vK_HQPsaAiFbEALw_wcB&amp;category=belleza\" data-vars-affiliate-url=\"https:\/\/www.trendencias.com\/redirect?url=https%3A%2F%2Fwww.sephora.es%2Fp%2Ffull-thickening-cream---crema-de-peinado-ligera-213729.html%3Fgclid%3DCj0KCQjwjbyYBhCdARIsAArC6LKFOCtPvQpdYZnpFqPPIbdPANfsDhkmVDklnk4dxPiow_A1vK_HQPsaAiFbEALw_wcB&amp;category=belleza\">26,99 euros<\/a>.<\/p>\n<p><!-- BREAK 36 --><!-- PIVOT START --><\/p>\n<div class=\"pivot-ecommerce-container\">\n<div class=\"pivot-ecommerce\" readability=\"3.6206896551724\">\n<div class=\"pivot-ecommerce-figure\"> <a href=\"https:\/\/www.trendencias.com\/redirect?url=https%3A%2F%2Fwww.sephora.es%2Fp%2Ffull-thickening-cream---crema-de-peinado-ligera-213729.html&amp;category=belleza&amp;pivot=1\"> <img alt=\"Full Thickening Cream Living Proof\" src=\"http:\/\/hoycordobaweb.com\/wp-content\/uploads\/2022\/08\/como-llevar-un-flequillo-cortina-13-ideas-y-consejos-para-cortarlo-y-peinarlo-9.png\"> <\/a> <\/div>\n<div class=\"pivot-ecommerce-summary\" readability=\"4.2241379310345\">\n<p class=\"pivot-ecommerce-desc\">Full Thickening Cream Living Proof<\/p>\n<\/p><\/div><\/div>\n<\/div>\n<p><!-- PIVOT END --><\/p>\n<div class=\"article-asset-image article-asset-normal article-asset-center\">\n<div class=\"asset-content\">\n<div class=\"base-wrapper-image\"> <img class=\"sf-lazy centro_sinmarco\" data-sf-srcset=\"http:\/\/hoycordobaweb.com\/wp-content\/uploads\/2022\/08\/como-llevar-un-flequillo-cortina-13-ideas-y-consejos-para-cortarlo-y-peinarlo-16.jpg 450w, http:\/\/hoycordobaweb.com\/wp-content\/uploads\/2022\/08\/como-llevar-un-flequillo-cortina-13-ideas-y-consejos-para-cortarlo-y-peinarlo-49.jpg 681w,http:\/\/hoycordobaweb.com\/wp-content\/uploads\/2022\/08\/como-llevar-un-flequillo-cortina-13-ideas-y-consejos-para-cortarlo-y-peinarlo-50.jpg 1024w, http:\/\/hoycordobaweb.com\/wp-content\/uploads\/2022\/08\/como-llevar-un-flequillo-cortina-13-ideas-y-consejos-para-cortarlo-y-peinarlo-51.jpg 1366w,\" data-sf-src=\"http:\/\/hoycordobaweb.com\/wp-content\/uploads\/2022\/08\/como-llevar-un-flequillo-cortina-13-ideas-y-consejos-para-cortarlo-y-peinarlo-16.jpg\" alt=\"Crema Hidratante De Peinado\"> <noscript><img alt=\"Crema Hidratante De Peinado\" class=\"centro_sinmarco\" src=\"http:\/\/hoycordobaweb.com\/wp-content\/uploads\/2022\/08\/como-llevar-un-flequillo-cortina-13-ideas-y-consejos-para-cortarlo-y-peinarlo-16.jpg\"><\/noscript> <\/div><\/div>\n<\/div>\n<p>&#8211;<strong>Crema Hidratante de Peinado Moroccanoil<\/strong>, cremapara peinar e hidratar el pelo encrespado y controlar la direcci\u00f3n del pelo. Un producto perfecto para trabajar con secador y refrescar los peinados. Precio <a class=\"js-ecommerce\" href=\"https:\/\/www.trendencias.com\/redirect?url=https%3A%2F%2Fwww.primor.eu%2Fmoroccanoil%2F62211-crema-hidratante-de-peinado.html%3Fgclid%3DCj0KCQjwjbyYBhCdARIsAArC6LIfFdvR-G9zSFYU1llu3RYYiF9Nkl6xO_DBeoY6zdYsun6IMV1P2HAaAoqtEALw_wcB%23%2Fvolumen-300_ml&amp;category=belleza\" data-vars-affiliate-url=\"https:\/\/www.trendencias.com\/redirect?url=https%3A%2F%2Fwww.primor.eu%2Fmoroccanoil%2F62211-crema-hidratante-de-peinado.html%3Fgclid%3DCj0KCQjwjbyYBhCdARIsAArC6LIfFdvR-G9zSFYU1llu3RYYiF9Nkl6xO_DBeoY6zdYsun6IMV1P2HAaAoqtEALw_wcB%23%2Fvolumen-300_ml&amp;category=belleza\">26,79 euros<\/a>.<\/p>\n<p><!-- BREAK 37 --><!-- PIVOT START --><\/p>\n<div class=\"pivot-ecommerce-container\">\n<div class=\"pivot-ecommerce\" readability=\"2.9285714285714\">\n<div class=\"pivot-ecommerce-figure\"> <a href=\"https:\/\/www.trendencias.com\/redirect?url=https%3A%2F%2Fwww.primor.eu%2Fmoroccanoil%2F62211-crema-hidratante-de-peinado.html&amp;category=belleza&amp;pivot=1\"> <img alt=\"MOROCCANOIL Crema Hidratante de Peinado\" src=\"http:\/\/hoycordobaweb.com\/wp-content\/uploads\/2022\/08\/como-llevar-un-flequillo-cortina-13-ideas-y-consejos-para-cortarlo-y-peinarlo-17.jpg\"> <\/a> <\/div>\n<div class=\"pivot-ecommerce-summary\" readability=\"3.4166666666667\">\n<p class=\"pivot-ecommerce-desc\">MOROCCANOIL Crema Hidratante de Peinado<\/p>\n<\/p><\/div><\/div>\n<\/div>\n<p><!-- PIVOT END --><\/p>\n<p><em>Algunos de los enlaces de este art\u00edculo son afiliados y pueden reportar un beneficio a Trendencias.<\/em><\/p>\n<p><!-- BREAK 38 --><\/p>\n<p>Fotos | Gtres, <a href=\"https:\/\/www.instagram.com\/chrisappleton1\/\">@chrisappleton1<\/a>, <a href=\"https:\/\/www.instagram.com\/johnnyramirez\/?utm_source=ig_embed&amp;ig_rid=16b4eb39-0860-4daf-b8b0-1b08f58541ed\">@johnnyramirez<\/a>, <a href=\"https:\/\/www.instagram.com\/saracarbonero\/?utm_source=ig_embed&amp;ig_rid=c3828cc6-4e25-496d-a83a-bb3ed59ef468\">@saracarbonero<\/a>, <a href=\"https:\/\/www.instagram.com\/prunepauchet\/?utm_source=ig_embed&amp;ig_rid=9c231d25-e616-4950-83ad-2d34ebd0be0d\">@prunepauchet<\/a>, <a href=\"https:\/\/www.instagram.com\/llonguerasoficial\/?utm_source=ig_embed&amp;ig_rid=da41e3ea-eaa1-4550-8300-d9798482fb10\">@llonguerasoficial<\/a>, <a href=\"https:\/\/www.instagram.com\/dannapaola\/?utm_source=ig_embed&amp;ig_rid=40474117-8627-4e69-b983-88974e618aab\">@dannapaola<\/a><\/p>\n<p><!-- BREAK 39 --> <\/p>\n","protected":false},"excerpt":{"rendered":"<p>Cuando pensamos en un cambio de look, una de las opciones que m\u00e1s nos gusta para refrescar nuestra imagen y darle un nuevo rollo al cabello, es sin duda apostar por un flequillo. En la actualidad, los flequillos est\u00e1n m\u00e1s de moda que nunca, y encontramos estilos para todos los gustos y tipos de rostro. [&hellip;]<\/p>\n","protected":false},"author":1,"featured_media":47718,"comment_status":"closed","ping_status":"closed","sticky":false,"template":"","format":"standard","meta":[],"categories":[1],"tags":[],"_links":{"self":[{"href":"http:\/\/hoycordobaweb.com\/index.php\/wp-json\/wp\/v2\/posts\/47717"}],"collection":[{"href":"http:\/\/hoycordobaweb.com\/index.php\/wp-json\/wp\/v2\/posts"}],"about":[{"href":"http:\/\/hoycordobaweb.com\/index.php\/wp-json\/wp\/v2\/types\/post"}],"author":[{"embeddable":true,"href":"http:\/\/hoycordobaweb.com\/index.php\/wp-json\/wp\/v2\/users\/1"}],"replies":[{"embeddable":true,"href":"http:\/\/hoycordobaweb.com\/index.php\/wp-json\/wp\/v2\/comments?post=47717"}],"version-history":[{"count":0,"href":"http:\/\/hoycordobaweb.com\/index.php\/wp-json\/wp\/v2\/posts\/47717\/revisions"}],"wp:featuredmedia":[{"embeddable":true,"href":"http:\/\/hoycordobaweb.com\/index.php\/wp-json\/wp\/v2\/media\/47718"}],"wp:attachment":[{"href":"http:\/\/hoycordobaweb.com\/index.php\/wp-json\/wp\/v2\/media?parent=47717"}],"wp:term":[{"taxonomy":"category","embeddable":true,"href":"http:\/\/hoycordobaweb.com\/index.php\/wp-json\/wp\/v2\/categories?post=47717"},{"taxonomy":"post_tag","embeddable":true,"href":"http:\/\/hoycordobaweb.com\/index.php\/wp-json\/wp\/v2\/tags?post=47717"}],"curies":[{"name":"wp","href":"https:\/\/api.w.org\/{rel}","templated":true}]}}