{"id":47666,"date":"2022-08-30T17:38:04","date_gmt":"2022-08-30T17:38:04","guid":{"rendered":"https:\/\/www.trendencias.com\/moda-famosas\/paula-echevarria-estrena-su-vestido-versatil-diseno-invitada-ideal-tambien-perfecto-para-dia-a-dia"},"modified":"2022-08-30T17:38:04","modified_gmt":"2022-08-30T17:38:04","slug":"paula-echevarria-estrena-su-vestido-mas-versatil-un-diseno-de-invitada-ideal-y-tambien-perfecto-para-el-dia-a-dia","status":"publish","type":"post","link":"http:\/\/hoycordobaweb.com\/index.php\/2022\/08\/30\/paula-echevarria-estrena-su-vestido-mas-versatil-un-diseno-de-invitada-ideal-y-tambien-perfecto-para-el-dia-a-dia\/","title":{"rendered":"Paula Echevarr\u00eda estrena su vestido m\u00e1s vers\u00e1til: un dise\u00f1o de invitada ideal y tambi\u00e9n perfecto para el d\u00eda a d\u00eda"},"content":{"rendered":"<p><strong>Paula Echevarr\u00eda<\/strong> nos sigue <a href=\"https:\/\/www.trendencias.com\/moda-famosas\/paula-echevarria-se-ha-obsesionado-este-cinturon-stradivarius-lleno-brilli-brilli\">deleitando con sus nuevos <em>looks<\/em> de verano. <\/a>La actriz nos sigue deleitando con su amplio vestidor de verano con prendas de tendencia ideales, y su \u00faltimo <em>outfit<\/em> viene cargado de color.<\/p>\n<p><!-- BREAK 1 --><\/p>\n<p><a href=\"https:\/\/www.trendencias.com\/tag\/paula-echevarria\">Paula<\/a> nos inspira cada d\u00eda con sus propuestas, siempre ideales, y sus acertadas combinaciones. El vestido es su prenda estrella, y esta temporada los ha lucido en una gran variedad de estampados, colores y estilos, como el de su \u00faltimo look, un dise\u00f1o ideal que adem\u00e1s es de firma espa\u00f1ola.<\/p>\n<p><!-- BREAK 2 --> <\/p>\n<div class=\"article-asset article-asset-normal article-asset-center\">\n<div class=\"desvio-container\">\n<div class=\"desvio\">\n<div class=\"desvio-figure js-desvio-figure\"> <a href=\"https:\/\/www.trendencias.com\/moda-famosas\/paula-echevarria-demuestra-nuevo-que-estampado-leopardo-ha-vuelto\"> <img alt=\"Paula Echevarr\u00eda demuestra (de nuevo) que el estampado de leopardo ha vuelto \" src=\"http:\/\/hoycordobaweb.com\/wp-content\/uploads\/2022\/08\/paula-echevarria-estrena-su-vestido-mas-versatil-un-diseno-de-invitada-ideal-y-tambien-perfecto-para-el-dia-a-dia.jpg\"> <\/a> <\/div><\/div><\/div>\n<\/div>\n<div class=\"article-asset-image article-asset-normal article-asset-center\">\n<div class=\"asset-content\">\n<div class=\"base-wrapper-image\"> <img class=\"sf-lazy centro_sinmarco\" data-sf-srcset=\"http:\/\/hoycordobaweb.com\/wp-content\/uploads\/2022\/08\/paula-echevarria-estrena-su-vestido-mas-versatil-un-diseno-de-invitada-ideal-y-tambien-perfecto-para-el-dia-a-dia-1.jpg 450w, http:\/\/hoycordobaweb.com\/wp-content\/uploads\/2022\/08\/paula-echevarria-estrena-su-vestido-mas-versatil-un-diseno-de-invitada-ideal-y-tambien-perfecto-para-el-dia-a-dia-5.jpg 681w,http:\/\/hoycordobaweb.com\/wp-content\/uploads\/2022\/08\/paula-echevarria-estrena-su-vestido-mas-versatil-un-diseno-de-invitada-ideal-y-tambien-perfecto-para-el-dia-a-dia-6.jpg 1024w, http:\/\/hoycordobaweb.com\/wp-content\/uploads\/2022\/08\/paula-echevarria-estrena-su-vestido-mas-versatil-un-diseno-de-invitada-ideal-y-tambien-perfecto-para-el-dia-a-dia-7.jpg 1366w,\" data-sf-src=\"http:\/\/hoycordobaweb.com\/wp-content\/uploads\/2022\/08\/paula-echevarria-estrena-su-vestido-mas-versatil-un-diseno-de-invitada-ideal-y-tambien-perfecto-para-el-dia-a-dia-1.jpg\" alt=\"Paula Echevarria\"> <noscript><img alt=\"Paula Echevarria\" class=\"centro_sinmarco\" src=\"http:\/\/hoycordobaweb.com\/wp-content\/uploads\/2022\/08\/paula-echevarria-estrena-su-vestido-mas-versatil-un-diseno-de-invitada-ideal-y-tambien-perfecto-para-el-dia-a-dia-1.jpg\"><\/noscript> <\/div><\/div>\n<\/div>\n<p>La<em> it girl <\/em>est\u00e1 terminado sus vacaciones estivales y pasando unos d\u00edas en familia en el Norte. Para su visita a Gij\u00f3n ha apostado por un veraniego vestido a todo color de una de las firmas favoritas de <em>celebrities<\/em> como Olivia Palermo o Gizele Oliveira. Un dise\u00f1o que puedes lucir en el d\u00eda a d\u00eda pero tambi\u00e9n en una ocasi\u00f3n especial. S\u00f3lo tienes que cambiarle los complementos.<\/p>\n<p><!-- BREAK 3 --><\/p>\n<div class=\"article-asset-image article-asset-normal article-asset-center\">\n<div class=\"asset-content\">\n<div class=\"base-wrapper-image\"> <img class=\"sf-lazy centro_sinmarco\" data-sf-srcset=\"http:\/\/hoycordobaweb.com\/wp-content\/uploads\/2022\/08\/paula-echevarria-estrena-su-vestido-mas-versatil-un-diseno-de-invitada-ideal-y-tambien-perfecto-para-el-dia-a-dia-2.jpg 450w, http:\/\/hoycordobaweb.com\/wp-content\/uploads\/2022\/08\/paula-echevarria-estrena-su-vestido-mas-versatil-un-diseno-de-invitada-ideal-y-tambien-perfecto-para-el-dia-a-dia-8.jpg 681w,http:\/\/hoycordobaweb.com\/wp-content\/uploads\/2022\/08\/paula-echevarria-estrena-su-vestido-mas-versatil-un-diseno-de-invitada-ideal-y-tambien-perfecto-para-el-dia-a-dia-9.jpg 1024w, http:\/\/hoycordobaweb.com\/wp-content\/uploads\/2022\/08\/paula-echevarria-estrena-su-vestido-mas-versatil-un-diseno-de-invitada-ideal-y-tambien-perfecto-para-el-dia-a-dia-10.jpg 1366w,\" data-sf-src=\"http:\/\/hoycordobaweb.com\/wp-content\/uploads\/2022\/08\/paula-echevarria-estrena-su-vestido-mas-versatil-un-diseno-de-invitada-ideal-y-tambien-perfecto-para-el-dia-a-dia-2.jpg\" alt=\"Paula Echevarria\"> <noscript><img alt=\"Paula Echevarria\" class=\"centro_sinmarco\" src=\"http:\/\/hoycordobaweb.com\/wp-content\/uploads\/2022\/08\/paula-echevarria-estrena-su-vestido-mas-versatil-un-diseno-de-invitada-ideal-y-tambien-perfecto-para-el-dia-a-dia-2.jpg\"><\/noscript> <\/div><\/div>\n<\/div>\n<p>La actriz, que tiene un vestidor envidiable, nos ha encantado con su nuevo vestido <em>midi<\/em> camisero en favorecedores colores. Un dise\u00f1o por debajo de la rodilla, abotonado y ce\u00f1ido con un cintur\u00f3n estampado a juego con el que crea un ajuste perfecto en la silueta femenina, y que contrasta as\u00ed con el volumen de su falda, cargada de volantes. Ideal el detalle del cuello en rosa empolvado y el abullonado de la mangas.<\/p>\n<p><!-- BREAK 4 --><\/p>\n<p>Se trata del modelo <em>Rosalinda<\/em> de la firma <em>slow fashion<\/em> <strong>Celia B<\/strong>, un vestido confeccionado en algod\u00f3n que pertenece a su colecci\u00f3n actual de verano. Su precio es de <a href=\"https:\/\/www.celiab.com\/product-page\/rosalinda-dress?currency=EUR\">440,70 euros.<\/a><\/p>\n<p><!-- BREAK 5 --><\/p>\n<div class=\"article-asset-image article-asset-normal article-asset-center\">\n<div class=\"asset-content\">\n<div class=\"base-wrapper-image\"> <img class=\"sf-lazy centro_sinmarco\" data-sf-srcset=\"http:\/\/hoycordobaweb.com\/wp-content\/uploads\/2022\/08\/paula-echevarria-estrena-su-vestido-mas-versatil-un-diseno-de-invitada-ideal-y-tambien-perfecto-para-el-dia-a-dia-3.jpg 450w, http:\/\/hoycordobaweb.com\/wp-content\/uploads\/2022\/08\/paula-echevarria-estrena-su-vestido-mas-versatil-un-diseno-de-invitada-ideal-y-tambien-perfecto-para-el-dia-a-dia-11.jpg 681w,http:\/\/hoycordobaweb.com\/wp-content\/uploads\/2022\/08\/paula-echevarria-estrena-su-vestido-mas-versatil-un-diseno-de-invitada-ideal-y-tambien-perfecto-para-el-dia-a-dia-12.jpg 1024w, http:\/\/hoycordobaweb.com\/wp-content\/uploads\/2022\/08\/paula-echevarria-estrena-su-vestido-mas-versatil-un-diseno-de-invitada-ideal-y-tambien-perfecto-para-el-dia-a-dia-13.jpg 1366w,\" data-sf-src=\"http:\/\/hoycordobaweb.com\/wp-content\/uploads\/2022\/08\/paula-echevarria-estrena-su-vestido-mas-versatil-un-diseno-de-invitada-ideal-y-tambien-perfecto-para-el-dia-a-dia-3.jpg\" alt=\"Paula Echevarria\"> <noscript><img alt=\"Paula Echevarria\" class=\"centro_sinmarco\" src=\"http:\/\/hoycordobaweb.com\/wp-content\/uploads\/2022\/08\/paula-echevarria-estrena-su-vestido-mas-versatil-un-diseno-de-invitada-ideal-y-tambien-perfecto-para-el-dia-a-dia-3.jpg\"><\/noscript> <\/div><\/div>\n<\/div>\n<p>La actriz lo ha combinado sandalias planas marrones con hebilla dorada de <strong>Dior, <\/strong>un modelo que no pasa de moda, y gafas de sol <strong>Hawkers <\/strong>de su propia colecci\u00f3n.<\/p>\n<p><!-- BREAK 6 --><\/p>\n<div class=\"article-asset-image article-asset-normal article-asset-center\">\n<div class=\"asset-content\">\n<div class=\"base-wrapper-image\"> <img class=\"sf-lazy centro_sinmarco\" data-sf-srcset=\"http:\/\/hoycordobaweb.com\/wp-content\/uploads\/2022\/08\/paula-echevarria-estrena-su-vestido-mas-versatil-un-diseno-de-invitada-ideal-y-tambien-perfecto-para-el-dia-a-dia-4.jpg 450w, http:\/\/hoycordobaweb.com\/wp-content\/uploads\/2022\/08\/paula-echevarria-estrena-su-vestido-mas-versatil-un-diseno-de-invitada-ideal-y-tambien-perfecto-para-el-dia-a-dia-14.jpg 681w,http:\/\/hoycordobaweb.com\/wp-content\/uploads\/2022\/08\/paula-echevarria-estrena-su-vestido-mas-versatil-un-diseno-de-invitada-ideal-y-tambien-perfecto-para-el-dia-a-dia-15.jpg 1024w, http:\/\/hoycordobaweb.com\/wp-content\/uploads\/2022\/08\/paula-echevarria-estrena-su-vestido-mas-versatil-un-diseno-de-invitada-ideal-y-tambien-perfecto-para-el-dia-a-dia-16.jpg 1366w,\" data-sf-src=\"http:\/\/hoycordobaweb.com\/wp-content\/uploads\/2022\/08\/paula-echevarria-estrena-su-vestido-mas-versatil-un-diseno-de-invitada-ideal-y-tambien-perfecto-para-el-dia-a-dia-4.jpg\" alt=\"vestido de colores\"> <noscript><img alt=\"vestido de colores\" class=\"centro_sinmarco\" src=\"http:\/\/hoycordobaweb.com\/wp-content\/uploads\/2022\/08\/paula-echevarria-estrena-su-vestido-mas-versatil-un-diseno-de-invitada-ideal-y-tambien-perfecto-para-el-dia-a-dia-4.jpg\"><\/noscript> <\/div><\/div>\n<\/div>\n<p>Fotos | @pau_eche, Celia B<\/p>\n","protected":false},"excerpt":{"rendered":"<p>Paula Echevarr\u00eda nos sigue deleitando con sus nuevos looks de verano. La actriz nos sigue deleitando con su amplio vestidor de verano con prendas de tendencia ideales, y su \u00faltimo outfit viene cargado de color. Paula nos inspira cada d\u00eda con sus propuestas, siempre ideales, y sus acertadas combinaciones. El vestido es su prenda estrella, [&hellip;]<\/p>\n","protected":false},"author":1,"featured_media":47667,"comment_status":"closed","ping_status":"closed","sticky":false,"template":"","format":"standard","meta":[],"categories":[1],"tags":[],"_links":{"self":[{"href":"http:\/\/hoycordobaweb.com\/index.php\/wp-json\/wp\/v2\/posts\/47666"}],"collection":[{"href":"http:\/\/hoycordobaweb.com\/index.php\/wp-json\/wp\/v2\/posts"}],"about":[{"href":"http:\/\/hoycordobaweb.com\/index.php\/wp-json\/wp\/v2\/types\/post"}],"author":[{"embeddable":true,"href":"http:\/\/hoycordobaweb.com\/index.php\/wp-json\/wp\/v2\/users\/1"}],"replies":[{"embeddable":true,"href":"http:\/\/hoycordobaweb.com\/index.php\/wp-json\/wp\/v2\/comments?post=47666"}],"version-history":[{"count":0,"href":"http:\/\/hoycordobaweb.com\/index.php\/wp-json\/wp\/v2\/posts\/47666\/revisions"}],"wp:featuredmedia":[{"embeddable":true,"href":"http:\/\/hoycordobaweb.com\/index.php\/wp-json\/wp\/v2\/media\/47667"}],"wp:attachment":[{"href":"http:\/\/hoycordobaweb.com\/index.php\/wp-json\/wp\/v2\/media?parent=47666"}],"wp:term":[{"taxonomy":"category","embeddable":true,"href":"http:\/\/hoycordobaweb.com\/index.php\/wp-json\/wp\/v2\/categories?post=47666"},{"taxonomy":"post_tag","embeddable":true,"href":"http:\/\/hoycordobaweb.com\/index.php\/wp-json\/wp\/v2\/tags?post=47666"}],"curies":[{"name":"wp","href":"https:\/\/api.w.org\/{rel}","templated":true}]}}